{"id":144967,"date":"2025-06-01T21:49:16","date_gmt":"2025-06-01T21:49:16","guid":{"rendered":"https:\/\/www.europesays.com\/fr\/144967\/"},"modified":"2025-06-01T21:49:16","modified_gmt":"2025-06-01T21:49:16","slug":"comment-alex-marquez-espere-maintenir-lespoir-face-a-son-frere","status":"publish","type":"post","link":"https:\/\/www.europesays.com\/fr\/144967\/","title":{"rendered":"Comment \u00c1lex M\u00e1rquez esp\u00e8re \u00ab\u00a0maintenir l&rsquo;espoir\u00a0\u00bb face \u00e0 son fr\u00e8re"},"content":{"rendered":"<p><a href=\"https:\/\/fr.motorsport.com\/driver\/alex-marquez\/96324\/\" target=\"_blank\" rel=\"noopener\">\u00c1lex M\u00e1rquez<\/a> \u00e9tait probablement le plus fort \u00e0 Silverstone, mais c&rsquo;est encore son fr\u00e8re, <a href=\"https:\/\/fr.motorsport.com\/driver\/marc-marquez\/92646\/\" target=\"_blank\" rel=\"noopener\">Marc M\u00e1rquez<\/a>, qui a r\u00e9alis\u00e9 le meilleur week-end, en prenant deux points de plus sur l&rsquo;ensemble des deux courses. L&rsquo;\u00e9cart entre le sextuple champion du MotoGP et celui qui, depuis le d\u00e9but de la saison, est le plus souvent son plus proche rival, reste assez faible mais \u00c1lex M\u00e1rquez pourra-t-il tenir t\u00eate jusqu&rsquo;au bout\u00a0?<\/p>\n<p>Le GP d&rsquo;Arag\u00f3n semble promis \u00e0 l&rsquo;a\u00een\u00e9, qui avait surclass\u00e9 la concurrence lors des deux courses l&rsquo;an pass\u00e9, pour s&rsquo;offrir ses premiers succ\u00e8s sur la Ducati. D\u00e9sormais sur la machine officielle, il sera plus que jamais favori, mais le plus jeune de la fratrie est pr\u00eat \u00e0 faire le dos rond en attendant des terrains plus favorables.<\/p>\n<p>\u00ab\u00a0Je suis \u00e0 24 points, c&rsquo;est moins d&rsquo;une course alors je suis toujours en lice\u00a0\u00bb, a soulign\u00e9 \u00c1lex M\u00e1rquez sur le site officiel du MotoGP. \u00ab\u00a0Il faut continuer comme \u00e7a. On sait qu&rsquo;on va maintenant \u00e0 Arag\u00f3n, un de ses jardins, disons-le comme \u00e7a, mais j&rsquo;ai aussi r\u00e9ussi \u00e0 y \u00eatre rapide dans le pass\u00e9.\u00a0\u00bb<\/p>\n<p>\u00ab\u00a0On va essayer de se battre, on sait que Marc sera difficile \u00e0 battre l\u00e0-bas, mais il y aura ensuite des courses comme le Mugello et des pistes comme \u00e7a qui me plaisent et o\u00f9, si j&rsquo;ai une opportunit\u00e9 comme [\u00e0 Silverstone], il faudra essayer de ne pas faire d&rsquo;erreur comme celle [du dimanche] et de saisir cette opportunit\u00e9 en rapportant un r\u00e9sultat.\u00a0\u00bb<\/p>\n<p>   <img decoding=\"async\" draggable=\"false\" src=\"https:\/\/www.europesays.com\/fr\/wp-content\/uploads\/2025\/06\/1748814555_130_alex-marquez-gresini-racing.jpg\" alt=\"Alex Marquez, Gresini Racing\" width=\"1200\" height=\"800\" loading=\"lazy\"\/> <\/p>\n<p class=\"title\">\u00c1lex M\u00e1rquez devant son fr\u00e8re \u00e0 Silverstone.<\/p>\n<p class=\"photographer\">Photo de: Gold and Goose Photography \/ LAT Images \/ via Getty Images<\/p>\n<p>Incapable de capitaliser sur l&rsquo;avantage qu&rsquo;il avait pendant les essais \u00e0 Silverstone, \u00c1lex M\u00e1rquez sait qu&rsquo;il devra se montrer irr\u00e9prochable les rares fois o\u00f9 il aura l&rsquo;avantage.\u00a0\u00ab\u00a0Je sais que sur certaines pistes\u00a0\u2013 la majorit\u00e9, disons-le\u00a0\u2013 il sera un cran devant nous\u00a0\u00bb, reconnaissait le pilote Gresini le samedi \u00e0 Silverstone apr\u00e8s avoir mis fin \u00e0 la s\u00e9rie de victoires de son fr\u00e8re lors du sprint.<\/p>\n<p>\u00ab\u00a0Mais le jour o\u00f9 on aura des opportunit\u00e9s, il sera important de les saisir. Ces journ\u00e9es peuvent permettre de maintenir l&rsquo;espoir au championnat. Ce sera tr\u00e8s important d&rsquo;\u00eatre l\u00e0 et de pouvoir r\u00e9duire un peu son avance, en piste et pas seulement gr\u00e2ce \u00e0 des chutes.\u00a0\u00bb<\/p>\n<p>Ne pas g\u00e2cher ces occasions<\/p>\n<p>Dans un discours malgr\u00e9 lui pr\u00e9monitoire de ce qui l&rsquo;attendait le dimanche, \u00c1lex M\u00e1rquez insistait d\u00e8s le samedi sur le besoin de ne pas g\u00e2cher ces occasions o\u00f9 il est le plus fort, en engrangeant autant de points que possible.<\/p>\n<p>\u00ab\u00a0Je suis souvent venu en disant &lsquo;Le maximum sera d&rsquo;\u00eatre deuxi\u00e8me&rsquo;. Pas demain. Le maximum sera d&rsquo;\u00eatre premier ou deuxi\u00e8me. On discute beaucoup, on a une belle opportunit\u00e9, mais on ne peut pas piloter avec trop de confiance, m\u00eame si elle est \u00e9lev\u00e9e. On doit rester calmes et ne pas perdre comme on l&rsquo;a fait au Mans.\u00a0\u00bb\u00a0\u00a0<\/p>\n<p>\u00ab\u00a0Il ne faut pas surpiloter dans ces moments, quand on est tr\u00e8s confiant et qu&rsquo;on se sent tr\u00e8s bien, c&rsquo;est tr\u00e8s important\u00a0\u00bb, ajoutait-il. \u00ab\u00a0C&rsquo;est ce que j&rsquo;ai essay\u00e9 de ne pas faire en course sprint. Juste contr\u00f4ler et mener avec patience.\u00a0\u00bb<\/p>\n<p>   <img decoding=\"async\" draggable=\"false\" src=\"https:\/\/www.europesays.com\/fr\/wp-content\/uploads\/2025\/06\/marc-marquez-ducati-team-franc.jpg\" alt=\"Marc Marquez, Ducati Team, Franco Morbidelli, VR46 Racing Team, Alex Marquez, Gresini Racing\" width=\"1200\" height=\"800\" loading=\"lazy\"\/> <\/p>\n<p class=\"title\">\u00c1lex M\u00e1rquez a \u00e9t\u00e9 devanc\u00e9 par son fr\u00e8re en course principale.<\/p>\n<p class=\"photographer\">Photo de: MotoGP<\/p>\n<p>Le sc\u00e9nario a pourtant produit exactement ce que redoutait le cadet des M\u00e1rquez puisque lors du premier d\u00e9part, il a pris un bon envol mais a chut\u00e9 en abordant le premier virage.<\/p>\n<p>\u00ab\u00a0Ciao !\u00a0\u00bb a-t-il r\u00e9sum\u00e9 le dimanche. \u00ab\u00a0Elle est vraiment partie, pfew ! \u00c7a n&rsquo;a pas \u00e9t\u00e9 une chute \u00e9trange, je sais ce qui s&rsquo;est pass\u00e9. Je suis entr\u00e9 de fa\u00e7on trop optimiste, \u00e7a a \u00e9t\u00e9 mon meilleur d\u00e9part de la saison. J&rsquo;ai essay\u00e9 mais j&rsquo;ai \u00e9t\u00e9 trop optimiste \u00e0 ce moment-l\u00e0 avec le pneu medium \u00e0 l&rsquo;avant, j&rsquo;ai mis trop d&rsquo;angle avec le variateur de hauteur avant activ\u00e9. Le probl\u00e8me, c&rsquo;est qu&rsquo;\u00e0 ce moment-l\u00e0, il faut \u00eatre vraiment agressif sur les freins pour d\u00e9senclencher le device \u00e0 l&rsquo;avant, et j&rsquo;ai alors perdu l&rsquo;avant.\u00a0\u00bb<\/p>\n<p>\u00ab\u00a0Heureusement, il y a eu un drapeau rouge et j&rsquo;ai pu repartir. Mais celui qui a eu le plus de chance aujourd&rsquo;hui, c&rsquo;est Marc, parce que si on avait tous les deux fait 0 aujourd&rsquo;hui, je lui aurais repris trois points au championnat, mais au lieu de \u00e7a j&rsquo;en perds deux.\u00a0\u00bb<\/p>\n<p>\u00c1lex M\u00e1rquez a en effet pu prendre part au deuxi\u00e8me d\u00e9part, sans faire la meilleure op\u00e9ration. Dans une course difficile pour les deux fr\u00e8res, qui ont pay\u00e9 le choix du pneu medium \u00e0 l&rsquo;avant, Marc a r\u00e9ussi \u00e0 prendre la troisi\u00e8me place et \u00e0 creuser un peu plus l&rsquo;\u00e9cart sur \u00c1lex, cinqui\u00e8me \u00e0 l&rsquo;arriv\u00e9e. Une opportunit\u00e9 g\u00e2ch\u00e9e.<\/p>\n<p style=\"text-align: right;\">Avec L\u00e9na Buffa<\/p>\n<p>Lire aussi :<\/p>\n<p>Dans cet article<\/p>\n<p>    Vincent Lalanne-Sicaud\n<\/p>\n<p>    MotoGP\n<\/p>\n<p>    \u00c1lex M\u00e1rquez\n<\/p>\n<p>    Gresini Racing\n<\/p>\n<p>Soyez le premier inform\u00e9 et souscrivez aux alertes mails pour recevoir les infos en temps r\u00e9el<\/p>\n<p>    S&rsquo;abonner aux alertes de news<\/p>\n","protected":false},"excerpt":{"rendered":"\u00c1lex M\u00e1rquez \u00e9tait probablement le plus fort \u00e0 Silverstone, mais c&rsquo;est encore son fr\u00e8re, Marc M\u00e1rquez, qui a&hellip;\n","protected":false},"author":2,"featured_media":144968,"comment_status":"","ping_status":"","sticky":false,"template":"","format":"standard","meta":{"footnotes":""},"categories":[1413],"tags":[1011,27,26452,3452,1457,1456,1458,26453,60,7896],"class_list":{"0":"post-144967","1":"post","2":"type-post","3":"status-publish","4":"format-standard","5":"has-post-thumbnail","7":"category-moto","8":"tag-fr","9":"tag-france","10":"tag-gp-daragu00f3n","11":"tag-gresini-racing","12":"tag-moto","13":"tag-motocycle","14":"tag-motogp","15":"tag-motorland-aragu00f3n","16":"tag-sports","17":"tag-u00c1lex-mu00e1rquez"},"share_on_mastodon":{"url":"https:\/\/pubeurope.com\/@fr\/114610317872232933","error":""},"_links":{"self":[{"href":"https:\/\/www.europesays.com\/fr\/wp-json\/wp\/v2\/posts\/144967","targetHints":{"allow":["GET"]}}],"collection":[{"href":"https:\/\/www.europesays.com\/fr\/wp-json\/wp\/v2\/posts"}],"about":[{"href":"https:\/\/www.europesays.com\/fr\/wp-json\/wp\/v2\/types\/post"}],"author":[{"embeddable":true,"href":"https:\/\/www.europesays.com\/fr\/wp-json\/wp\/v2\/users\/2"}],"replies":[{"embeddable":true,"href":"https:\/\/www.europesays.com\/fr\/wp-json\/wp\/v2\/comments?post=144967"}],"version-history":[{"count":0,"href":"https:\/\/www.europesays.com\/fr\/wp-json\/wp\/v2\/posts\/144967\/revisions"}],"wp:featuredmedia":[{"embeddable":true,"href":"https:\/\/www.europesays.com\/fr\/wp-json\/wp\/v2\/media\/144968"}],"wp:attachment":[{"href":"https:\/\/www.europesays.com\/fr\/wp-json\/wp\/v2\/media?parent=144967"}],"wp:term":[{"taxonomy":"category","embeddable":true,"href":"https:\/\/www.europesays.com\/fr\/wp-json\/wp\/v2\/categories?post=144967"},{"taxonomy":"post_tag","embeddable":true,"href":"https:\/\/www.europesays.com\/fr\/wp-json\/wp\/v2\/tags?post=144967"}],"curies":[{"name":"wp","href":"https:\/\/api.w.org\/{rel}","templated":true}]}}