{"id":144970,"date":"2025-06-01T21:51:11","date_gmt":"2025-06-01T21:51:11","guid":{"rendered":"https:\/\/www.europesays.com\/fr\/144970\/"},"modified":"2025-06-01T21:51:11","modified_gmt":"2025-06-01T21:51:11","slug":"giro-tour-ditalie-simon-yates-ce-giro-2025-cest-lapogee-de-ma-carriere","status":"publish","type":"post","link":"https:\/\/www.europesays.com\/fr\/144970\/","title":{"rendered":"Giro. Tour d&rsquo;Italie &#8211; Simon Yates : \u00abCe Giro 2025&#8230; c&rsquo;est l&rsquo;apog\u00e9e de ma carri\u00e8re\u00bb"},"content":{"rendered":"<p>C&rsquo;est desormais act\u00e9, <strong><a href=\"https:\/\/www.cyclismactu.net\/..\/news-giro-route-tour-d-italie-olav-kooij-21e-etape-simon-yates-remporte-giro-d-italia-88175.html\" rel=\"nofollow noopener\" target=\"_blank\">Simon Yates<\/a> <\/strong>(Team Visma | Lease a Bike) a remport\u00e9 le 108e <strong>Tour d&rsquo;Italie<\/strong>. Le Britannique remporte ainsi son second Grand Tour devant <strong>Isaac Del Toro <\/strong>(UAE Team Emirates XRG) et <strong>Richard Carapaz <\/strong>(EF Education EasyPost). Le leader de la <strong>Team\u00a0Visma | Lease a Bike<\/strong>\u00a0a renvers\u00e9 ses adversaires lors de la terrible 20e \u00e9tape et l&rsquo;ascension du Colle delle Finestre en partant \u00e0 50km de l&rsquo;arriv\u00e9e. Et la victoire d&rsquo;<strong><a href=\"https:\/\/www.cyclismactu.net\/..\/news-giro-route-tour-d-italie-olav-kooij-on-ne-pouvait-pas-esperer-meilleur-week-end-88177.html\" target=\"_blank\" rel=\"nofollow noopener\">Olav Kooij<\/a> <\/strong>lors de la derni\u00e8re \u00e9tape ce dimanche vient parachever ce week-end parfait pour l&rsquo;\u00e9quipe n\u00e9erlandaise.<\/p>\n<p>Vid\u00e9o &#8211; Simon Yates, grand vainqueur de ce Giro d&rsquo;Italia 2025 Lire la suite de l&rsquo;article&#13;<\/p>\n<p>\u00a0<\/p>\n<p>&#13;<br \/>\n\u00ab\u00a0C&rsquo;est vraiment un moment important\u00a0\u00bb&#13;<\/p>\n<p>Apr\u00e8s avoir termin\u00e9 son\u00a0<strong>Tour d&rsquo;Italie, Simon Yates\u00a0<\/strong>a tout de m\u00eame eu du mal \u00e0 r\u00e9aliser ce qu&rsquo;il venait de lui arriver :\u00a0\u00bbJe n&rsquo;arrive toujours pas \u00e0 y croire, c&rsquo;est difficile \u00e0 accepter. C&rsquo;est vraiment un moment tr\u00e8s important dans ma carri\u00e8re. Je suis tr\u00e8s heureux, tr\u00e8s satisfait. Ces trois semaines ont \u00e9t\u00e9 tr\u00e8s difficiles, mais au final, je suis en rose, et la derni\u00e8re \u00e9tape est pour mon co\u00e9quipier Olav Kooij.\u00a0Quel grand moment dans ma carri\u00e8re ! C&rsquo;est l&rsquo;apog\u00e9e de ma carri\u00e8re. J&rsquo;ai connu de grands succ\u00e8s, mais je ne pense pas que rien ne puisse \u00e9galer celui-ci. Je vais certainement le f\u00eater et voir ce qui va suivre.\u00a0\u00bb<\/p>\n<p>&#13;<\/p>\n<p>\u00ab\u00a0Je suis incroyablement fier de toute l&rsquo;\u00e9quipe. J&rsquo;ai r\u00e9ussi \u00e0 terminer, ce furent donc trois semaines incroyables.\u00a0Nous avons discut\u00e9 hier dans l&rsquo;avion pour Rome, mais nous avons d\u00e9cid\u00e9 de nous concentrer sur aujourd&rsquo;hui. Maintenant je me sens diff\u00e9rent. Il n&rsquo;y a rien de plus important que ce sentiment. C&rsquo;est un moment important dans ma carri\u00e8re et nous verrons ce qu&rsquo;il se passera ensuite\u00a0\u00bb, a-t-il conclu.<\/p>\n<p>Tour d&rsquo;Italie &#8211; Classement de la 21\u00e8 \u00e9tape Tour d&rsquo;Italie &#8211; Classement g\u00e9n\u00e9ral<\/p>\n","protected":false},"excerpt":{"rendered":"C&rsquo;est desormais act\u00e9, Simon Yates (Team Visma | Lease a Bike) a remport\u00e9 le 108e Tour d&rsquo;Italie. Le&hellip;\n","protected":false},"author":2,"featured_media":144971,"comment_status":"","ping_status":"","sticky":false,"template":"","format":"standard","meta":{"footnotes":""},"categories":[1411],"tags":[1154,207,1011,27,209,60,3318,208],"class_list":{"0":"post-144970","1":"post","2":"type-post","3":"status-publish","4":"format-standard","5":"has-post-thumbnail","7":"category-cyclisme","8":"tag-cycling","9":"tag-cyclisme","10":"tag-fr","11":"tag-france","12":"tag-route","13":"tag-sports","14":"tag-tour-d","15":"tag-velo"},"share_on_mastodon":{"url":"https:\/\/pubeurope.com\/@fr\/114610325642402795","error":""},"_links":{"self":[{"href":"https:\/\/www.europesays.com\/fr\/wp-json\/wp\/v2\/posts\/144970","targetHints":{"allow":["GET"]}}],"collection":[{"href":"https:\/\/www.europesays.com\/fr\/wp-json\/wp\/v2\/posts"}],"about":[{"href":"https:\/\/www.europesays.com\/fr\/wp-json\/wp\/v2\/types\/post"}],"author":[{"embeddable":true,"href":"https:\/\/www.europesays.com\/fr\/wp-json\/wp\/v2\/users\/2"}],"replies":[{"embeddable":true,"href":"https:\/\/www.europesays.com\/fr\/wp-json\/wp\/v2\/comments?post=144970"}],"version-history":[{"count":0,"href":"https:\/\/www.europesays.com\/fr\/wp-json\/wp\/v2\/posts\/144970\/revisions"}],"wp:featuredmedia":[{"embeddable":true,"href":"https:\/\/www.europesays.com\/fr\/wp-json\/wp\/v2\/media\/144971"}],"wp:attachment":[{"href":"https:\/\/www.europesays.com\/fr\/wp-json\/wp\/v2\/media?parent=144970"}],"wp:term":[{"taxonomy":"category","embeddable":true,"href":"https:\/\/www.europesays.com\/fr\/wp-json\/wp\/v2\/categories?post=144970"},{"taxonomy":"post_tag","embeddable":true,"href":"https:\/\/www.europesays.com\/fr\/wp-json\/wp\/v2\/tags?post=144970"}],"curies":[{"name":"wp","href":"https:\/\/api.w.org\/{rel}","templated":true}]}}