{"id":144973,"date":"2025-06-01T21:53:13","date_gmt":"2025-06-01T21:53:13","guid":{"rendered":"https:\/\/www.europesays.com\/fr\/144973\/"},"modified":"2025-06-01T21:53:13","modified_gmt":"2025-06-01T21:53:13","slug":"mort-a-41-ans-de-lacteur-devin-harjes-boardwalk-empire-daredevil-manifest","status":"publish","type":"post","link":"https:\/\/www.europesays.com\/fr\/144973\/","title":{"rendered":"Mort \u00e0 41 ans de l\u2019acteur Devin Harjes (Boardwalk Empire, Daredevil, Manifest\u2026)"},"content":{"rendered":"<p>L\u2019acteur Devin Harjes, qui avait fait de nombreuses apparitions ces derni\u00e8res ann\u00e9es dans des s\u00e9ries \u00e0 succ\u00e8s comme Boardwalk Empire et Daredevil, est d\u00e9c\u00e9d\u00e9 \u00e0 seulement 41 ans.<\/p>\n<p>Le monde des s\u00e9ries ne cesse de pleurer des disparus cette semaine. Apr\u00e8s l\u2019annonce de la mort de Valerie Mahaffey (<a href=\"https:\/\/www.programme-tv.net\/news\/people\/380100-mort-de-l-actrice-valerie-mahaffey-desperate-housewives-young-sheldon-dead-to-me-les-mots-dechirants-de-son-mari\/\" data-api-deeplink=\"teleloisirs:\/\/news\/380100\" rel=\"nofollow noopener\" target=\"_blank\">Desperate Housewives<\/a>), Ren\u00e9e Victor (<a href=\"https:\/\/www.programme-tv.net\/news\/people\/380135-mort-de-l-actrice-renee-victor-weeds-snowpiercer-urgences-la-cause-de-son-deces-devoilee\/\" data-api-deeplink=\"teleloisirs:\/\/news\/380135\" rel=\"nofollow noopener\" target=\"_blank\">Urgences<\/a>) et Loretta Swit (<a href=\"https:\/\/www.programme-tv.net\/news\/people\/380110-mort-de-loretta-swit-une-des-stars-de-la-serie-culte-mash\/\" data-api-deeplink=\"teleloisirs:\/\/news\/380110\" rel=\"nofollow noopener\" target=\"_blank\">M*A*S*H<\/a>), <a href=\"https:\/\/www.hollywoodreporter.com\/news\/general-news\/devin-harjes-dead-boardwalk-empire-daredevil-1236234594\/?taid=683c4eee803bd60001a777d1&amp;utm_campaign=trueanthem&amp;utm_medium=social&amp;utm_source=twitter\" rel=\"nofollow noopener\" target=\"_blank\">The Hollywood Reporter<\/a> annonce ce dimanche 1er juin celle de <b>Devin Harjes<\/b>. L\u2019acteur, qui avait 41 ans seulement, est d\u00e9c\u00e9d\u00e9 mardi 27 mai \u00e0 l\u2019h\u00f4pital Mount Sina\u00ef West, \u00e0 New York City, des suites d\u2019un cancer dont il avait appris l\u2019existence en f\u00e9vrier. Devin Harjes avait notamment jou\u00e9 dans les s\u00e9ries <a href=\"https:\/\/www.programme-tv.net\/news\/series-tv\/7662-boardwalk-empire-la-serie-de-scorsese-video\/\" data-api-deeplink=\"teleloisirs:\/\/news\/7662\" rel=\"nofollow noopener\" target=\"_blank\">Boardwalk Empire<\/a>, Daredevil ou <a href=\"https:\/\/www.programme-tv.net\/news\/series-tv\/165666-blue-bloods-saison-6-w9-on-en-etait-ou\/\" data-api-deeplink=\"teleloisirs:\/\/news\/165666\" rel=\"nofollow noopener\" target=\"_blank\">Blue Bloods<\/a>. En une quinzaine d\u2019ann\u00e9es, il avait r\u00e9ussi \u00e0 se faire un petit nom dans le monde impitoyable de Hollywood. Ce n\u2019est pourtant pas \u00e0 cela qu\u2019aspirait le jeune Devin Harjes lorsqu\u2019il \u00e9tait jeune. Originaire du Texas, il ne s\u2019\u00e9tait d\u00e9couvert une passion pour la com\u00e9die qu\u2019\u00e0 l\u2019universit\u00e9.<\/p>\n<p>Devin Harjes avait fait ses d\u00e9buts \u00e0 la t\u00e9l\u00e9vision en 2011<\/p>\n<p>Apr\u00e8s avoir emm\u00e9nag\u00e9 \u00e0 New York pour d\u00e9buter sa carri\u00e8re d\u2019acteur, Devin Harjes a d\u2019abord jou\u00e9 dans de petites productions universitaires, des pi\u00e8ces de th\u00e9\u00e2tre et des films ind\u00e9pendants. Mais en 2011, il a eu l\u2019opportunit\u00e9 d\u2019incarner Jack Dempsey le temps de deux \u00e9pisodes dans la s\u00e9rie Boardwalk Empire. La s\u00e9rie, qui se concentre sur l\u2019histoire d\u2019Enoch Johnson, homme politique pendant la Prohibition et qui a re\u00e7u 20 Emmy Awards en cinq saisons, lui a mis le pied \u00e0 l\u2019\u00e9trier. Apr\u00e8s cela, Devin Harjes a eu l\u2019occasion de faire plusieurs apparitions dans d\u2019autres s\u00e9ries \u00e0 succ\u00e8s.<\/p>\n<p>                        Devin Harjes est au g\u00e9n\u00e9rique d\u2019une s\u00e9rie ador\u00e9e des fans sur Netflix<\/p>\n<p>Les fans de s\u00e9ries ont notamment pu voir Devin Harjes dans <a href=\"https:\/\/www.programme-tv.net\/news\/series-tv\/378239-fans-d-orange-is-the-new-black-vous-n-allez-pas-reconnaitre-cette-actrice-dans-cette-nouvelle-serie-a-voir-de-toute-urgence\/\" data-api-deeplink=\"teleloisirs:\/\/news\/378239\" rel=\"nofollow noopener\" target=\"_blank\">Orange is the New Black <\/a>en 2013, mais aussi dans Gotham et Daredevil, des s\u00e9ries Marvel. Tr\u00e8s r\u00e9cemment, il avait incarn\u00e9 Pete Baylor dans <a href=\"https:\/\/www.programme-tv.net\/news\/series-tv\/367853-manifest-que-devient-melissa-roxburgh-depuis-la-fin-de-la-serie\/\" data-api-deeplink=\"teleloisirs:\/\/news\/367853\" rel=\"nofollow noopener\" target=\"_blank\">Manifest<\/a>, un homme accro \u00e0 la drogue qui vivait une situation similaire \u00e0 celle des passagers du vol 828 apr\u00e8s avoir \u00e9t\u00e9 coinc\u00e9 dans la glace pendant 84 jours. On l\u2019avait vu dans 9 \u00e9pisodes au total ; son r\u00f4le le plus r\u00e9current depuis ses d\u00e9buts.<\/p>\n<p>Article \u00e9crit en collaboration avec 6M\u00e9dias<\/p>\n","protected":false},"excerpt":{"rendered":"L\u2019acteur Devin Harjes, qui avait fait de nombreuses apparitions ces derni\u00e8res ann\u00e9es dans des s\u00e9ries \u00e0 succ\u00e8s comme&hellip;\n","protected":false},"author":2,"featured_media":144974,"comment_status":"","ping_status":"","sticky":false,"template":"","format":"standard","meta":{"footnotes":""},"categories":[1359],"tags":[27392,244,58,59,1011,27,27391,27393,18,973],"class_list":{"0":"post-144973","1":"post","2":"type-post","3":"status-publish","4":"format-standard","5":"has-post-thumbnail","7":"category-people","8":"tag-boardwalk-empire","9":"tag-commentaire","10":"tag-divertissement","11":"tag-entertainment","12":"tag-fr","13":"tag-france","14":"tag-manifest","15":"tag-marvel-daredevil","16":"tag-mort","17":"tag-people"},"share_on_mastodon":{"url":"https:\/\/pubeurope.com\/@fr\/114610333824326944","error":""},"_links":{"self":[{"href":"https:\/\/www.europesays.com\/fr\/wp-json\/wp\/v2\/posts\/144973","targetHints":{"allow":["GET"]}}],"collection":[{"href":"https:\/\/www.europesays.com\/fr\/wp-json\/wp\/v2\/posts"}],"about":[{"href":"https:\/\/www.europesays.com\/fr\/wp-json\/wp\/v2\/types\/post"}],"author":[{"embeddable":true,"href":"https:\/\/www.europesays.com\/fr\/wp-json\/wp\/v2\/users\/2"}],"replies":[{"embeddable":true,"href":"https:\/\/www.europesays.com\/fr\/wp-json\/wp\/v2\/comments?post=144973"}],"version-history":[{"count":0,"href":"https:\/\/www.europesays.com\/fr\/wp-json\/wp\/v2\/posts\/144973\/revisions"}],"wp:featuredmedia":[{"embeddable":true,"href":"https:\/\/www.europesays.com\/fr\/wp-json\/wp\/v2\/media\/144974"}],"wp:attachment":[{"href":"https:\/\/www.europesays.com\/fr\/wp-json\/wp\/v2\/media?parent=144973"}],"wp:term":[{"taxonomy":"category","embeddable":true,"href":"https:\/\/www.europesays.com\/fr\/wp-json\/wp\/v2\/categories?post=144973"},{"taxonomy":"post_tag","embeddable":true,"href":"https:\/\/www.europesays.com\/fr\/wp-json\/wp\/v2\/tags?post=144973"}],"curies":[{"name":"wp","href":"https:\/\/api.w.org\/{rel}","templated":true}]}}