{"id":144975,"date":"2025-06-01T21:54:08","date_gmt":"2025-06-01T21:54:08","guid":{"rendered":"https:\/\/www.europesays.com\/fr\/144975\/"},"modified":"2025-06-01T21:54:08","modified_gmt":"2025-06-01T21:54:08","slug":"ils-ont-construit-la-plus-haute-tour-imprimee-en-3d-du-monde-en-pleine-montagne","status":"publish","type":"post","link":"https:\/\/www.europesays.com\/fr\/144975\/","title":{"rendered":"Ils ont construit la plus haute tour imprim\u00e9e en 3D du monde\u2026 en pleine montagne"},"content":{"rendered":"<p>Dans le silence des Alpes suisses, une tour blanche s&rsquo;\u00e9l\u00e8ve, d\u2019apparence moderne et \u00e0 la fois d\u2019une belle simplicit\u00e9 qui d\u00e9tonne quelque peu avec son environnement, attirant l\u2019\u0153il curieux des visiteurs. C\u2019est le village de Mulegns, dans la r\u00e9gion des Grisons, qui a \u00e9t\u00e9 choisi pour accueillir cette structure unique au monde, est-ce un hasard ? Certainement pas !<\/p>\n<p>Haute de plusieurs dizaines de m\u00e8tres, la Tour Blanche &#8211; c&rsquo;est son nom &#8211;\u00a0se trouve \u00eatre actuellement la plus haute du <a href=\"https:\/\/www.futura-sciences.com\/maison\/actualites\/architecture-cette-ville-atypique-plus-grande-monde-ce-nest-pas-tokyo-121975\/\" title=\"Cette ville atypique est la plus grande du monde\u2026 et ce n\u2019est pas Tokyo !\" target=\"_blank\" rel=\"noopener\">monde<\/a> imprim\u00e9e en 3D, un projet architectural et artistique qui ne pouvait pas \u00eatre mis\u00a0de c\u00f4t\u00e9&#8230;<\/p>\n<p>L\u2019origine du projet<\/p>\n<p>La Tour Blanche de Mulegns, ou <a href=\"https:\/\/www.tor-alva.ch\/en\" target=\"_blank\" rel=\"noopener\">Tor Alva<\/a>, a \u00e9t\u00e9 pens\u00e9e d\u00e8s 2021. Elle\u00a0est le fruit d&rsquo;une collaboration entre l&rsquo;\u00c9cole polytechnique f\u00e9d\u00e9rale de Zurich (ou ETH) et la <a href=\"https:\/\/www.futura-sciences.com\/sciences\/definitions\/univers-nova-986\/\" class=\"typographies__SpanLink-sc-9uspqk-3 blcuUt\" universe=\"home\" target=\"_blank\" rel=\"noopener\">Nova<\/a>Nova Fundaziun Origen, une institution culturelle de <a href=\"https:\/\/www.futura-sciences.com\/planete\/actualites\/montagne-nos-montagnes-pourraient-etre-enormes-reservoirs-hydrogene-naturel-119751\/\" title=\"Nos montagnes pourraient \u00eatre d&#039;\u00e9normes r\u00e9servoirs d&#039;hydrog\u00e8ne naturel !\" target=\"_blank\" rel=\"noopener\">montagne<\/a> qui promeut l&rsquo;art du th\u00e9\u00e2tre tout en faisant revivre des lieux historiques \u00e0 travers une architecture d&rsquo;exception.<\/p>\n<p>Mais c&rsquo;est l&rsquo;<a href=\"https:\/\/www.futura-sciences.com\/sciences\/skillz\/metiers\/architecture-architecte-187\/\" class=\"typographies__SpanLink-sc-9uspqk-3 blcuUt\" universe=\"home\" target=\"_blank\" rel=\"noopener\">architecte<\/a>architecte Michael Hansmeyer et le professeur de technologies <a href=\"https:\/\/www.futura-sciences.com\/tech\/definitions\/numerique-numerique-584\/\" class=\"typographies__SpanLink-sc-9uspqk-3 blcuUt\" universe=\"home\" target=\"_blank\" rel=\"noopener\">num\u00e9riques<\/a>num\u00e9riques du b\u00e2timent Benjamin Dillenburger &#8211;\u00a0qui officie \u00e0 l&rsquo;Institut de technologie en architecture (ITA) du d\u00e9partement d&rsquo;architecture de l&rsquo;ETH Zurich &#8211; qui ont \u00e9t\u00e9 les chefs d&rsquo;orchestre de ce <a href=\"https:\/\/www.futura-sciences.com\/maison\/actualites\/architecture-5-projets-construction-plus-dingues-histoire-recente-115485\/\" title=\"5 des projets de construction les plus dingues de l&#039;histoire r\u00e9cente\" target=\"_blank\" rel=\"noopener\">projet<\/a> ambitieux et passionnant.<\/p>\n<p>La fabrication de la Tor Alva<\/p>\n<p>Quatre mois ont \u00e9t\u00e9 n\u00e9cessaires pour que la <a href=\"https:\/\/www.futura-sciences.com\/tech\/definitions\/internet-tor-20114\/\" class=\"typographies__SpanLink-sc-9uspqk-3 blcuUt\" universe=\"home\" target=\"_blank\" rel=\"noopener\">Tor<\/a>Tor Alva finisse de prendre forme. Mais il a \u00e9galement fallu plus de trois ann\u00e9es de pr\u00e9paration avant d&rsquo;amorcer l&rsquo;<a href=\"https:\/\/www.futura-sciences.com\/tech\/definitions\/imprimante-3d-impression-3d-15137\/\" class=\"typographies__SpanLink-sc-9uspqk-3 blcuUt\" universe=\"home\" target=\"_blank\" rel=\"noopener\">impression 3D<\/a>impression 3D.<\/p>\n<p>La structure a \u00e9t\u00e9 construite \u00ab\u00a0gr\u00e2ce \u00e0 une approche innovante combinant le coulage traditionnel du b\u00e9ton et un coffrage plastique imprim\u00e9 en 3D, d\u00e9velopp\u00e9 \u00e0 l&rsquo;ETH Zurich \u00bb. <\/p>\n<p>La Tour Blanche est le symbole d&rsquo;une initiative innovante qui repousse les limites de l&rsquo;architecture. En effet, entreprendre un <a href=\"https:\/\/www.futura-sciences.com\/sciences\/actualites\/architecture-chantier-notre-dame-paris-devoile-secrets-cathedrale-scientifiques-118096\/\" title=\"Le chantier de Notre-Dame de Paris a d\u00e9voil\u00e9 des secrets de la cath\u00e9drale aux scientifiques\" target=\"_blank\" rel=\"noopener\">chantier<\/a> dans une r\u00e9gion aux <a href=\"https:\/\/www.futura-sciences.com\/planete\/definitions\/hiver-hiver-17687\/\" class=\"typographies__SpanLink-sc-9uspqk-3 blcuUt\" universe=\"home\" target=\"_blank\" rel=\"noopener\">hivers<\/a>hivers rigoureux, situ\u00e9e en altitude et parfois difficile d&rsquo;acc\u00e8s est loin d&rsquo;\u00eatre ais\u00e9. C&rsquo;est pourquoi la Tour Blanche a \u00e9t\u00e9 presque enti\u00e8rement fabriqu\u00e9e en amont, en usine. Cette solution a permis de mieux contr\u00f4ler la qualit\u00e9, de limiter l&rsquo;impact sur l&rsquo;environnement, de r\u00e9duire les co\u00fbts de main-d&rsquo;\u0153uvre sur place et de simplifier le transport.<\/p>\n<\/p>\n<p class=\"fs-legende\">La Tour Blanche d\u00e9voil\u00e9e dans le village de\u00a0Mulegns, r\u00e9gion des Grisons en Suisse. \u00a9\u00a0Origen Festival Cultural, YouTube<\/p>\n<p>R\u00e9sultat : une <a href=\"https:\/\/www.futura-sciences.com\/maison\/actualites\/architecture-naples-change-visage-construction-ces-incroyables-tours-jumelles-120194\/\" title=\"Naples change de visage avec la construction de ces incroyables tours jumelles !\" target=\"_blank\" rel=\"noopener\">construction<\/a> plus rapide, plus <a href=\"https:\/\/www.futura-sciences.com\/sciences\/definitions\/chimie-solide-15332\/\" class=\"typographies__SpanLink-sc-9uspqk-3 blcuUt\" universe=\"home\" target=\"_blank\" rel=\"noopener\">solide<\/a>solide face \u00e0 la neige et aux <a href=\"https:\/\/www.futura-sciences.com\/planete\/definitions\/structure-terre-seisme-3657\/\" class=\"typographies__SpanLink-sc-9uspqk-3 blcuUt\" universe=\"home\" target=\"_blank\" rel=\"noopener\">tremblements de terre<\/a>tremblements de terre, mais aussi plus \u00e9cologique et \u00e9conomique. Achev\u00e9s en usine, le socle et les \u00e9l\u00e9ments constituant les 32 colonnes de la tour ont ensuite \u00e9t\u00e9 transport\u00e9s \u00e0 10 kilom\u00e8tres de Mulegns, puis assembl\u00e9s et viss\u00e9s, permettant un d\u00e9montage plus simple si la tour doit \u00eatre reconstruite plus loin. Et l&rsquo;hiver, hors de question de ne pas profiter de la Tor Alva, elle sera prot\u00e9g\u00e9e d&rsquo;une membrane transparente et amovible, abritant ses visiteurs des al\u00e9as ext\u00e9rieurs.<\/p>\n<p>L\u2019\u00e9clatante Tour Blanche<\/p>\n<p>Imprim\u00e9e en 3D dans un b\u00e9ton blanc, la Tor Alva ne se trouve pas \u00eatre \u00ab seulement \u00bb\u00a0un exploit architectural, elle est aussi un centre culturel vivant puisque con\u00e7ue pour accueillir des \u00e9v\u00e9nements artistiques et culturels dans une \u00ab\u00a0salle de spectacle intime de 32 places avec une sc\u00e8ne centrale \u00bb.<\/p>\n<p>Elle offre une exp\u00e9rience immersive o\u00f9 l&rsquo;art et la technologie se rencontrent en montagne, dans un <a href=\"https:\/\/www.futura-sciences.com\/maison\/actualites\/architecture-il-passe-ici-4-villages-fantomes-fascinants-passe-refuse-disparaitre-117769\/\" title=\"Que s\u2019est-il pass\u00e9 ici ? 4 villages fant\u00f4mes fascinants o\u00f9 le pass\u00e9 refuse de dispara\u00eetre\" target=\"_blank\" rel=\"noopener\">village<\/a> d\u00e9sert\u00e9 par ses habitants &#8211; seulement 12 y vivent encore. La structure de cinq petits \u00e9tages apporte une touche de modernit\u00e9 et de dynamisme \u00e0 la petite commune des Grisons, tout en respectant son histoire. Gr\u00e2ce \u00e0 cette pr\u00e9sence architecturale hors du commun qui s&rsquo;illumine \u00e0 la nuit tomb\u00e9e, la Nova Fundaziun Origen ambitionne de redonner une \u00e2me plus rayonnante \u00e0 Mulegns.<\/p>\n<p>Difficile d&rsquo;imaginer un cadre plus adapt\u00e9 car la <a href=\"https:\/\/www.futura-sciences.com\/maison\/actualites\/batiment-tour-bois-paris-incroyable-mais-vrai-118968\/\" title=\"Une tour en bois \u00e0 Paris, incroyable mais vrai !\" target=\"_blank\" rel=\"noopener\">Tour<\/a> Blanche est un clin d&rsquo;<a href=\"https:\/\/www.futura-sciences.com\/sante\/definitions\/corps-humain-\u0153il-14131\/\" class=\"typographies__SpanLink-sc-9uspqk-3 blcuUt\" universe=\"home\" target=\"_blank\" rel=\"noopener\">\u0153il<\/a>\u0153il artistique et po\u00e9tique aux artisans baroques qui ont fa\u00e7onn\u00e9 la r\u00e9gion des Grisons. Plus qu&rsquo;une prouesse architecturale, elle offre aussi un mod\u00e8le inspirant pour l&rsquo;avenir de l&rsquo;architecture et son insertion dans les communaut\u00e9s rurales !<\/p>\n","protected":false},"excerpt":{"rendered":"Dans le silence des Alpes suisses, une tour blanche s&rsquo;\u00e9l\u00e8ve, d\u2019apparence moderne et \u00e0 la fois d\u2019une belle&hellip;\n","protected":false},"author":2,"featured_media":144976,"comment_status":"","ping_status":"","sticky":false,"template":"","format":"standard","meta":{"footnotes":""},"categories":[1358],"tags":[27397,1350,1348,1384,1385,4807,1386,58,59,1011,27,27394,27395,27396,3067,3584],"class_list":{"0":"post-144975","1":"post","2":"type-post","3":"status-publish","4":"format-standard","5":"has-post-thumbnail","7":"category-arts-et-design","8":"tag-alpes-suisses","9":"tag-architecture","10":"tag-arts","11":"tag-arts-and-design","12":"tag-arts-et-design","13":"tag-batiment","14":"tag-design","15":"tag-divertissement","16":"tag-entertainment","17":"tag-fr","18":"tag-france","19":"tag-impression-3d-dune-maison","20":"tag-impression-3d-de-grande-taille","21":"tag-materiau-pour-impression-3d","22":"tag-suisse","23":"tag-tour"},"share_on_mastodon":{"url":"https:\/\/pubeurope.com\/@fr\/114610337436930444","error":""},"_links":{"self":[{"href":"https:\/\/www.europesays.com\/fr\/wp-json\/wp\/v2\/posts\/144975","targetHints":{"allow":["GET"]}}],"collection":[{"href":"https:\/\/www.europesays.com\/fr\/wp-json\/wp\/v2\/posts"}],"about":[{"href":"https:\/\/www.europesays.com\/fr\/wp-json\/wp\/v2\/types\/post"}],"author":[{"embeddable":true,"href":"https:\/\/www.europesays.com\/fr\/wp-json\/wp\/v2\/users\/2"}],"replies":[{"embeddable":true,"href":"https:\/\/www.europesays.com\/fr\/wp-json\/wp\/v2\/comments?post=144975"}],"version-history":[{"count":0,"href":"https:\/\/www.europesays.com\/fr\/wp-json\/wp\/v2\/posts\/144975\/revisions"}],"wp:featuredmedia":[{"embeddable":true,"href":"https:\/\/www.europesays.com\/fr\/wp-json\/wp\/v2\/media\/144976"}],"wp:attachment":[{"href":"https:\/\/www.europesays.com\/fr\/wp-json\/wp\/v2\/media?parent=144975"}],"wp:term":[{"taxonomy":"category","embeddable":true,"href":"https:\/\/www.europesays.com\/fr\/wp-json\/wp\/v2\/categories?post=144975"},{"taxonomy":"post_tag","embeddable":true,"href":"https:\/\/www.europesays.com\/fr\/wp-json\/wp\/v2\/tags?post=144975"}],"curies":[{"name":"wp","href":"https:\/\/api.w.org\/{rel}","templated":true}]}}