{"id":144979,"date":"2025-06-01T21:56:11","date_gmt":"2025-06-01T21:56:11","guid":{"rendered":"https:\/\/www.europesays.com\/fr\/144979\/"},"modified":"2025-06-01T21:56:11","modified_gmt":"2025-06-01T21:56:11","slug":"pedro-pascal-pourrait-il-revenir-le-showrunner-revele-ce-qui-est-prevu","status":"publish","type":"post","link":"https:\/\/www.europesays.com\/fr\/144979\/","title":{"rendered":"Pedro Pascal pourrait-il revenir ? Le showrunner r\u00e9v\u00e8le ce qui est pr\u00e9vu"},"content":{"rendered":"<p>Pedro Pascal semble \u00eatre devenu la nouvelle coqueluche officielle d&rsquo;Hollywood. Apr\u00e8s avoir \u00e9t\u00e9 r\u00e9v\u00e9l\u00e9 dans les s\u00e9ries Game of Thrones puis <a href=\"https:\/\/www.programme-tv.net\/news\/evenement\/disney-plus-streaming\/340678-the-mandalorian-grosse-frayeur-des-fans-suite-a-une-annonce-sur-pedro-pascal\/\" data-api-deeplink=\"teleloisirs:\/\/news\/340678\" target=\"_blank\" rel=\"noopener\">The Mandalorian<\/a>, sa cote de popularit\u00e9 a explos\u00e9 en 2023 avec la saison 1 de <a href=\"https:\/\/www.programme-tv.net\/news\/series-tv\/378308-exclu-the-last-of-us-si-seulement-on-y-avait-pense-cet-element-invente-pour-la-serie-que-les-createurs-auraient-adore-avoir-dans-le-jeu-video\/\" data-api-deeplink=\"teleloisirs:\/\/news\/378308\" target=\"_blank\" rel=\"noopener\">la s\u00e9rie The Last of Us.<\/a> Un succ\u00e8s si retentissant qu&rsquo;il encha\u00eene depuis les projets au cin\u00e9ma et \u00e9tait m\u00eame <a href=\"https:\/\/www.programme-tv.net\/news\/cinema\/379090-angelina-jolie-eblouissante-pedro-pascal-rayonnant-cascade-de-stars-au-festival-de-cannes-2025-photos\/\" data-api-deeplink=\"teleloisirs:\/\/news\/379090\" target=\"_blank\" rel=\"noopener\">pr\u00e9sent au Festival de Cannes 2025 aux c\u00f4t\u00e9s d&rsquo;Emma Stone et Austin Butler <\/a>pour monter les marches et pr\u00e9senter son dernier film, Eddington. L&rsquo;occasion aussi de donner une conf\u00e9rence de presse sur le film, durant laquelle on lui a immanquablement pos\u00e9 la question qui tue : comment vit-il<a href=\"https:\/\/www.programme-tv.net\/news\/series-tv\/377296-exclu-the-last-of-us-saison-2-rien-n-etait-trop-sacre-la-mort-choc-de-l-episode-2-a-failli-ne-pas-avoir-lieu\/\" data-api-deeplink=\"teleloisirs:\/\/news\/377296\" target=\"_blank\" rel=\"noopener\"> la mort de son personnage Joel<\/a>, survenue au d\u00e9but de la saison 2 de The Last of Us ? Mais la vraie grande question est de savoir si l&rsquo;acteur chilo-am\u00e9ricain de 50 ans sera \u00e0 nouveau pr\u00e9sent dans la saison 3&#8230;<\/p>\n<p>The Last of Us saison 3 : un retour de Pedro Pascal est-il possible ?<\/p>\n<p>Alors que le personnage de Joel meurt de la main d&rsquo;Abby (<a href=\"https:\/\/www.programme-tv.net\/biographie\/176478-dever-kaitlyn\/\" data-link-people=\"9dd31e43-e0f7-4450-a015-7051b54b94e9\" target=\"_blank\" rel=\"noopener\">Kaitlyn Dever<\/a>) d\u00e8s l&rsquo;\u00e9pisode 2 de la saison 2, <a href=\"https:\/\/www.programme-tv.net\/news\/series-tv\/379181-the-last-of-us-saison-2-episode-6-avez-vous-remarque-cet-enorme-anachronisme-dans-l-une-des-meilleures-scenes-de-pedro-pascal\/\" data-api-deeplink=\"teleloisirs:\/\/news\/379181\" target=\"_blank\" rel=\"noopener\">il revient dans l&rsquo;\u00e9pisode 6, consacr\u00e9 aux flashbacks de sa relation avec Ellie (Bella Ramsey)<\/a>. Un chapitre qui ressemble \u00e0 une conclusion pour lui. Alors a-t-on toujours une chance de le voir dans la saison 3 ? Craig Mazin, showrunner de la s\u00e9rie, a r\u00e9pondu lors d&rsquo;une conf\u00e9rence de presse : \u00ab\u00a0Eh bien, Joel sera toujours l\u00e0, n&rsquo;est-ce pas ? Je veux dire, le p\u00e8re de Joel est toujours l\u00e0, Sarah a toujours \u00e9t\u00e9 l\u00e0, Riley a toujours \u00e9t\u00e9 l\u00e0, c&rsquo;est \u00e7a le truc. Nous n&rsquo;oublions pas ces gens, nous n&rsquo;oublions pas Henry et Sam. Et pour Abby, il est clair, m\u00eame si nous ne l&rsquo;avons pas encore rencontr\u00e9, qu&rsquo;il y a le souvenir de son p\u00e8re qui plane sur tout cela. Une grande partie de l&rsquo;histoire tourne autour des fant\u00f4mes. \u00a0\u00bb admet-il d&rsquo;abord, sous-entendant que l&rsquo;on pourra probablement avoir droit \u00e0 un flashback entre Abby et son p\u00e8re, comme dans le jeu vid\u00e9o. \u00ab\u00a0Mais je pense que la saison prochaine, nous aurons probablement un peu plus de flexibilit\u00e9 et de temps pour traiter autre chose que la mort de Joel. Vous le savez, nous aimons faire un petit voyage en Indon\u00e9sie [r\u00e9f\u00e9rence \u00e0 la sc\u00e8ne d&rsquo;ouverture de l&rsquo;\u00e9pisode 1 de la saison 1, ndlr], alors on n\u2019est peut-\u00eatre pas \u00e0 l&rsquo;abri de retrouver Joel et Tommy en train de terroriser les campagnes. On ne sait jamais&#8230;\u00a0\u00bb<\/p>\n<p>                        The Last of Us : Craig Mazin r\u00e9v\u00e8le quelle histoire sera centrale dans la saison 3<\/p>\n<p>Mais Joel est bel et bien mort, c&rsquo;est donc vers de nouvelles relations qu&rsquo;il faut se tourner si l&rsquo;on veut savoir ce qui attend les fans en saison 3&#8230; \u00ab\u00a0La relation entre Ellie et Dina est la relation centrale de cette saison 2. Cela ne fait aucun doute. C&rsquo;est celle qui commence et se d\u00e9veloppe, et son \u00e9volution devrait \u00eatre fascinante dans la saison \u00e0 venir, \u00e9tant donn\u00e9 les circonstances que nous connaissons tous \u00e0 pr\u00e9sent : Dina est enceinte, et elles sont toutes les deux engag\u00e9es l&rsquo;une envers l&rsquo;autre\u00a0\u00bb analyse Craig Mazin, et d&rsquo;ajouter \u00ab\u00a0Cela dit, il y a un autre aspect de l&rsquo;histoire que nous n&rsquo;avons pas encore vraiment approfondi. Il ne fait aucun doute qu&rsquo;Abby est l&rsquo;h\u00e9ro\u00efne de sa propre histoire. Donc, je pense que pour la prochaine \u00e9tape, tout ce que je peux dire, c&rsquo;est qu&rsquo;elle sera toujours centr\u00e9e sur quelqu&rsquo;un, que ce soit Ellie et Dina, ou Abby et sa relation avec Owen, ou de nouvelles relations. Si vous avez jou\u00e9 au jeu, vous savez probablement de quoi je parle. Mais tout est sous le nuage ou la lumi\u00e8re du soleil de Joel, de ce que Joel a fait \u00e0 Abby et ce que Joel a fait pour Ellie, et cela ne changera jamais. \u00ab\u00a0<\/p>\n","protected":false},"excerpt":{"rendered":"Pedro Pascal semble \u00eatre devenu la nouvelle coqueluche officielle d&rsquo;Hollywood. Apr\u00e8s avoir \u00e9t\u00e9 r\u00e9v\u00e9l\u00e9 dans les s\u00e9ries Game&hellip;\n","protected":false},"author":2,"featured_media":144980,"comment_status":"","ping_status":"","sticky":false,"template":"","format":"standard","meta":{"footnotes":""},"categories":[1356],"tags":[244,58,59,1011,27,5371,10167,10395,4496,129,252,1364],"class_list":{"0":"post-144979","1":"post","2":"type-post","3":"status-publish","4":"format-standard","5":"has-post-thumbnail","7":"category-television","8":"tag-commentaire","9":"tag-divertissement","10":"tag-entertainment","11":"tag-fr","12":"tag-france","13":"tag-hbo-max","14":"tag-pedro-pascal","15":"tag-pub-streaming","16":"tag-superstream","17":"tag-svod","18":"tag-television","19":"tag-tv"},"share_on_mastodon":{"url":"https:\/\/pubeurope.com\/@fr\/114610345358459991","error":""},"_links":{"self":[{"href":"https:\/\/www.europesays.com\/fr\/wp-json\/wp\/v2\/posts\/144979","targetHints":{"allow":["GET"]}}],"collection":[{"href":"https:\/\/www.europesays.com\/fr\/wp-json\/wp\/v2\/posts"}],"about":[{"href":"https:\/\/www.europesays.com\/fr\/wp-json\/wp\/v2\/types\/post"}],"author":[{"embeddable":true,"href":"https:\/\/www.europesays.com\/fr\/wp-json\/wp\/v2\/users\/2"}],"replies":[{"embeddable":true,"href":"https:\/\/www.europesays.com\/fr\/wp-json\/wp\/v2\/comments?post=144979"}],"version-history":[{"count":0,"href":"https:\/\/www.europesays.com\/fr\/wp-json\/wp\/v2\/posts\/144979\/revisions"}],"wp:featuredmedia":[{"embeddable":true,"href":"https:\/\/www.europesays.com\/fr\/wp-json\/wp\/v2\/media\/144980"}],"wp:attachment":[{"href":"https:\/\/www.europesays.com\/fr\/wp-json\/wp\/v2\/media?parent=144979"}],"wp:term":[{"taxonomy":"category","embeddable":true,"href":"https:\/\/www.europesays.com\/fr\/wp-json\/wp\/v2\/categories?post=144979"},{"taxonomy":"post_tag","embeddable":true,"href":"https:\/\/www.europesays.com\/fr\/wp-json\/wp\/v2\/tags?post=144979"}],"curies":[{"name":"wp","href":"https:\/\/api.w.org\/{rel}","templated":true}]}}