{"id":144987,"date":"2025-06-01T22:00:09","date_gmt":"2025-06-01T22:00:09","guid":{"rendered":"https:\/\/www.europesays.com\/fr\/144987\/"},"modified":"2025-06-01T22:00:09","modified_gmt":"2025-06-01T22:00:09","slug":"le-chef-jean-imbert-rend-hommage-a-un-employe-de-son-restaurant-tue-apres-le-sacre-du-psg","status":"publish","type":"post","link":"https:\/\/www.europesays.com\/fr\/144987\/","title":{"rendered":"Le chef Jean Imbert rend hommage \u00e0 un employ\u00e9 de son restaurant, tu\u00e9 apr\u00e8s le sacre du PSG"},"content":{"rendered":"<p>        <img decoding=\"async\" loading=\"lazy\" src=\"https:\/\/www.europesays.com\/fr\/wp-content\/uploads\/2025\/06\/a653ebf_sirius-fs-upload-1-2k4tg56vriaf-1745398878300-000-34td8hj.jpg\"  width=\"728\" height=\"409\" alt=\"Le chef Jean Imbert rend hommage ce dimanche 1er juin \u00e0 un employ\u00e9 de son restaurant, tu\u00e9 apr\u00e8s le sacre du PSG.\"\/>  <\/p>\n<p>ZOULERAH NORDDINE \/ AFP<\/p>\n<p>Le chef Jean Imbert rend hommage ce dimanche 1er juin \u00e0 un employ\u00e9 de son restaurant, tu\u00e9 apr\u00e8s le sacre du PSG.<\/p>\n<p class=\"asset asset-text\">FAITS DIVERS &#8211; Il fait part de sa \u00ab\u00a0profonde tristesse\u00a0\u00bb. La victoire du<a href=\"https:\/\/www.huffingtonpost.fr\/sport\/article\/le-psg-surclasse-l-inter-milan-en-finale-de-la-ligue-des-champions-et-remporte-son-premier-trophee-clx1_250748.html#:~:text=2025%2014%3A38-,Le%20PSG%20surclasse%20l\u2019Inter%20Milan%20en%20finale%20de%20la,un%20tel%20%C3%A9cart%20en%20finale.&amp;text=Marquinhos%20soul%C3%A8ve%20la%20Ligue%20des,PSG%20contre%20l\u2019Inter%20Milan\" target=\"_blank\" rel=\"noopener\">\u00a0Paris\u00a0SG face \u00e0 l\u2019Inter Milan en finale de la Ligue des champions <\/a>a \u00e9t\u00e9 endeuill\u00e9e en France par la mort d\u2019un jeune homme \u00e0\u00a0Paris, o\u00f9 la soir\u00e9e de samedi a \u00e9t\u00e9 \u00e9maill\u00e9e de <a href=\"https:\/\/www.huffingtonpost.fr\/sport\/article\/finale-de-la-ligue-des-champions-la-police-de-munich-intervient-pour-des-affrontements-entre-supporters_250745.html\" target=\"_blank\" rel=\"noopener\">nombreux incidents<\/a>. Jean Imbert, chef du Plaza Ath\u00e9n\u00e9e (VIIIe), a annonc\u00e9 ce dimanche 1er juin que la victime faisait partie des \u00e9quipes \u00ab\u00a0de l\u2019un de [s]es restaurants\u00a0\u00bb.<\/p>\n<p class=\"asset asset-text\">\u00ab\u00a0Voir un si jeune destin bris\u00e9 nous bouleverse tous. Mes pens\u00e9es les plus sinc\u00e8res et toute ma compassion vont \u00e0 sa famille et \u00e0 ses proches\u00a0\u00bb, a ajout\u00e9 le chef, dans une publication sur son compte Instagram.<\/p>\n<p class=\"asset asset-text\">Ce jeune homme d\u2019une vingtaine d\u2019ann\u00e9es circulait \u00e0\u00a0scooter\u00a0samedi soir lorsqu\u2019il a \u00e9t\u00e9 percut\u00e9 par une voiture, a priori de supporters parisiens f\u00eatant la victoire de leur club en Ligue des champions. Il a succomb\u00e9 \u00e0 ses blessures. Le conducteur du v\u00e9hicule a \u00e9t\u00e9 plac\u00e9 en garde \u00e0 vue, selon le parquet.<\/p>\n<p class=\"asset asset-text\">Au cours de la soir\u00e9e de samedi, 22 membres des forces de l\u2019ordre ont \u00e9t\u00e9 bless\u00e9s dont 18 \u00e0\u00a0Paris, selon le minist\u00e8re de l\u2019Int\u00e9rieur. La nature et la gravit\u00e9 des blessures n\u2019ont pas \u00e9t\u00e9 pr\u00e9cis\u00e9es. Sept sapeurs-pompiers ont \u00e9t\u00e9 bless\u00e9s ainsi que 192 manifestants. Il y a eu 563 interpellations dont 491 \u00e0\u00a0Paris, qui ont conduit \u00e0 307 gardes \u00e0 vue dont 254 \u00e0\u00a0Paris, selon le ministre de l\u2019Int\u00e9rieur, Bruno Retailleau.<\/p>\n<p class=\"asset asset-text\">Le pr\u00e9sident Emmanuel Macron a condamn\u00e9 les incidents \u00ab\u00a0inacceptables\u00a0\u00bb lors de la r\u00e9ception dimanche apr\u00e8s-midi des joueurs \u00e0 l\u2019Elys\u00e9e\u00a0: \u00ab\u00a0Rien ne peut justifier ce qu\u2019il s\u2019est pass\u00e9 ces derni\u00e8res heures, les affrontements violents sont inacceptables (&#8230;) Nous poursuivrons, nous punirons, on sera implacables\u00a0\u00bb, a-t-il assur\u00e9.<\/p>\n","protected":false},"excerpt":{"rendered":"ZOULERAH NORDDINE \/ AFP Le chef Jean Imbert rend hommage ce dimanche 1er juin \u00e0 un employ\u00e9 de&hellip;\n","protected":false},"author":2,"featured_media":144988,"comment_status":"","ping_status":"","sticky":false,"template":"","format":"standard","meta":{"footnotes":""},"categories":[9],"tags":[118,63,1011,27,13518,447,2332,60],"class_list":{"0":"post-144987","1":"post","2":"type-post","3":"status-publish","4":"format-standard","5":"has-post-thumbnail","7":"category-sports","8":"tag-faits-divers","9":"tag-football","10":"tag-fr","11":"tag-france","12":"tag-jean-imbert","13":"tag-ligue-des-champions","14":"tag-paris-saint-germain-psg","15":"tag-sports"},"share_on_mastodon":{"url":"https:\/\/pubeurope.com\/@fr\/114610361112341465","error":""},"_links":{"self":[{"href":"https:\/\/www.europesays.com\/fr\/wp-json\/wp\/v2\/posts\/144987","targetHints":{"allow":["GET"]}}],"collection":[{"href":"https:\/\/www.europesays.com\/fr\/wp-json\/wp\/v2\/posts"}],"about":[{"href":"https:\/\/www.europesays.com\/fr\/wp-json\/wp\/v2\/types\/post"}],"author":[{"embeddable":true,"href":"https:\/\/www.europesays.com\/fr\/wp-json\/wp\/v2\/users\/2"}],"replies":[{"embeddable":true,"href":"https:\/\/www.europesays.com\/fr\/wp-json\/wp\/v2\/comments?post=144987"}],"version-history":[{"count":0,"href":"https:\/\/www.europesays.com\/fr\/wp-json\/wp\/v2\/posts\/144987\/revisions"}],"wp:featuredmedia":[{"embeddable":true,"href":"https:\/\/www.europesays.com\/fr\/wp-json\/wp\/v2\/media\/144988"}],"wp:attachment":[{"href":"https:\/\/www.europesays.com\/fr\/wp-json\/wp\/v2\/media?parent=144987"}],"wp:term":[{"taxonomy":"category","embeddable":true,"href":"https:\/\/www.europesays.com\/fr\/wp-json\/wp\/v2\/categories?post=144987"},{"taxonomy":"post_tag","embeddable":true,"href":"https:\/\/www.europesays.com\/fr\/wp-json\/wp\/v2\/tags?post=144987"}],"curies":[{"name":"wp","href":"https:\/\/api.w.org\/{rel}","templated":true}]}}