{"id":144997,"date":"2025-06-01T22:05:13","date_gmt":"2025-06-01T22:05:13","guid":{"rendered":"https:\/\/www.europesays.com\/fr\/144997\/"},"modified":"2025-06-01T22:05:13","modified_gmt":"2025-06-01T22:05:13","slug":"mayer-rossignol-lhomme-que-faure-navait-pas-vu-revenir","status":"publish","type":"post","link":"https:\/\/www.europesays.com\/fr\/144997\/","title":{"rendered":"Mayer-Rossignol, l\u2019homme que Faure n\u2019avait pas vu revenir"},"content":{"rendered":"<p><strong>R\u00c9CIT &#8211;<\/strong> Le maire de Rouen est parvenu \u00e0 convaincre les opposants du premier secr\u00e9taire de le d\u00e9signer chef de file pour le congr\u00e8s. Qualifi\u00e9 au second tour pr\u00e9vu jeudi, il affrontera Olivier Faure pour la deuxi\u00e8me fois.<\/p>\n<p class=\"fig-paragraph\">Se promener dans le centre-ville de\u00a0<a href=\"http:\/\/www.lefigaro.fr\/voyages\/guides\/que-faire-et-que-visiter-a-rouen-nos-activites-incontournables-dans-la-capitale-de-normandie-20230406\" data-fig-type=\"Article\" data-gtm-custom-categorie=\"navigation\" data-gtm-custom-action=\"crossclick\" data-gtm-custom-label=\"Contextuel\" data-gtm-event=\"customEventSPE\" data-fig-domain=\"LEFIGARO\" target=\"_blank\" rel=\"noopener\">Rouen<\/a>\u00a0samedi donnait l\u2019impression d\u2019avoir remont\u00e9 le temps d\u2019un demi-mill\u00e9naire. L\u2019on croisait dans la ville aux Cent Clochers des jeunes chevaliers pr\u00eats au combat, des fauconniers, des forgerons, des vendeurs d\u2019armures incassables\u2026 Entre eux, au milieu de cette cit\u00e9 m\u00e9di\u00e9vale, le maire de la ville,\u00a0<a href=\"http:\/\/www.lefigaro.fr\/politique\/congres-ps-nicolas-mayer-rossignol-souhaite-creer-un-nouveau-collectif-de-direction-avec-boris-vallaud-20250528\" data-fig-type=\"NewsFlash\" data-gtm-custom-categorie=\"navigation\" data-gtm-custom-action=\"crossclick\" data-gtm-custom-label=\"Contextuel\" data-gtm-event=\"customEventSPE\" data-fig-domain=\"LEFIGARO\" target=\"_blank\" rel=\"noopener\">Nicolas Mayer-Rossignol<\/a>. L\u2019\u00e9dile, que l\u2019on regrette de ne pas avoir vu d\u00e9guis\u00e9, se r\u00e9jouit d\u2019avoir remis au go\u00fbt du jour les traditionnelles f\u00eates de Jeanne d\u2019Arc depuis 2022. Ces festivit\u00e9s ont \u00e9t\u00e9 repens\u00e9es pour \u00eatre fid\u00e8les \u00e0 un \u00ab\u00a0esprit r\u00e9publicain\u00a0\u00bb, en opposition assum\u00e9e \u00e0 l\u2019extr\u00eame droite qui a fait de la pucelle d\u2019Orl\u00e9ans un de ses symboles.<\/p>\n<p class=\"fig-paragraph\">\u00ab\u00a0Jeanne d\u2019Arc a \u00e9t\u00e9 br\u00fbl\u00e9e juste ici\u00a0\u00bb, indique \u00ab\u00a0NMR\u00a0\u00bb, en pointant du doigt la place du b\u00fbcher. Cinq cents ans plus tard, il est heureux qu\u2019on ne cherche plus \u00e0 br\u00fbler vif ses adversaires. Autrement, l\u2019affrontement entre Nicolas Mayer-Rossignol et Olivier Faure\u00a0<a href=\"http:\/\/www.lefigaro.fr\/politique\/congres-du-ps-faure-et-mayer-rossignol-au-coude-a-coude-les-regards-se-tournent-vers-vallaud-20250528\" data-fig-type=\"Article\" data-gtm-custom-categorie=\"navigation\" data-gtm-custom-action=\"crossclick\" data-gtm-custom-label=\"Contextuel\" data-gtm-event=\"customEventSPE\" data-fig-domain=\"LEFIGARO\" target=\"_blank\" rel=\"noopener\">dans le cadre du second tour du\u2026<\/a><\/p>\n<p class=\"fig-premium-paywall__infos\">\n        Cet article est r\u00e9serv\u00e9 aux abonn\u00e9s.        Il vous reste 85% \u00e0 d\u00e9couvrir.\n    <\/p>\n<p>                <img  data- alt=\"Le Figaro\" class=\"fig-img--complete fig-img\"\/><\/p>\n<p class=\"fig-premium-paywall__title\">Vente Flash<\/p>\n<p class=\"fig-premium-paywall__subtitle\">4,99\u20ac par mois pendant 12 mois. Sans engagement.<\/p>\n<p class=\"fig-premium-paywall__connect\">\n                D\u00e9j\u00e0 abonn\u00e9\u00a0?                <a class=\"fig-premium-paywall__connect-link\" href=\"https:\/\/connect.lefigaro.fr\/login?client=horizon_web&amp;type=main&amp;redirect_uri=https%3A%2F%2Fwww.lefigaro.fr%2Fpolitique%2Fcongres-du-ps-mayer-rossignol-l-homme-que-faure-n-avait-pas-vu-revenir-20250601\" data-js-gtm=\"{&quot;customCategorie&quot;: &quot;conversion&quot;, &quot;customAction&quot;: &quot;before_Landing_Connexion_paywall_auto&quot;, &quot;customLabel&quot;: &quot;bGVmaWdhcm8uZnJfXzFmMDNlZDRkLTQzN2QtNjA3OC1iZjYwLWQ1MDFhMDUyNjFhNF9fQXJ0aWNsZQ==_Congr\u00e8s du PS\u00a0: Mayer-Rossignol, l\u2019homme que Faure n\u2019avait pas vu revenir_306&quot;, &quot;customIDSPE&quot;: &quot;bGVmaWdhcm8uZnJfXzFmMDNlZDRkLTQzN2QtNjA3OC1iZjYwLWQ1MDFhMDUyNjFhNF9fQXJ0aWNsZQ==&quot;, &quot;event&quot;: &quot;customEventSPE&quot;}\" target=\"_blank\" rel=\"noopener\"><br \/>\n                    Connectez-vous<br \/>\n                <\/a>\n            <\/p>\n","protected":false},"excerpt":{"rendered":"R\u00c9CIT &#8211; Le maire de Rouen est parvenu \u00e0 convaincre les opposants du premier secr\u00e9taire de le d\u00e9signer&hellip;\n","protected":false},"author":2,"featured_media":144998,"comment_status":"","ping_status":"","sticky":false,"template":"","format":"standard","meta":{"footnotes":""},"categories":[4],"tags":[11,426,427,422,423,1011,27,418,424,425,420,421,12,13268,4393,419,3541,316,429,25,428],"class_list":{"0":"post-144997","1":"post","2":"type-post","3":"status-publish","4":"format-standard","5":"has-post-thumbnail","7":"category-france","8":"tag-actualites","9":"tag-candidat","10":"tag-candidats","11":"tag-depute","12":"tag-deputes","13":"tag-fr","14":"tag-france","15":"tag-gouvernement","16":"tag-institution","17":"tag-institutions","18":"tag-loi","19":"tag-lois","20":"tag-news","21":"tag-nicolas-mayer-rossignol","22":"tag-olivier-faure","23":"tag-opposition","24":"tag-parti-socialiste","25":"tag-politique","26":"tag-ps","27":"tag-republique-francaise","28":"tag-ump"},"share_on_mastodon":{"url":"https:\/\/pubeurope.com\/@fr\/114610380720918032","error":""},"_links":{"self":[{"href":"https:\/\/www.europesays.com\/fr\/wp-json\/wp\/v2\/posts\/144997","targetHints":{"allow":["GET"]}}],"collection":[{"href":"https:\/\/www.europesays.com\/fr\/wp-json\/wp\/v2\/posts"}],"about":[{"href":"https:\/\/www.europesays.com\/fr\/wp-json\/wp\/v2\/types\/post"}],"author":[{"embeddable":true,"href":"https:\/\/www.europesays.com\/fr\/wp-json\/wp\/v2\/users\/2"}],"replies":[{"embeddable":true,"href":"https:\/\/www.europesays.com\/fr\/wp-json\/wp\/v2\/comments?post=144997"}],"version-history":[{"count":0,"href":"https:\/\/www.europesays.com\/fr\/wp-json\/wp\/v2\/posts\/144997\/revisions"}],"wp:featuredmedia":[{"embeddable":true,"href":"https:\/\/www.europesays.com\/fr\/wp-json\/wp\/v2\/media\/144998"}],"wp:attachment":[{"href":"https:\/\/www.europesays.com\/fr\/wp-json\/wp\/v2\/media?parent=144997"}],"wp:term":[{"taxonomy":"category","embeddable":true,"href":"https:\/\/www.europesays.com\/fr\/wp-json\/wp\/v2\/categories?post=144997"},{"taxonomy":"post_tag","embeddable":true,"href":"https:\/\/www.europesays.com\/fr\/wp-json\/wp\/v2\/tags?post=144997"}],"curies":[{"name":"wp","href":"https:\/\/api.w.org\/{rel}","templated":true}]}}