{"id":144999,"date":"2025-06-01T22:06:11","date_gmt":"2025-06-01T22:06:11","guid":{"rendered":"https:\/\/www.europesays.com\/fr\/144999\/"},"modified":"2025-06-01T22:06:11","modified_gmt":"2025-06-01T22:06:11","slug":"le-corps-dune-femme-decouvert-chez-elle-son-compagnon-grievement-blesse","status":"publish","type":"post","link":"https:\/\/www.europesays.com\/fr\/144999\/","title":{"rendered":"Le corps d\u2019une femme d\u00e9couvert chez elle, son compagnon gri\u00e8vement bless\u00e9"},"content":{"rendered":"<p>Un nouveau f\u00e9minicide\u00a0? Une femme a \u00e9t\u00e9 d\u00e9couverte morte \u00e0 son domicile dans la <a href=\"https:\/\/www.20minutes.fr\/dossier\/drome\" class=\"color-ultramarine c-link\" target=\"_blank\" rel=\"noopener\">Dr\u00f4me<\/a>, o\u00f9 son compagnon a \u00e9t\u00e9 retrouv\u00e9 \u00ab\u00a0tr\u00e8s gri\u00e8vement\u00a0\u00bb bless\u00e9, a indiqu\u00e9 dimanche le parquet, ouvrant une enqu\u00eate criminelle. Apr\u00e8s l\u2019alerte donn\u00e9e par un membre de la famille, le corps d\u2019une femme a \u00e9t\u00e9 d\u00e9couvert \u00e0 son domicile, samedi soir \u00e0 Livron, non loin de <a href=\"https:\/\/www.20minutes.fr\/dossier\/valence\" class=\"color-ultramarine c-link\" target=\"_blank\" rel=\"noopener\">Valence<\/a>, a indiqu\u00e9 \u00e0 l\u2019AFP le procureur de la R\u00e9publique, Laurent De Caigny.<\/p>\n<p>\u00ab\u00a0Dans le m\u00eame domicile\u00a0\u00bb, un homme a \u00e9t\u00e9 retrouv\u00e9 \u00ab\u00a0tr\u00e8s gri\u00e8vement bless\u00e9\u00a0\u00bb et hospitalis\u00e9 avec un pronostic vital \u00ab\u00a0s\u00e9v\u00e8rement engag\u00e9\u00a0\u00bb, a-t-il ajout\u00e9. \u00ab\u00a0Les premiers \u00e9l\u00e9ments orientent vers un huis clos\u00a0\u00bb, selon le procureur, qui \u00e9voque une \u00ab\u00a0sc\u00e8ne de crime d\u2019une rare violence\u00a0\u00bb. \u00ab\u00a0Mais rien pour l\u2019instant ne permet de donner des explications aux constatations en cours\u00a0\u00bb, y compris m\u00e9dico-l\u00e9gales, pr\u00e9cise Laurent De Caigny.<\/p>\n<p>Un \u00ab\u00a0drame familial\u00a0\u00bb\u00a0?<\/p>\n<p>De source proche du dossier, on privil\u00e9gie l\u2019hypoth\u00e8se d\u2019un <a href=\"https:\/\/www.20minutes.fr\/societe\/feminicide\/\" class=\"color-ultramarine c-link\" target=\"_blank\" rel=\"noopener\">f\u00e9minicide<\/a> suivi d\u2019une tentative de suicide. Aucune pr\u00e9cision n\u2019a \u00e9t\u00e9 donn\u00e9e sur les \u00e2ges des victimes, ni l\u2019historique du couple.<\/p>\n<p>Interrog\u00e9 par l\u2019AFP, le maire de Livron, Francis Fayard, \u00e9voque un \u00ab\u00a0drame familial\u00a0\u00bb au sein d\u2019un couple qui, pourtant, n\u2019avait \u00ab\u00a0jamais\u00a0\u00bb fait parler de lui. La brigade de recherches de la compagnie de gendarmerie de Crest est charg\u00e9e d\u2019une enqu\u00eate criminelle.<\/p>\n","protected":false},"excerpt":{"rendered":"Un nouveau f\u00e9minicide\u00a0? Une femme a \u00e9t\u00e9 d\u00e9couverte morte \u00e0 son domicile dans la Dr\u00f4me, o\u00f9 son compagnon&hellip;\n","protected":false},"author":2,"featured_media":145000,"comment_status":"","ping_status":"","sticky":false,"template":"","format":"standard","meta":{"footnotes":""},"categories":[2],"tags":[47,11,2430,3348,2730,118,3555,1011,27,12,1072,3764,2431],"class_list":{"0":"post-144999","1":"post","2":"type-post","3":"status-publish","4":"format-standard","5":"has-post-thumbnail","7":"category-actualites","8":"tag-actualite","9":"tag-actualites","10":"tag-auvergne-rhone-alpes","11":"tag-drame","12":"tag-drome","13":"tag-faits-divers","14":"tag-feminicide","15":"tag-fr","16":"tag-france","17":"tag-news","18":"tag-police","19":"tag-procureur-de-la-republique","20":"tag-rhone-alpes"},"share_on_mastodon":{"url":"https:\/\/pubeurope.com\/@fr\/114610384594714443","error":""},"_links":{"self":[{"href":"https:\/\/www.europesays.com\/fr\/wp-json\/wp\/v2\/posts\/144999","targetHints":{"allow":["GET"]}}],"collection":[{"href":"https:\/\/www.europesays.com\/fr\/wp-json\/wp\/v2\/posts"}],"about":[{"href":"https:\/\/www.europesays.com\/fr\/wp-json\/wp\/v2\/types\/post"}],"author":[{"embeddable":true,"href":"https:\/\/www.europesays.com\/fr\/wp-json\/wp\/v2\/users\/2"}],"replies":[{"embeddable":true,"href":"https:\/\/www.europesays.com\/fr\/wp-json\/wp\/v2\/comments?post=144999"}],"version-history":[{"count":0,"href":"https:\/\/www.europesays.com\/fr\/wp-json\/wp\/v2\/posts\/144999\/revisions"}],"wp:featuredmedia":[{"embeddable":true,"href":"https:\/\/www.europesays.com\/fr\/wp-json\/wp\/v2\/media\/145000"}],"wp:attachment":[{"href":"https:\/\/www.europesays.com\/fr\/wp-json\/wp\/v2\/media?parent=144999"}],"wp:term":[{"taxonomy":"category","embeddable":true,"href":"https:\/\/www.europesays.com\/fr\/wp-json\/wp\/v2\/categories?post=144999"},{"taxonomy":"post_tag","embeddable":true,"href":"https:\/\/www.europesays.com\/fr\/wp-json\/wp\/v2\/tags?post=144999"}],"curies":[{"name":"wp","href":"https:\/\/api.w.org\/{rel}","templated":true}]}}