{"id":14500,"date":"2025-04-10T08:28:11","date_gmt":"2025-04-10T08:28:11","guid":{"rendered":"https:\/\/www.europesays.com\/fr\/14500\/"},"modified":"2025-04-10T08:28:11","modified_gmt":"2025-04-10T08:28:11","slug":"ile-de-france-le-nombre-de-quartiers-pauvres-a-augmente-en-2024","status":"publish","type":"post","link":"https:\/\/www.europesays.com\/fr\/14500\/","title":{"rendered":"Ile-de-France : le nombre de quartiers pauvres a augment\u00e9 en 2024"},"content":{"rendered":"<p>La nouvelle g\u00e9ographie des quartiers prioritaires de la politique de la ville en Ile-de-France montre un renforcement de la pauvret\u00e9, selon une \u00e9tude.C&rsquo;est notamment le cas en Seine-Saint-Denis.<\/p>\n<p data-module=\"article-paragraph\" class=\"jsx-362436225 Paragraph\">L&rsquo;Ile-de-France compte de plus en plus de quartiers pauvres. C&rsquo;est, en substance, ce qu&rsquo;enseigne une \u00e9tude publi\u00e9e mercredi par l&rsquo;Institut Paris R\u00e9gion. Avec 1,7 million d&rsquo;habitants situ\u00e9s dans les quartiers prioritaires (QPV) en 2024, soit un Francilien sur sept et 32% des habitants des quartiers prioritaires de France m\u00e9tropolitaine, la r\u00e9gion est ainsi la plus concern\u00e9e par la politique de la ville et ses dispositifs renforc\u00e9s en mati\u00e8re d\u2019\u00e9ducation, de culture, de sant\u00e9, d\u2019emploi ou de logement.<\/p>\n<p data-module=\"article-paragraph\" class=\"jsx-362436225 Paragraph Paragraph__End\">En 2024, l&rsquo;Ile-de-France comptait ainsi 298 quartiers prioritaires selon la g\u00e9ographie actualis\u00e9e, contre 272 en 2015, tandis que la part des habitants de quartiers prioritaires s&rsquo;est davantage renforc\u00e9e en Ile-de-France qu&rsquo;en province, toujours selon cette \u00e9tude. Cette progression est \u00ab\u00a0la plus forte dans les quatre d\u00e9partements d\u00e9j\u00e0 les plus concern\u00e9s, signe d&rsquo;une polarisation des espaces les plus pauvres\u00a0\u00bb, notamment en Seine-Saint-Denis. Dans certaines communes, plus de 80% de la population est en g\u00e9ographie prioritaire, comme Aubervilliers (90%), La Courneuve (88%) ou Grigny (86%).<\/p>\n<p>Les logements franciliens davantage suroccup\u00e9s<\/p>\n<p data-module=\"article-paragraph\" class=\"jsx-362436225 Paragraph\">\u00ab\u00a0La nouvelle g\u00e9ographie prioritaire traduit la paup\u00e9risation d&rsquo;importants secteurs urbains, mais aussi des effets de valorisation, \u00e0 proximit\u00e9 de Paris, dans les sites les mieux desservis et dans les projets d&rsquo;am\u00e9nagement impliquant une diversification de l&rsquo;offre de logements avec un rench\u00e9rissement des prix\u00a0\u00bb, rel\u00e8vent les deux auteures. Parmi les facteurs explicatifs, \u00ab\u00a0l&rsquo;inaccessibilit\u00e9 du logement\u00a0\u00bb mais aussi la \u00ab\u00a0gentrification des communes limitrophes de Paris\u00a0\u00bb, avec l&rsquo;arriv\u00e9e du Grand Paris Express et ses quatre nouvelles lignes de m\u00e9tro automatique.<\/p>\n<p data-module=\"article-paragraph\" class=\"jsx-362436225 Paragraph Paragraph__End\">Les QPV franciliens accueillent une population globalement \u00ab\u00a0plus active, plus dipl\u00f4m\u00e9e, plus familiale et plus immigr\u00e9e\u00a0\u00bb que dans les autres r\u00e9gions, et les logements y sont davantage suroccup\u00e9s. A noter aussi des m\u00e9nages \u00ab\u00a0seuls et \u00e2g\u00e9s plus fr\u00e9quents \u00e0 Paris\u00a0\u00bb et un profil \u00ab\u00a0plus jeune et familial en Seine-Saint-Denis\u00a0\u00bb.<\/p>\n<ul class=\"jsx-658110588 ReadMoreArticle__List flex flex-column\">\n<li class=\"jsx-658110588\"><a href=\"https:\/\/www.tf1info.fr\/societe\/precarite-rapport-annuel-deux-millions-de-personnes-agees-sous-le-seuil-de-pauvrete-en-france-selon-les-petits-freres-des-pauvres-2325749.html\" rel=\"noopener\" class=\"jsx-4233824444 Link flex\" target=\"_blank\"><img decoding=\"async\" src=\"https:\/\/www.europesays.com\/fr\/wp-content\/uploads\/2025\/04\/reforme-des-retraites-seniors-a62630-0@1x.jpeg\" alt=\"Image d'illustration\" loading=\"lazy\" importance=\"low\" fetchpriority=\"low\" class=\"\" copyright=\"iStock\"\/>\n<p class=\"jsx-658110588 ReadMoreArticle__Title\">Lire aussi<\/p>\n<p class=\"jsx-658110588\">Deux millions de personnes \u00e2g\u00e9es sous le seuil de pauvret\u00e9 en France, selon Les Petits fr\u00e8res des pauvres<\/p>\n<p><\/a><\/li>\n<\/ul>\n<p data-module=\"article-paragraph\" class=\"jsx-362436225 Paragraph Paragraph__End\">L&rsquo;installation de m\u00e9nages aux revenus plus \u00e9lev\u00e9s et la baisse de la population constituent les deux principaux facteurs de sortie de la politique de la ville. L&rsquo;impact des programmes de renouvellement urbain, avec ses op\u00e9rations de d\u00e9molition-reconstruction de grands ensembles et de diversification de l&rsquo;habitat, est \u00e9galement jug\u00e9e \u00ab\u00a0manifeste\u00a0\u00bb. En revanche, des zones pavillonnaires \u00ab\u00a0fortement pr\u00e9caris\u00e9es\u00a0\u00bb sont situ\u00e9es hors QPV faute de densit\u00e9 de population suffisante.<\/p>\n<p>A. LG avec AFP<\/p>\n","protected":false},"excerpt":{"rendered":"La nouvelle g\u00e9ographie des quartiers prioritaires de la politique de la ville en Ile-de-France montre un renforcement de&hellip;\n","protected":false},"author":2,"featured_media":14501,"comment_status":"","ping_status":"","sticky":false,"template":"","format":"standard","meta":{"footnotes":""},"categories":[1592],"tags":[1111,11,1921,6275,1777,674,1011,27,662,1922,6276,12,626,2922,25,1945,133,5010],"class_list":{"0":"post-14500","1":"post","2":"type-post","3":"status-publish","4":"format-standard","5":"has-post-thumbnail","7":"category-ile-de-france","8":"tag-actu","9":"tag-actualites","10":"tag-article-video","11":"tag-aubervilliers","12":"tag-eu","13":"tag-europe","14":"tag-fr","15":"tag-france","16":"tag-ile-de-france","17":"tag-info","18":"tag-modes-de-consommation","19":"tag-news","20":"tag-paris","21":"tag-pouvoir-dachat","22":"tag-republique-francaise","23":"tag-seine-saint-denis","24":"tag-video","25":"tag-video-sujets-de-societe"},"share_on_mastodon":{"url":"https:\/\/pubeurope.com\/@fr\/114312727974972906","error":""},"_links":{"self":[{"href":"https:\/\/www.europesays.com\/fr\/wp-json\/wp\/v2\/posts\/14500","targetHints":{"allow":["GET"]}}],"collection":[{"href":"https:\/\/www.europesays.com\/fr\/wp-json\/wp\/v2\/posts"}],"about":[{"href":"https:\/\/www.europesays.com\/fr\/wp-json\/wp\/v2\/types\/post"}],"author":[{"embeddable":true,"href":"https:\/\/www.europesays.com\/fr\/wp-json\/wp\/v2\/users\/2"}],"replies":[{"embeddable":true,"href":"https:\/\/www.europesays.com\/fr\/wp-json\/wp\/v2\/comments?post=14500"}],"version-history":[{"count":0,"href":"https:\/\/www.europesays.com\/fr\/wp-json\/wp\/v2\/posts\/14500\/revisions"}],"wp:featuredmedia":[{"embeddable":true,"href":"https:\/\/www.europesays.com\/fr\/wp-json\/wp\/v2\/media\/14501"}],"wp:attachment":[{"href":"https:\/\/www.europesays.com\/fr\/wp-json\/wp\/v2\/media?parent=14500"}],"wp:term":[{"taxonomy":"category","embeddable":true,"href":"https:\/\/www.europesays.com\/fr\/wp-json\/wp\/v2\/categories?post=14500"},{"taxonomy":"post_tag","embeddable":true,"href":"https:\/\/www.europesays.com\/fr\/wp-json\/wp\/v2\/tags?post=14500"}],"curies":[{"name":"wp","href":"https:\/\/api.w.org\/{rel}","templated":true}]}}