{"id":145001,"date":"2025-06-01T22:07:25","date_gmt":"2025-06-01T22:07:25","guid":{"rendered":"https:\/\/www.europesays.com\/fr\/145001\/"},"modified":"2025-06-01T22:07:25","modified_gmt":"2025-06-01T22:07:25","slug":"saint-just-malmont-des-ateliers-1ers-secours-pour-les-cm1-de-la-communale","status":"publish","type":"post","link":"https:\/\/www.europesays.com\/fr\/145001\/","title":{"rendered":"Saint-Just-Malmont : des ateliers 1ers secours pour les CM1 de la Communale"},"content":{"rendered":"<p>\t\t\t\t\t\t\t\t\t\t\t\t\t\t\t\t\t\t\t\t\t\t\t\t\t\t\t\t\t\t\t\t\t\t\t\t\t\t\t\t\t\t\t\t\t\t<img decoding=\"async\" src=\"https:\/\/www.europesays.com\/fr\/wp-content\/uploads\/2025\/05\/LA_COMMERE_-_PAVE_-_600X600.jpg\" alt=\"Yssingeaux foire mai-juin 2025\"\/><\/p>\n<p><strong>Des ateliers 1ers secours pour les CM1 de la Communale de Saint-Just-Malmont ont \u00e9t\u00e9 organis\u00e9s gr\u00e2ce \u00e0 un partenariat entre l&rsquo;\u00e9cole et l&rsquo;association Timoth\u00e9 petit c\u0153ur.<\/strong><\/p>\n<p>Cela permet \u00e0 tous les \u00e9l\u00e8ves de CM1 de b\u00e9n\u00e9ficier de 2 heures d&rsquo;ateliers \u00ab\u00a01ers secours\u00a0\u00bb. Ces ateliers ont eu lieu mardi 27 mai et ont permis aux \u00e9l\u00e8ves de mettre en pratique avec un formateur PSC1 les notions abord\u00e9es en classe.<\/p>\n<p>\u00ab\u00a0Il est en effet essentiel d&rsquo;enseigner aux \u00e9l\u00e8ves les gestes et les comportements adapt\u00e9s \u00e0 une situation de la vie courante. Pourquoi ? Pour que chacun devienne une personne responsable et capable de se maintenir en s\u00fbret\u00e9 mais aussi de porter secours \u00e0 l&rsquo;autre par quelques actions simples\u00a0\u00bb, pr\u00e9cise la directrice de l&rsquo;\u00e9cole\u00a0Delphine Bazelis.<\/p>\n<p>\u00ab\u00a0Cette action \u00e9tant inscrite dans le parcours de chaque \u00e9l\u00e8ve de la Communale, le rendez-vous est d\u00e9j\u00e0 pris pour les CM1 de l&rsquo;an prochain.\u00a0\u00bb<\/p>\n","protected":false},"excerpt":{"rendered":"Des ateliers 1ers secours pour les CM1 de la Communale de Saint-Just-Malmont ont \u00e9t\u00e9 organis\u00e9s gr\u00e2ce \u00e0 un&hellip;\n","protected":false},"author":2,"featured_media":145002,"comment_status":"","ping_status":"","sticky":false,"template":"","format":"standard","meta":{"footnotes":""},"categories":[9653],"tags":[1111,2281,11,2430,1777,674,2282,1011,27,2280,2284,2285,2283,12,25,4001],"class_list":{"0":"post-145001","1":"post","2":"type-post","3":"status-publish","4":"format-standard","5":"has-post-thumbnail","7":"category-saint-etienne","8":"tag-actu","9":"tag-actualite-43","10":"tag-actualites","11":"tag-auvergne-rhone-alpes","12":"tag-eu","13":"tag-europe","14":"tag-faits-divers-auvergne","15":"tag-fr","16":"tag-france","17":"tag-information-haute-loire","18":"tag-infos-43","19":"tag-journal-haute-loire","20":"tag-la-commere-43","21":"tag-news","22":"tag-republique-francaise","23":"tag-saint-etienne"},"share_on_mastodon":{"url":"https:\/\/pubeurope.com\/@fr\/114610388586396244","error":""},"_links":{"self":[{"href":"https:\/\/www.europesays.com\/fr\/wp-json\/wp\/v2\/posts\/145001","targetHints":{"allow":["GET"]}}],"collection":[{"href":"https:\/\/www.europesays.com\/fr\/wp-json\/wp\/v2\/posts"}],"about":[{"href":"https:\/\/www.europesays.com\/fr\/wp-json\/wp\/v2\/types\/post"}],"author":[{"embeddable":true,"href":"https:\/\/www.europesays.com\/fr\/wp-json\/wp\/v2\/users\/2"}],"replies":[{"embeddable":true,"href":"https:\/\/www.europesays.com\/fr\/wp-json\/wp\/v2\/comments?post=145001"}],"version-history":[{"count":0,"href":"https:\/\/www.europesays.com\/fr\/wp-json\/wp\/v2\/posts\/145001\/revisions"}],"wp:featuredmedia":[{"embeddable":true,"href":"https:\/\/www.europesays.com\/fr\/wp-json\/wp\/v2\/media\/145002"}],"wp:attachment":[{"href":"https:\/\/www.europesays.com\/fr\/wp-json\/wp\/v2\/media?parent=145001"}],"wp:term":[{"taxonomy":"category","embeddable":true,"href":"https:\/\/www.europesays.com\/fr\/wp-json\/wp\/v2\/categories?post=145001"},{"taxonomy":"post_tag","embeddable":true,"href":"https:\/\/www.europesays.com\/fr\/wp-json\/wp\/v2\/tags?post=145001"}],"curies":[{"name":"wp","href":"https:\/\/api.w.org\/{rel}","templated":true}]}}