{"id":145022,"date":"2025-06-01T22:23:41","date_gmt":"2025-06-01T22:23:41","guid":{"rendered":"https:\/\/www.europesays.com\/fr\/145022\/"},"modified":"2025-06-01T22:23:41","modified_gmt":"2025-06-01T22:23:41","slug":"pendant-6-mois-strasbourg-va-porter-les-couleurs-de-malte","status":"publish","type":"post","link":"https:\/\/www.europesays.com\/fr\/145022\/","title":{"rendered":"pendant 6 mois, Strasbourg va porter les couleurs de Malte"},"content":{"rendered":"<p><b>Comme nous te l\u2019annoncions il y a peu, Malte a pris le 14 mai la Pr\u00e9sidence du Comit\u00e9 des Ministres du Conseil de l\u2019Europe, \u00e0 la suite du Luxembourg, et ce, jusqu\u2019au 14 novembre. Outre ses responsabilit\u00e9s, le plus petit pays de l\u2019Union Europ\u00e9enne est bien d\u00e9cid\u00e9 \u00e0 plonger Strasbourg dans la richesse de sa culture. Pendant ces six prochains mois, l\u2019archipel d\u00e9roulera une programmation artistique \u00e0 son image\u2026 Ponctu\u00e9e de nombreux rendez-vous gratuits pour tous les \u00e2ges et toutes les envies. Mieux\u00a0: il s\u2019invitera m\u00eame dans les salles les plus prestigieuses de la ville, de la Cath\u00e9drale \u00e0 son Op\u00e9ra. \u00ab\u00a0Mer\u0127ba\u00a0\u00bb\u00a0!<\/b><\/p>\n<p>On ne te l\u2019apprend pas\u00a0: avec son statut de capitale europ\u00e9enne et ses nombreuses institutions, l\u2019ancrage europ\u00e9en est solide \u00e0 Strasbourg.<\/p>\n<p>Depuis 2010, un partenariat lie d\u2019ailleurs notre ville avec le Conseil de l\u2019Europe \u2013 qu\u2019elle accueille \u2013, afin de <b>mettre \u00e0 l\u2019honneur les \u00c9tats pr\u00e9sidant le Comit\u00e9 des Ministres du Conseil de l\u2019Europe<\/b>. En ce sens, <b>pendant six mois, ce sera d\u00e9sormais au tour de Malte<\/b> de nous d\u00e9rouler sa programmation culturelle.<\/p>\n<p>Comme le pr\u00e9cise Jeanne Barseghian \u2013 maire de Strasbourg \u2013, il s\u2019agit-l\u00e0 d\u2019un \u00ab\u00a0rendez-vous incontournable de l\u2019agenda europ\u00e9en \u00e0 Strasbourg\u00a0\u00bb que de faire d\u00e9couvrir un pays membre au travers de \u00ab\u00a0son matrimoine et son patrimoine, son Histoire et sa culture\u00a0\u00bb. Ici, celui d\u2019<b>un<\/b><b> \u00ab\u00a0\u00e9crin m\u00e9diterran\u00e9en, carrefour des civilisations \u00e0 la culture vibrante\u00a0\u00bb<\/b>.<\/p>\n<p>    <img width=\"480\" height=\"600\" src=\"https:\/\/www.europesays.com\/fr\/wp-content\/uploads\/2025\/05\/valletta-photo1-480x600.jpg\" class=\"attachment-image-size-M size-image-size-M\" alt=\"Malte pr\u00e9sidence\" decoding=\"async\" loading=\"lazy\"  \/>         \u00a9 Malta Tourism Authority \/ Document remis <\/p>\n<p>L\u2019occasion aussi pour Strasbourg, pr\u00e9cise la Maire, de<b> r\u00e9affirmer<\/b><b> son\u00ab\u00a0attachement profond [\u2026] aux valeurs du Conseil de l\u2019Europe<\/b>, toute premi\u00e8re institution europ\u00e9enne \u00e9tablie \u00e0 Strasbourg en 1949 et qui c\u00e9l\u00e8bre cette ann\u00e9e <b>les 75 ans de la Convention europ\u00e9enne des droits de l\u2019homme\u00a0<\/b>\u00bb.<\/p>\n<p>Qui plus est, \u00ab\u00a0dans <b>un contexte de recul d\u00e9mocratique\u00a0<\/b>\u00bb o\u00f9 <b>\u00ab\u00a0les trois piliers du Conseil de l\u2019Europe que sont la d\u00e9mocratie, l\u2019\u00c9tat de droit et les droits humains sont des remparts fondamentaux pour prot\u00e9ger nos soci\u00e9t\u00e9s\u00a0\u00bb<\/b>.<\/p>\n<p>    <img width=\"800\" height=\"563\" src=\"https:\/\/www.europesays.com\/fr\/wp-content\/uploads\/2025\/05\/20250512-prcoe-luzzu11-800x563.jpg\" class=\"attachment-image-size-L size-image-size-L\" alt=\"Malte pr\u00e9sidence\" decoding=\"async\" loading=\"lazy\"  \/>         \u00a9 Malta Tourism Authority \/ Document remis <\/p>\n<p>Malte\u00a0: petit pays, grande culture<\/p>\n<p><b>\u00ab\u00a0Mer\u0127ba [bienvenue] dans l\u2019univers culturel du plus petit pays de l\u2019Union europ\u00e9enne, Malte.\u00a0\u00bb<\/b> \u00e9crit S.E. Francesca Camilleri Vettiger (Ambassadrice et Repr\u00e9sentante permanente de Malte aupr\u00e8s du Conseil de l\u2019Europe).<\/p>\n<p><b>Un pays-archipel<\/b>, compos\u00e9 de huit \u00eeles dont trois habitables (<b>Malte<\/b> o\u00f9 r\u00e9side la capitale \u2013 La Valette \u2013, ainsi que <b>Gozo<\/b> et <b>Comino<\/b>), et \u00e0 la langue singuli\u00e8re\u00a0: \u00ab\u00a0seule langue s\u00e9mitique transcrite en alphabet latin\u00a0\u00bb, explique son Ambassadrice.<\/p>\n<p>    <img width=\"480\" height=\"600\" src=\"https:\/\/www.europesays.com\/fr\/wp-content\/uploads\/2025\/06\/crystal-lagoon-back-480x600.jpg\" class=\"attachment-image-size-M size-image-size-M\" alt=\"Malte\" decoding=\"async\" loading=\"lazy\"  \/>         \u00a9 Malta Tourism Authority \/ Document remis <\/p>\n<p>Apr\u00e8s la c\u00e9r\u00e9monie d\u2019ouverture du mercredi 28 mai dans le majestueux Palais Universitaire de Strasbourg o\u00f9 la musique et la po\u00e9sie maltaises \u00e9taient mises \u00e0 l\u2019honneur, Malte organisera jusqu\u2019en novembre <b>des e<\/b><b>xpositions, et de nombreux \u00e9v\u00e9nements <\/b>convoquant le <b>th\u00e9\u00e2tre<\/b>, la <b>litt\u00e9rature<\/b>, la <b>musique<\/b>, le <b>cin\u00e9ma<\/b> ou la <b>danse<\/b>. Chacun nous offrant \u00ab\u00a0<b>un regard unique sur Malte<\/b>, alliant son pass\u00e9 et sa vision moderne\u00a0\u00bb.<\/p>\n<p>Pour<b> aller <\/b><b>\u00ab\u00a0au-del\u00e0 de la carte postale\u00a0\u00bb<\/b>, souhaite Sean Buhagiar, Directeur artistique de cette programmation.<\/p>\n<p>Avant l&rsquo;\u00e9t\u00e9\u00a0: une r\u00e9trospective du cin\u00e9ma maltais<\/p>\n<p><b>Du lundi 2 au vendredi 6 juin<\/b> (\u00e0 19h30, sauf le 3 juin \u00e0 16h), le cin\u00e9ma maltais se hisse en haut de l\u2019affiche. Pendant une semaine, il s\u2019installera <b>au cin\u00e9ma Le Cosmos<\/b> dans le cadre des c\u00e9l\u00e9brations des <b>\u00ab\u00a0100 ans de films \u00e0 Malte\u00a0\u00bb<\/b>. \u2026Un cadre magnifique pour d\u00e9couvrir l\u2019h\u00e9ritage cin\u00e9matographique maltais.<\/p>\n<p>Dans le premier r\u00f4le\u00a0: <b>Cecil Satariano, un cin\u00e9aste pionnier<\/b> ayant propuls\u00e9 le cin\u00e9ma de son pays \u00e0 l\u2019internationale, et \u00e0 qui rend hommage cette semaine th\u00e9matique. Chaque soir donnera lieu \u00e0 la projection d\u2019un de ses films en version restaur\u00e9e \u00ab\u00a0allant <b>des r\u00e9flexions po\u00e9tiques sur la m\u00e9moire <\/b>aux commentaires sociaux puissants\u00a0\u00bb, nous dit-on.<\/p>\n<p>En compl\u00e9ment, <b>une s\u00e9lection de cinq longs-m\u00e9trages modernes <\/b>suivront ses \u0153uvres, afin de se plonger toujours plus dans l\u2019\u00a0\u00ab\u00a0identit\u00e9 cin\u00e9matographique croissante de l\u2019\u00eele\u00a0\u00bb et les divers th\u00e8mes qui l\u2019animent.<\/p>\n<p>    <img width=\"800\" height=\"533\" src=\"https:\/\/www.europesays.com\/fr\/wp-content\/uploads\/2025\/06\/cinemaodyssee.jpg\" class=\"attachment-image-size-L size-image-size-L\" alt=\"cin\u00e9maodyss\u00e9e\" decoding=\"async\" loading=\"lazy\"  \/>         \u00a9 Mathilde Piaud \/ Pokaa <\/p>\n<p>Grandiose : un concert gratuit dans la Cath\u00e9drale de Strasbourg\u00a0!<\/p>\n<p>Apr\u00e8s le Cosmos, <b>Malte nous invite dans un autre lieu incontournable de Strasbourg\u00a0: sa Cath\u00e9drale<\/b>\u00a0! Qui plus est, pour <b>un concert gratuit <\/b>(<a href=\"https:\/\/my.weezevent.com\/a-choral-journey-from-palestrina-to-malta-1\" target=\"_blank\" rel=\"noopener\">sur inscription<\/a>).<\/p>\n<p>Le <b>mardi 24 juin \u00e0 20h30<\/b>, il nous embarquera dans un programme alliant polyphonie de la Renaissance et \u0153uvres sacr\u00e9es maltaises mis en voix par <b>le ch\u0153ur national KorMalta<\/b>\u00a0: De Palestrina \u00e0 Malte : une odyss\u00e9e musicale. Un autre hommage, cette fois-ci au compositeur italien Giovanni Pierluigi da Palestrina \u00e0 l\u2019occasion du 500\u00e8me anniversaire de sa naissance.<\/p>\n<p>    <img width=\"480\" height=\"600\" src=\"https:\/\/www.europesays.com\/fr\/wp-content\/uploads\/2025\/06\/434150331-944377954016158-267991648378564796-n-480x600.jpg\" class=\"attachment-image-size-M size-image-size-M\" alt=\"Cath\u00e9drale de Strasbourg\" decoding=\"async\" loading=\"lazy\"  \/>         \u00a9 Coraline Lafon  \/ Pokaa <\/p>\n<p>                <img width=\"543\" height=\"500\" src=\"https:\/\/www.europesays.com\/fr\/wp-content\/uploads\/2025\/06\/cathedrale-13-543x500.jpg\" class=\"attachment-gallery size-gallery\" alt=\"Cath\u00e9drale (13) vitrail rosace\" data-full-url=\"https:\/\/pokaa.fr\/wp-content\/uploads\/2024\/04\/14\/cathedrale-13.jpg\" decoding=\"async\" loading=\"lazy\"  \/>            <\/p>\n<p>                <img width=\"750\" height=\"500\" src=\"https:\/\/www.europesays.com\/fr\/wp-content\/uploads\/2025\/06\/cathedrale-4-750x500.jpg\" class=\"attachment-gallery size-gallery\" alt=\"Cath\u00e9drale (4) bougies\" data-full-url=\"https:\/\/pokaa.fr\/wp-content\/uploads\/2024\/04\/14\/cathedrale-4.jpg\" decoding=\"async\" loading=\"lazy\"  \/>            <\/p>\n<p>                <img width=\"696\" height=\"500\" src=\"https:\/\/www.europesays.com\/fr\/wp-content\/uploads\/2025\/06\/cathedrale-12-696x500.jpg\" class=\"attachment-gallery size-gallery\" alt=\"Cath\u00e9drale (12) vitrail\" data-full-url=\"https:\/\/pokaa.fr\/wp-content\/uploads\/2024\/04\/14\/cathedrale-12.jpg\" decoding=\"async\" loading=\"lazy\"  \/>            <\/p>\n<p>                    \u00a9 Marie Goehner-David \/ Pokaa<\/p>\n<p>Dans la nef de notre magistrale Cath\u00e9drale, r\u00e9sonneront ainsi <b>du chant gr\u00e9gorien<\/b> (avec la Missa Papae Marcelli), et des compositions de Charles Camilleri et Ruben Zahra.<\/p>\n<p>Un choix artistique que fait Malte pour rappeler <b>au travers de la musique de De Palestrina<\/b> (\u00ab\u00a0compos\u00e9e \u00e0 une \u00e9poque troubl\u00e9e\u00a0\u00bb et \u00ab\u00a0qui \u00e9voque <b>un id\u00e9al d\u2019harmonie et de paix<\/b>\u00a0\u00bb), les \u00ab\u00a0principes de <b>d\u00e9mocratie, de dialogue et de droits humains\u00a0<\/b>\u00bb. En \u00e9cho aux valeurs d\u00e9fendues par le Conseil de l\u2019Europe.<\/p>\n<p>    <img width=\"800\" height=\"450\" src=\"https:\/\/www.europesays.com\/fr\/wp-content\/uploads\/2025\/06\/976c8c84-c615-4523-99c7-5c255d360f43-800x450.jpeg\" class=\"attachment-image-size-L size-image-size-L\" alt=\"Malte pr\u00e9sidence\" decoding=\"async\" loading=\"lazy\"  \/>         KorMalta  \u00a9 Camille Fenech \/ Document remis <\/p>\n<p>Pour la rentr\u00e9e\u00a0: un week-end d\u00e9di\u00e9 \u00e0 la jeunesse<\/p>\n<p>Apr\u00e8s une pause estivale, Malte nous retrouvera d\u00e8s<b> les samedi 13 et dimanche 14 septembre<\/b> pour un<b> week-end d\u2019aventures litt\u00e9raires consacr\u00e9 aux plus jeunes<\/b>.<\/p>\n<p><b>Le samedi<\/b>, <b>la litt\u00e9rature jeunesse <\/b>maltaise s\u2019immiscera dans une autre<b> belle institution strasbourgeoise\u00a0: la BNU<\/b> (Biblioth\u00e8que Universitaire de Strasbourg), \u00e0 l\u2019occasion de la Journ\u00e9e internationale de l\u2019alphab\u00e9tisation de l\u2019UNESCO (c\u00e9l\u00e9br\u00e9e, elle, le 8 septembre). Au chapitre\u00a0: \u00ab\u00a0des <b>expositions<\/b>, des traductions en direct, des pr\u00e9sentations de livres, des <b>jeux de soci\u00e9t\u00e9<\/b> et des discussions sur le pouvoir des r\u00e9cits et la circulation des histoires entre cultures\u00a0\u00bb.<\/p>\n<p>    <img width=\"800\" height=\"450\" src=\"https:\/\/www.europesays.com\/fr\/wp-content\/uploads\/2025\/06\/504719c6-71ed-4ae1-ac3a-8106f470aa5f1-800x450.jpeg\" class=\"attachment-image-size-L size-image-size-L\" alt=\"Malte pr\u00e9sidence\" decoding=\"async\" loading=\"lazy\"  \/>         \u00ab\u00a0Miti Miti\u00a0\u00bb, du Th\u00e9\u00e2tre national de Malte &#8211; Teatru Malta \u00a9 Lindsay Bahia \/ Document remis <\/p>\n<p>Et <b>le dimanche (\u00e0 15h)<\/b>, le Th\u00e9\u00e2tre national de Malte (Teatru Malta) s\u2019invitera lui, sur les planches de l\u2019Espace Gr\u00fcber (entit\u00e9 du TNS \u2013 Th\u00e9\u00e2tre national de Strasbourg) pour <b>un spectacle familial gratuit <\/b>(<a href=\"https:\/\/my.weezevent.com\/miti-miti-interactive-performance\" target=\"_blank\" rel=\"noopener\">entr\u00e9e libre sur inscription<\/a>). Il y jouera <b>Miti Miti<\/b>, une \u00ab\u00a0production interactive acclam\u00e9e [\u2026] [qui] <b>r\u00e9invent[e] les mythes dans une exp\u00e9rience multilingue<\/b>\u00a0\u00bb.<\/p>\n<p>\u00ab\u00a0Festa\u00a0\u00bb et \u00e9v\u00e9nement culinaire\u00a0: plong\u00e9e dans l&rsquo;histoire maltaise<\/p>\n<p>Pour nous changer les id\u00e9es \u00e0 la rentr\u00e9e, place cette fois \u00e0 la fiesta. Ou plut\u00f4t <b>la \u00ab\u00a0Festa\u00a0\u00bb, la f\u00eate nationale, le mardi 30 septembre <\/b>(20h15). Celle-ci sera c\u00e9l\u00e9br\u00e9e dans le cadre charmant du Parc de l\u2019Orangerie, <b>au Pavillon Jos\u00e9phine<\/b>.<\/p>\n<p>Une c\u00e9l\u00e9bration particuli\u00e8re puisqu\u2019elle co\u00efncidera avec le<b> 60<\/b><b>\u00e8me<\/b><b> anniversaire de son adh\u00e9sion au Conseil de l\u2019Europe<\/b>. Pour marquer le coup, Malte nous entra\u00eenera dans<b> la tradition de ses \u00ab\u00a0festas\u00a0\u00bb villageoises<\/b> (class\u00e9e patrimoine culturel immat\u00e9riel de l\u2019humanit\u00e9 par l\u2019UNESCO), entre <b>mets typiques, artisanat local et expos photo<\/b>. Sans compter la <b>fanfare<\/b> \u00ab\u00a0qui fera \u00e9cho au pass\u00e9 historique de l\u2019\u00eele\u00a0\u00bb.<\/p>\n<p>    <img width=\"800\" height=\"666\" src=\"https:\/\/www.europesays.com\/fr\/wp-content\/uploads\/2025\/06\/gozo-lace-800x666.jpg\" class=\"attachment-image-size-L size-image-size-L\" alt=\"Malte\" decoding=\"async\" loading=\"lazy\"  \/>         Dentelle de Gozo \u00a9 Daniel Cilia \/ Document remis <\/p>\n<p>Le mois suivant, Malte comm\u00e9morera cette fois<b> le 80\u00e8me anniversaire de la fin de la Seconde Guerre mondiale<\/b>. Le <b>mercredi 29 octobre<\/b> (\u00e0 20h30) dans le prestigieux <b>Ch\u00e2teau de Pourtal\u00e8s<\/b>, il s\u2019agira de \u00ab\u00a0rendr[e] hommage aux femmes r\u00e9silientes qui, face aux p\u00e9nuries, ont soutenu leurs familles et leurs communaut\u00e9s\u00a0\u00bb, au travers d\u2019un<b> \u00e9v\u00e9nement culinaire<\/b> pluridisciplinaire.<\/p>\n<p>    <img width=\"800\" height=\"450\" src=\"https:\/\/www.europesays.com\/fr\/wp-content\/uploads\/2025\/06\/newfile-mg2ela9-800x450.jpeg\" class=\"attachment-image-size-L size-image-size-L\" alt=\"Malte pr\u00e9sidence\" decoding=\"async\" loading=\"lazy\"  \/>         \u00ab\u00a0Women of the George Cross Isla\u00a0\u00bb \u00a9 Sharpshoot Media \/ Document remis <\/p>\n<p>Au menu\u00a0:<b> un d\u00eener pr\u00e9par\u00e9 par quatre des meilleures cheffes maltaises<\/b> qui d\u00e9clineront des plats inspir\u00e9s des saveurs de la cuisine en p\u00e9riode de guerre. Un repas \u00ab\u00a0accompagn\u00e9 de <b>r\u00e9cits historiques<\/b>, de <b>musique <\/b>et de <b>discussions<\/b>,<b> c\u00e9l\u00e9brant l\u2019ing\u00e9niosit\u00e9 et les sacrifices de nos a\u00een\u00e9es <\/b>tout en saluant la r\u00e9silience des femmes ukrainiennes confront\u00e9es \u00e0 une nouvelle guerre aujourd\u2019hui\u00a0\u00bb.<\/p>\n<p>En sus\u00a0: <b>la projection du docu-drama <\/b><b>Women of the George Cross Island <\/b>(une s\u00e9rie en huit \u00e9pisodes, s\u00e9lectionn\u00e9e au Berlin Indie Film Festival de 2023).<\/p>\n<\/p>\n<p>Et comme de nombreux autres rendez-vous de cette programmation, la <a href=\"https:\/\/my.weezevent.com\/the-maltese-festa\" target=\"_blank\" rel=\"noopener\"><b>Festa sera gratuite et sur inscription<\/b><\/a>, <b>\u00e0 l\u2019instar de <a href=\"https:\/\/my.weezevent.com\/women-and-war-flavors-of-resilience\" target=\"_blank\" rel=\"noopener\">cet \u00e9v\u00e9nement culinaire<\/a><\/b>.<\/p>\n<p>En novembre\u00a0: de l&rsquo;op\u00e9ra et de la danse pour la fin de la Pr\u00e9sidence<\/p>\n<p>Peu avant la fin de sa Pr\u00e9sidence (le 14 novembre), Malte nous conviera \u00e0 deux derniers rendez-vous. Le premier,<b> le mardi 4 novembre <\/b>(\u00e0 20h30) au sein d\u2019<b>une des plus belles salles de Strasbourg\u00a0:<a href=\"https:\/\/www.operanationaldurhin.eu\/fr\/billetterie\" target=\"_blank\" rel=\"noopener\"> l\u2019Op\u00e9ra national du Rhin (OnR)<\/a><\/b>, avec <b>Malte chante l\u2019Europe <\/b>organis\u00e9 pour le 75\u00e8me anniversaire de la Convention europ\u00e9enne des droits de l\u2019homme (CEDH).<\/p>\n<p>Au programme\u00a0: un <b>concert intimiste<\/b>, avec comme t\u00eate d\u2019affiche, <b>le t\u00e9nor maltais de renomm\u00e9e internationale Joseph Calleja<\/b>. Ce dernier y chantera en compagnie d\u2019autres invit\u00e9(e)s de prestige, un programme musical qui nous entra\u00eenera dans un \u00ab\u00a0voyage poignant \u00e0 travers<b> l\u2019histoire des droits humains<\/b>, saluant leur port\u00e9e universelle et intemporelle\u00a0\u00bb.<\/p>\n<p>    <img width=\"400\" height=\"600\" src=\"https:\/\/www.europesays.com\/fr\/wp-content\/uploads\/2025\/06\/joseph-calleja-400x600.jpg\" class=\"attachment-image-size-M size-image-size-M\" alt=\"joseph calleja Malte\" decoding=\"async\" loading=\"lazy\"  \/>         Joseph Calleja \u00a9 Document remis <\/p>\n<p>                <img width=\"698\" height=\"500\" src=\"https:\/\/www.europesays.com\/fr\/wp-content\/uploads\/2025\/04\/275769295_440115747887384_6347279850691329462_nn.jpg\" class=\"attachment-gallery size-gallery\" alt=\"op\u00e9ra culture\" data-full-url=\"https:\/\/www.europesays.com\/fr\/wp-content\/uploads\/2025\/04\/275769295_440115747887384_6347279850691329462_nn.jpg\" decoding=\"async\" loading=\"lazy\"  \/>            <\/p>\n<p>                <img width=\"667\" height=\"500\" src=\"https:\/\/www.europesays.com\/fr\/wp-content\/uploads\/2025\/06\/opera-du-rhin-pokaa-1.jpg\" class=\"attachment-gallery size-gallery\" alt=\"op\u00e9ra du rhin pokaa 1\" data-full-url=\"https:\/\/www.europesays.com\/fr\/wp-content\/uploads\/2025\/06\/opera-du-rhin-pokaa-1.jpg\" decoding=\"async\" loading=\"lazy\"  \/>            <\/p>\n<p>                    Op\u00e9ra national du Rhin \u00a9 Coraline Lafon \/ Pokaa ; \u00a9 Nicolas Kaspar \/ Pokaa<\/p>\n<p>Et enfin, dernier rendez-vous de ce cycle culturel d\u00e9di\u00e9 \u00e0 Malte\u00a0:<b> le jeudi 13 novembre<\/b> (\u00e0 19h30) <b>au Palais des F\u00eates pour sa C\u00e9r\u00e9monie de cl\u00f4ture de la Pr\u00e9sidence<\/b>. Tout comme la c\u00e9r\u00e9monie d\u2019ouverture, cette soir\u00e9e sera <b>gratuite<\/b> (sur r\u00e9servation), et pour celle-ci\u00a0: place \u00e0 la <b>danse\u00a0<\/b>!<\/p>\n<p>\u00c0 la veille de la passation de la pr\u00e9sidence (\u00e0 la R\u00e9publique de Moldavie), cette soir\u00e9e nous pr\u00e9sentera \u00ab\u00a0une <b>performance de danse audacieuse,<\/b> symbolisant l\u2019identit\u00e9, la r\u00e9silience et la transformation\u00a0\u00bb\u00a0: <b>Mortal Heroes<\/b><b>, par la compagnie nationale de danse \u017bfinMalta<\/b> et chor\u00e9graphi\u00e9e par Sita Ostheimer.<\/p>\n<p>    <img width=\"800\" height=\"450\" src=\"https:\/\/www.europesays.com\/fr\/wp-content\/uploads\/2025\/06\/newfile-800x450.png\" class=\"attachment-image-size-L size-image-size-L\" alt=\"Malte pr\u00e9sidence\" decoding=\"async\" loading=\"lazy\"  \/>         \u00ab\u00a0Mortal Heroes\u00a0\u00bb, chor\u00e9graphie par Sita Ostheimer, compagnie nationale de danse \u017bfinMalta \u00a9 Alexandra Pace \/ Document remis <\/p>\n<p>Une cr\u00e9ation contemporaine acclam\u00e9e, \u00ab\u00a0explorant des th\u00e8mes universels tels que <b>la m\u00e9moire, la lutte et le renouveau<\/b>, r\u00e9sonnant \u00e0 la fois avec <b>l\u2019histoire de Malte et celle de l\u2019Europe<\/b>\u00a0\u00bb. Une belle fa\u00e7on de nous dire au revoir.<\/p>\n<p style=\"text-align: center;\"><strong>Pour retrouver toutes les informations sur sa programmation culturelle,<a href=\"https:\/\/www.strasbourg.eu\/documents\/d\/strasbourg.eu\/programmeculturel_malte-2025.\" target=\"_blank\" rel=\"noopener\"> c\u2019est par ici<\/a>.<\/strong><\/p>\n<p>            Malte \u2013 programme culturel<\/p>\n<p>            Quoi ? <\/p>\n<p>\u00c9v\u00e9nements autour de la culture maltaise \u00e0 l\u2019occasion de la Pr\u00e9sidence de Malte au Comit\u00e9 des Ministres du Conseil d\u2019Europe\u00a0: expositions, spectacles et concerts, rencontres\u2026<\/p>\n<p>                Quand ?<\/p>\n<p>Jusqu\u2019au 14 novembre<\/p>\n<p>            o\u00f9 ?<\/p>\n<p>Dans divers lieux et institutions de Strasbourg\u00a0: le cin\u00e9ma Le Cosmos, \u00e0 la Cath\u00e9drale Notre-Dame de Strasbourg, \u00e0 la BNU (Biblioth\u00e8que nationale de Strasbourg), \u00e0 l\u2019Espace Gr\u00fcber (Th\u00e9\u00e2tre national de Strasbourg), au Pavillon Jos\u00e9phine (Parc de l\u2019Orangerie), \u00e0 l\u2019Op\u00e9ra national du Rhin et au Palais des F\u00eates<\/p>\n<p>                Plus d&rsquo;infos ?<\/p>\n<p><a href=\"https:\/\/maltacoe.gov.mt\/\" target=\"_blank\" rel=\"noopener\">Site officiel de la pr\u00e9sidence de Malte \/ Conseil de l\u2019Europe 2025 (en anglais)<\/a><\/p>\n<p><a href=\"https:\/\/www.coe.int\/fr\/web\/cm\/cm-presidency\" target=\"_blank\" rel=\"noopener\">Pr\u00e9sidence de Malte \u2013 Comit\u00e9 des Ministres (site officiel du Conseil \u2013 en fran\u00e7ais)<\/a><\/p>\n<p lang=\"fr-FR\"><a href=\"https:\/\/www.strasbourg.eu\/documents\/d\/strasbourg.eu\/programmeculturel_malte-2025\" target=\"_blank\" rel=\"noopener\">Brochure du programme culturel de Malte (site de la ville de Strasbourg)<\/a><\/p>\n","protected":false},"excerpt":{"rendered":"Comme nous te l\u2019annoncions il y a peu, Malte a pris le 14 mai la Pr\u00e9sidence du Comit\u00e9&hellip;\n","protected":false},"author":2,"featured_media":145023,"comment_status":"","ping_status":"","sticky":false,"template":"","format":"standard","meta":{"footnotes":""},"categories":[2820],"tags":[1111,11,13601,1697,7577,251,1777,674,652,1011,27,775,326,7950,12,25,3140,640,4064],"class_list":{"0":"post-145022","1":"post","2":"type-post","3":"status-publish","4":"format-standard","5":"has-post-thumbnail","7":"category-strasbourg","8":"tag-actu","9":"tag-actualites","10":"tag-cathedrale","11":"tag-concert","12":"tag-conseil-de-leurope","13":"tag-culture","14":"tag-eu","15":"tag-europe","16":"tag-famille","17":"tag-fr","18":"tag-france","19":"tag-grand-est","20":"tag-gratuit","21":"tag-malte","22":"tag-news","23":"tag-republique-francaise","24":"tag-spectacle","25":"tag-strasbourg","26":"tag-week-end"},"share_on_mastodon":{"url":"https:\/\/pubeurope.com\/@fr\/114610452008489399","error":""},"_links":{"self":[{"href":"https:\/\/www.europesays.com\/fr\/wp-json\/wp\/v2\/posts\/145022","targetHints":{"allow":["GET"]}}],"collection":[{"href":"https:\/\/www.europesays.com\/fr\/wp-json\/wp\/v2\/posts"}],"about":[{"href":"https:\/\/www.europesays.com\/fr\/wp-json\/wp\/v2\/types\/post"}],"author":[{"embeddable":true,"href":"https:\/\/www.europesays.com\/fr\/wp-json\/wp\/v2\/users\/2"}],"replies":[{"embeddable":true,"href":"https:\/\/www.europesays.com\/fr\/wp-json\/wp\/v2\/comments?post=145022"}],"version-history":[{"count":0,"href":"https:\/\/www.europesays.com\/fr\/wp-json\/wp\/v2\/posts\/145022\/revisions"}],"wp:featuredmedia":[{"embeddable":true,"href":"https:\/\/www.europesays.com\/fr\/wp-json\/wp\/v2\/media\/145023"}],"wp:attachment":[{"href":"https:\/\/www.europesays.com\/fr\/wp-json\/wp\/v2\/media?parent=145022"}],"wp:term":[{"taxonomy":"category","embeddable":true,"href":"https:\/\/www.europesays.com\/fr\/wp-json\/wp\/v2\/categories?post=145022"},{"taxonomy":"post_tag","embeddable":true,"href":"https:\/\/www.europesays.com\/fr\/wp-json\/wp\/v2\/tags?post=145022"}],"curies":[{"name":"wp","href":"https:\/\/api.w.org\/{rel}","templated":true}]}}