{"id":145030,"date":"2025-06-01T22:27:10","date_gmt":"2025-06-01T22:27:10","guid":{"rendered":"https:\/\/www.europesays.com\/fr\/145030\/"},"modified":"2025-06-01T22:27:10","modified_gmt":"2025-06-01T22:27:10","slug":"apres-un-coup-de-klaxon-lautomobiliste-enerve-sort-une-arme","status":"publish","type":"post","link":"https:\/\/www.europesays.com\/fr\/145030\/","title":{"rendered":"Apr\u00e8s un coup de klaxon, l\u2019automobiliste \u00e9nerv\u00e9 sort une arme"},"content":{"rendered":"<p>Les quelques t\u00e9moins de la sc\u00e8ne qui s\u2019est d\u00e9roul\u00e9e ce dimanche 1er\u00a0juin, vers l\u2019heure de midi, dans le secteur de Pirmil, le quartier sud de Nantes, ont eu une belle frayeur. Mais moins que l\u2019automobiliste pris en grippe pendant quelques minutes par un autre conducteur. Ce dernier venait de d\u00e9passer dangereusement et s\u2019est fait klaxonner. Il a alors d\u00e9cid\u00e9 d\u2019en d\u00e9coudre et s\u2019est arr\u00eat\u00e9 en brandissant une arme de poing.<\/p>\n<p>Il a mis en joue le conducteur avant de tirer dans un pneu, \u00e0 l\u2019avant de la voiture. La victime a voulu photographier la plaque de l\u2019homme en furie qui est revenu \u00e0 la charge <strong>\u00ab\u00a0pour briser une vitre du v\u00e9hicule avec sa crosse.\u00a0\u00bb<\/strong><\/p>\n<p>L\u2019automobiliste \u00e9nerv\u00e9 a pris la fuite. Une enqu\u00eate a \u00e9t\u00e9 ouverte pour l\u2019identifier, notamment avec l\u2019aide de la vid\u00e9osurveillance. Les techniciens en identification criminelle ont \u00e9galement pr\u00e9lev\u00e9 sur place deux douilles du pistolet.<\/p>\n<p>\u00a0<\/p>\n","protected":false},"excerpt":{"rendered":"Les quelques t\u00e9moins de la sc\u00e8ne qui s\u2019est d\u00e9roul\u00e9e ce dimanche 1er\u00a0juin, vers l\u2019heure de midi, dans le&hellip;\n","protected":false},"author":2,"featured_media":145031,"comment_status":"","ping_status":"","sticky":false,"template":"","format":"standard","meta":{"footnotes":""},"categories":[2818],"tags":[1111,11,10268,15738,3952,27402,1777,674,1011,27,27401,766,12,2636,25,4102],"class_list":{"0":"post-145030","1":"post","2":"type-post","3":"status-publish","4":"format-standard","5":"has-post-thumbnail","7":"category-nantes","8":"tag-actu","9":"tag-actualites","10":"tag-arme","11":"tag-automobiliste","12":"tag-coup","13":"tag-enerve","14":"tag-eu","15":"tag-europe","16":"tag-fr","17":"tag-france","18":"tag-klaxon","19":"tag-nantes","20":"tag-news","21":"tag-pays-de-la-loire","22":"tag-republique-francaise","23":"tag-sort"},"share_on_mastodon":{"url":"https:\/\/pubeurope.com\/@fr\/114610467175559733","error":""},"_links":{"self":[{"href":"https:\/\/www.europesays.com\/fr\/wp-json\/wp\/v2\/posts\/145030","targetHints":{"allow":["GET"]}}],"collection":[{"href":"https:\/\/www.europesays.com\/fr\/wp-json\/wp\/v2\/posts"}],"about":[{"href":"https:\/\/www.europesays.com\/fr\/wp-json\/wp\/v2\/types\/post"}],"author":[{"embeddable":true,"href":"https:\/\/www.europesays.com\/fr\/wp-json\/wp\/v2\/users\/2"}],"replies":[{"embeddable":true,"href":"https:\/\/www.europesays.com\/fr\/wp-json\/wp\/v2\/comments?post=145030"}],"version-history":[{"count":0,"href":"https:\/\/www.europesays.com\/fr\/wp-json\/wp\/v2\/posts\/145030\/revisions"}],"wp:featuredmedia":[{"embeddable":true,"href":"https:\/\/www.europesays.com\/fr\/wp-json\/wp\/v2\/media\/145031"}],"wp:attachment":[{"href":"https:\/\/www.europesays.com\/fr\/wp-json\/wp\/v2\/media?parent=145030"}],"wp:term":[{"taxonomy":"category","embeddable":true,"href":"https:\/\/www.europesays.com\/fr\/wp-json\/wp\/v2\/categories?post=145030"},{"taxonomy":"post_tag","embeddable":true,"href":"https:\/\/www.europesays.com\/fr\/wp-json\/wp\/v2\/tags?post=145030"}],"curies":[{"name":"wp","href":"https:\/\/api.w.org\/{rel}","templated":true}]}}