{"id":145048,"date":"2025-06-01T22:43:17","date_gmt":"2025-06-01T22:43:17","guid":{"rendered":"https:\/\/www.europesays.com\/fr\/145048\/"},"modified":"2025-06-01T22:43:17","modified_gmt":"2025-06-01T22:43:17","slug":"lyon-des-tags-antisemites-retrouves-sur-une-ecole-touchee-par-un-debut-dincendie","status":"publish","type":"post","link":"https:\/\/www.europesays.com\/fr\/145048\/","title":{"rendered":"Lyon. Des tags antis\u00e9mites retrouv\u00e9s sur une \u00e9cole touch\u00e9e par un d\u00e9but d&rsquo;incendie"},"content":{"rendered":"<p>Une \u00e9cole primaire de Lyon a \u00e9t\u00e9 victime d&rsquo;un d\u00e9but d&rsquo;incendie, des tags antis\u00e9mites et des croix gamm\u00e9es ayant \u00e9t\u00e9 d\u00e9couverts sur ses murs, a-t-on appris dimanche de sources concordantes.<\/p>\n<p>Le feu n&rsquo;a gu\u00e8re touch\u00e9, samedi soir, que les toilettes ext\u00e9rieures de l&rsquo;\u00e9cole primaire Nov\u00e9-Josserand, dans le troisi\u00e8me arrondissement de Lyon, mais plusieurs salles de classe ont \u00e9t\u00e9 vandalis\u00e9es et recouvertes de croix gamm\u00e9es, d&rsquo;\u00e9toiles de David et de tags pro-palestiniens, a-t-on appris de source municipale, confirmant une information de <a href=\"https:\/\/www.franceinfo.fr\/faits-divers\/une-ecole-primaire-de-lyon-incendiee-des-croix-gammees-et-des-etoiles-de-david-taguees_7285464.html\" target=\"_blank\" rel=\"nofollow noopener\">Franceinfo<\/a>.<\/p>\n<p>Ce contenu est bloqu\u00e9 car vous n&rsquo;avez pas accept\u00e9 les cookies et autres traceurs.<\/p>\n<p>En cliquant sur \u00ab J\u2019accepte \u00bb, les cookies et autres traceurs seront d\u00e9pos\u00e9s et vous pourrez visualiser les contenus  (<a href=\"\" class=\"consentModule_policy\" target=\"_blank\" title=\"Consulter la politique de protection des donn\u00e9es du fournisseur\">plus d&rsquo;informations<\/a>).<\/p>\n<p>En cliquant sur \u00ab J\u2019accepte tous les cookies \u00bb, vous autorisez des d\u00e9p\u00f4ts de cookies et autres traceurs pour le stockage de vos donn\u00e9es sur nos sites et applications \u00e0 des fins de personnalisation et de ciblage publicitaire.<\/p>\n<p class=\"consentModule_secondaryText\">Vous gardez la possibilit\u00e9 de retirer votre consentement \u00e0 tout moment en consultant notre <a href=\"http:\/\/www.bienpublic.com\/protection-des-donnees\" target=\"_blank\" title=\"Consulter notre politique de protection des donn\u00e9es\" rel=\"nofollow noopener\">politique de protection des donn\u00e9es<\/a>. <br \/>&#13;<br \/>\n            <a href=\"http:\/\/www.bienpublic.com\/faits-divers-justice\/2025\/06\/01\/javascript:Didomi.notice.show()\" class=\"consentModule_cmp\" rel=\"nofollow noopener\" target=\"_blank\">G\u00e9rer mes choix<\/a>&#13;\n        <\/p>\n<p>&#13;<br \/>\n                        J&rsquo;accepte&#13;<br \/>\n            J&rsquo;accepte tous les cookies&#13;\n        <\/p>\n<p>  \u00ab Ces actes visent notre \u00e9cole, donc notre R\u00e9publique \u00bb<\/p>\n<p>\u00ab Les d\u00e9gradations perp\u00e9tr\u00e9es dans l&rsquo;\u00e9cole Nov\u00e9 Josserand sont d&rsquo;une extr\u00eame gravit\u00e9. Tags antis\u00e9mites, croix gamm\u00e9es, tentative d&rsquo;incendie : ces actes visent notre \u00e9cole, donc notre R\u00e9publique \u00bb, a r\u00e9agi Mohamed Chichi, adjoint \u00e0 la tranquillit\u00e9, s\u00fbret\u00e9 et s\u00e9curit\u00e9 \u00e0 la mairie de Lyon. Une enqu\u00eate a \u00e9t\u00e9 ouverte, a indiqu\u00e9 la pr\u00e9fecture, qui \u00ab devra permettre de pr\u00e9senter les auteurs devant la justice et apporter une r\u00e9ponse p\u00e9nale ferme \u00bb.<\/p>\n<p>La pr\u00e9f\u00e8te du Rh\u00f4ne, Fabienne Buccio, a \u00ab condamn\u00e9 ces d\u00e9gradations abjectes \u00bb, assurant \u00ab le personnel de l&rsquo;Education nationale et municipale de son soutien \u00bb. \u00ab Nos \u00e9tablissements scolaires doivent rester des sanctuaires pour nos enfants \u00bb, a-t-elle ajout\u00e9. Mohamed Chichi a assur\u00e9 que \u00ab les salles endommag\u00e9es seront remises en \u00e9tat rapidement afin de pouvoir accueillir les \u00e9l\u00e8ves d\u00e8s lundi \u00bb. \u00ab La Ville condamne avec la plus grande fermet\u00e9 ces agissements. Elle d\u00e9posera plainte \u00bb, a-t-il promis.<\/p>\n<p>La raison pour laquelle cette \u00e9cole a \u00e9t\u00e9 vis\u00e9e reste myst\u00e9rieuse, selon l&rsquo;adjoint, cet \u00e9tablissement n&rsquo;ayant pas de liens particuliers avec la communaut\u00e9 juive.<\/p>\n","protected":false},"excerpt":{"rendered":"Une \u00e9cole primaire de Lyon a \u00e9t\u00e9 victime d&rsquo;un d\u00e9but d&rsquo;incendie, des tags antis\u00e9mites et des croix gamm\u00e9es&hellip;\n","protected":false},"author":2,"featured_media":145049,"comment_status":"","ping_status":"","sticky":false,"template":"","format":"standard","meta":{"footnotes":""},"categories":[1889],"tags":[1111,11,2430,1777,674,274,107,1011,27,329,2428,12,25],"class_list":{"0":"post-145048","1":"post","2":"type-post","3":"status-publish","4":"format-standard","5":"has-post-thumbnail","7":"category-lyon","8":"tag-actu","9":"tag-actualites","10":"tag-auvergne-rhone-alpes","11":"tag-eu","12":"tag-europe","13":"tag-faits-divers-justice","14":"tag-fil-info","15":"tag-fr","16":"tag-france","17":"tag-france-monde","18":"tag-lyon","19":"tag-news","20":"tag-republique-francaise"},"share_on_mastodon":{"url":"https:\/\/pubeurope.com\/@fr\/114610530112204236","error":""},"_links":{"self":[{"href":"https:\/\/www.europesays.com\/fr\/wp-json\/wp\/v2\/posts\/145048","targetHints":{"allow":["GET"]}}],"collection":[{"href":"https:\/\/www.europesays.com\/fr\/wp-json\/wp\/v2\/posts"}],"about":[{"href":"https:\/\/www.europesays.com\/fr\/wp-json\/wp\/v2\/types\/post"}],"author":[{"embeddable":true,"href":"https:\/\/www.europesays.com\/fr\/wp-json\/wp\/v2\/users\/2"}],"replies":[{"embeddable":true,"href":"https:\/\/www.europesays.com\/fr\/wp-json\/wp\/v2\/comments?post=145048"}],"version-history":[{"count":0,"href":"https:\/\/www.europesays.com\/fr\/wp-json\/wp\/v2\/posts\/145048\/revisions"}],"wp:featuredmedia":[{"embeddable":true,"href":"https:\/\/www.europesays.com\/fr\/wp-json\/wp\/v2\/media\/145049"}],"wp:attachment":[{"href":"https:\/\/www.europesays.com\/fr\/wp-json\/wp\/v2\/media?parent=145048"}],"wp:term":[{"taxonomy":"category","embeddable":true,"href":"https:\/\/www.europesays.com\/fr\/wp-json\/wp\/v2\/categories?post=145048"},{"taxonomy":"post_tag","embeddable":true,"href":"https:\/\/www.europesays.com\/fr\/wp-json\/wp\/v2\/tags?post=145048"}],"curies":[{"name":"wp","href":"https:\/\/api.w.org\/{rel}","templated":true}]}}