{"id":145050,"date":"2025-06-01T22:45:11","date_gmt":"2025-06-01T22:45:11","guid":{"rendered":"https:\/\/www.europesays.com\/fr\/145050\/"},"modified":"2025-06-01T22:45:11","modified_gmt":"2025-06-01T22:45:11","slug":"quelles-perturbations-prevoir-pour-la-ratp-et-la-sncf-cette-semaine-11","status":"publish","type":"post","link":"https:\/\/www.europesays.com\/fr\/145050\/","title":{"rendered":"Quelles perturbations pr\u00e9voir pour la RATP et la SNCF cette semaine ?"},"content":{"rendered":"<p>La semaine du lundi 2 au dimanche 8 juin s&rsquo;annonce perturb\u00e9e dans les transports en \u00cele-de-France. Plusieurs lignes de m\u00e9tro, RER et Transilien sont concern\u00e9es par des travaux de modernisation, ce qui provoque plusieurs changements.<\/p>\n<p>Les perturbations \u00e0 prendre \u00e0 compte dans les transports franciliens cette semaine M\u00e9tro<\/p>\n<ul>\n<li>Ligne 14 : Des fermetures sont pr\u00e9vues les vendredi 6 et samedi 7 juin, en raison de travaux de modernisation du syst\u00e8me de pilotage automatique. Des bus de remplacement circuleront entre les stations Gare de Lyon et Olympiades.<\/li>\n<\/ul>\n<p>RER<\/p>\n<ul>\n<li>RER A : Les soir\u00e9es du 2 au 6 juin, le trafic sera interrompu entre Maisons-Laffitte et Cergy-Le Haut, \u00e0 partir de 22h00. Un service de bus de remplacement est mis en place.<\/li>\n<li>RER B : Du lundi 2 au vendredi 6 juin, le trafic sera interrompu entre Gare du Nord et A\u00e9roport Charles de Gaulle 2-TGV \/ Mitry-Claye, du lundi au vendredi \u00e0 partir de 22h45 jusqu\u2019\u00e0 la fin du service.<\/li>\n<li>RER E : Du lundi 2 au vendredi 6 juin, \u00e0 partir de 22h45, le trafic est interrompu entre Nanterre-la-Folie et Chelles Gournay. Le dernier train NOCY de Chelles Gournay vers Nanterre-la-Folie est \u00e0 22h33.<\/li>\n<\/ul>\n<p>Transilien<\/p>\n<ul>\n<li>Ligne N : En semaine d\u00e8s 23h (sauf jours f\u00e9ri\u00e9s) du 2 au 6 juin, le trafic est interrompu entre Paris Montparnasse et Rambouillet. Un service de bus de remplacement est mis en place, avec desserte des gares interm\u00e9diaires.<\/li>\n<li>Ligne R : Du lundi 2 au vendredi 6 juin, les trains de la ligne R sont d\u00e9tourn\u00e9s par Corbeil-Essonnes. Pr\u00e9voir des allongements de temps de parcours.<\/li>\n<li>Ligne U : Le trafic est interrompu de La Verri\u00e8re vers La D\u00e9fense. Un service de bus de remplacement est mis en place, avec desserte des gares interm\u00e9diaires.<\/li>\n<\/ul>\n","protected":false},"excerpt":{"rendered":"La semaine du lundi 2 au dimanche 8 juin s&rsquo;annonce perturb\u00e9e dans les transports en \u00cele-de-France. Plusieurs lignes&hellip;\n","protected":false},"author":2,"featured_media":145051,"comment_status":"","ping_status":"","sticky":false,"template":"","format":"standard","meta":{"footnotes":""},"categories":[1592],"tags":[1111,11,1777,674,1011,27,3338,662,12,626,1306,25,12396],"class_list":{"0":"post-145050","1":"post","2":"type-post","3":"status-publish","4":"format-standard","5":"has-post-thumbnail","7":"category-ile-de-france","8":"tag-actu","9":"tag-actualites","10":"tag-eu","11":"tag-europe","12":"tag-fr","13":"tag-france","14":"tag-gare-de-lyon","15":"tag-ile-de-france","16":"tag-news","17":"tag-paris","18":"tag-regions","19":"tag-republique-francaise","20":"tag-rer"},"share_on_mastodon":{"url":"https:\/\/pubeurope.com\/@fr\/114610538003101930","error":""},"_links":{"self":[{"href":"https:\/\/www.europesays.com\/fr\/wp-json\/wp\/v2\/posts\/145050","targetHints":{"allow":["GET"]}}],"collection":[{"href":"https:\/\/www.europesays.com\/fr\/wp-json\/wp\/v2\/posts"}],"about":[{"href":"https:\/\/www.europesays.com\/fr\/wp-json\/wp\/v2\/types\/post"}],"author":[{"embeddable":true,"href":"https:\/\/www.europesays.com\/fr\/wp-json\/wp\/v2\/users\/2"}],"replies":[{"embeddable":true,"href":"https:\/\/www.europesays.com\/fr\/wp-json\/wp\/v2\/comments?post=145050"}],"version-history":[{"count":0,"href":"https:\/\/www.europesays.com\/fr\/wp-json\/wp\/v2\/posts\/145050\/revisions"}],"wp:featuredmedia":[{"embeddable":true,"href":"https:\/\/www.europesays.com\/fr\/wp-json\/wp\/v2\/media\/145051"}],"wp:attachment":[{"href":"https:\/\/www.europesays.com\/fr\/wp-json\/wp\/v2\/media?parent=145050"}],"wp:term":[{"taxonomy":"category","embeddable":true,"href":"https:\/\/www.europesays.com\/fr\/wp-json\/wp\/v2\/categories?post=145050"},{"taxonomy":"post_tag","embeddable":true,"href":"https:\/\/www.europesays.com\/fr\/wp-json\/wp\/v2\/tags?post=145050"}],"curies":[{"name":"wp","href":"https:\/\/api.w.org\/{rel}","templated":true}]}}