{"id":145056,"date":"2025-06-01T22:48:12","date_gmt":"2025-06-01T22:48:12","guid":{"rendered":"https:\/\/www.europesays.com\/fr\/145056\/"},"modified":"2025-06-01T22:48:12","modified_gmt":"2025-06-01T22:48:12","slug":"le-celebre-hotel-de-luxe-inaugure-une-patisserie-loin-de-la-place-vendome","status":"publish","type":"post","link":"https:\/\/www.europesays.com\/fr\/145056\/","title":{"rendered":"le c\u00e9l\u00e8bre h\u00f4tel de luxe inaugure une p\u00e2tisserie loin de la place Vend\u00f4me"},"content":{"rendered":"<p>            Par<br \/>\n        <strong><br \/>\n            <a href=\"https:\/\/actu.fr\/auteur\/ines-cussac-actu-fr\" title=\"Consulter tous les articles de In\u00e8s Cussac\" target=\"_blank\" rel=\"noopener\">In\u00e8s Cussac<\/a><br \/>\n        <\/strong><\/p>\n<p>        Publi\u00e9 le<\/p>\n<p>            1 juin 2025 \u00e0 19h02        <\/p>\n<p>\u00c0 deux pas du Lutetia, en face du Bon March\u00e9. <strong>Le Ritz Paris<\/strong> lance son nouveau commerce de vente \u00e0 emporter en plein c\u0153ur de la rive gauche. Lundi 2\u00a0juin 2025, le Comptoir Ritz Paris ouvrira ses portes aux badauds de passage devant le 45 rue de S\u00e8vres. \u00ab\u2009Passer les portes du Ritz, c\u2019est assez impressionnant\u2009\u00bb, reconna\u00eet chef p\u00e2tissier du c\u00e9l\u00e8bre h\u00f4tel cinq \u00e9toiles de la place Vend\u00f4me, <a href=\"https:\/\/actu.fr\/ile-de-france\/paris_75056\/gastronomie-la-meilleure-patisserie-du-monde-se-trouve-a-paris_61268919.html\" target=\"_blank\" rel=\"noopener\">Fran\u00e7ois Perret<\/a>. \u00ab\u2009Le Comptoir permet <strong>d\u2019ouvrir les portes aux Parisiens<\/strong> [\u2026]. C\u2019est important qu\u2019il y en ait pour tout le monde.\u2009\u00bb Le meilleur p\u00e2tissier de restaurant du monde de l\u2019ann\u00e9e 2019 <a href=\"https:\/\/actu.fr\/ile-de-france\/paris_75056\/le-meilleur-patissier-du-monde-ouvre-sa-boutique-a-paris_42401932.html\" target=\"_blank\" rel=\"noopener\">avait imagin\u00e9 ce concept de p\u00e2tisserie de luxe pour le public<\/a> il y a cinq ans. L\u2019objectif est de <strong>\u00ab\u2009rendre le Ritz accessible\u2009\u00bb.<\/strong> Une p\u00e2tisserie <a href=\"https:\/\/actu.fr\/ile-de-france\/paris_75056\/un-monstre-d-anciennes-employees-du-ritz-paris-accusent-mohamed-al-fayed-d-agressions-sexuelles_61631382.html\" target=\"_blank\" rel=\"noopener\">du c\u00e9l\u00e8bre \u00e9tablissement<\/a> avait \u00e9t\u00e9 ouverte dans la rue Cambon, derri\u00e8re la place Vend\u00f4me, avant de d\u00e9crocher le titre de <strong>meilleure p\u00e2tisserie du monde en 2024.<\/strong><\/p>\n<p>Une p\u00e2tisserie hors les murs<\/p>\n<p class=\" wall-content\">Dans le 6e arrondissement, pas de table ni de chaise ne seront install\u00e9es \u00e0 l\u2019int\u00e9rieur. Les clients pourront d\u00e9guster leurs entremets et leurs caf\u00e9s \u00e0 l\u2019ext\u00e9rieur uniquement.<\/p>\n<blockquote class=\"tiktok-embed\" cite=\"https:\/\/www.tiktok.com\/@actu.paris\/video\/7509136468212796694\" data-video-id=\"7509136468212796694\" data-embed-from=\"oembed\" style=\"max-width:605px; min-width:325px;\"><p>\n<a target=\"_blank\" title=\"@actu.paris\" href=\"https:\/\/www.tiktok.com\/@actu.paris?refer=embed\" rel=\"noopener\">@actu.paris<\/a> <\/p>\n<p>Le Ritz ouvre une boutique dans le 6e arrondissement pour d\u00e9guster les d\u00e9licieuses recettes de Fran\u00e7ois Perret, meilleur chef p\u00e2tissier du monde. <a title=\"ritz\" target=\"_blank\" href=\"https:\/\/www.tiktok.com\/tag\/ritz?refer=embed\" rel=\"noopener\">#ritz<\/a> <a title=\"luxe\" target=\"_blank\" href=\"https:\/\/www.tiktok.com\/tag\/luxe?refer=embed\" rel=\"noopener\">#luxe<\/a> <a title=\"paris\" target=\"_blank\" href=\"https:\/\/www.tiktok.com\/tag\/paris?refer=embed\" rel=\"noopener\">#paris<\/a> <a title=\"hotel\" target=\"_blank\" href=\"https:\/\/www.tiktok.com\/tag\/hotel?refer=embed\" rel=\"noopener\">#hotel<\/a> <a title=\"patisserie\" target=\"_blank\" href=\"https:\/\/www.tiktok.com\/tag\/patisserie?refer=embed\" rel=\"noopener\">#patisserie<\/a> <a title=\"rivegauche\" target=\"_blank\" href=\"https:\/\/www.tiktok.com\/tag\/rivegauche?refer=embed\" rel=\"noopener\">#rivegauche<\/a> <a title=\"parisian\" target=\"_blank\" href=\"https:\/\/www.tiktok.com\/tag\/parisian?refer=embed\" rel=\"noopener\">#parisian<\/a> <a title=\"french\" target=\"_blank\" href=\"https:\/\/www.tiktok.com\/tag\/french?refer=embed\" rel=\"noopener\">#french<\/a> <a title=\"fyp\" target=\"_blank\" href=\"https:\/\/www.tiktok.com\/tag\/fyp?refer=embed\" rel=\"noopener\">#fyp<\/a> <a title=\"foryou\" target=\"_blank\" href=\"https:\/\/www.tiktok.com\/tag\/foryou?refer=embed\" rel=\"noopener\">#foryou<\/a><\/p>\n<p> <a target=\"_blank\" title=\"\u266c son original - Actu Paris\" href=\"https:\/\/www.tiktok.com\/music\/son-original-7509136451196570390?refer=embed\" rel=\"noopener\">\u266c son original \u2013 Actu Paris<\/a> <\/p>\n<\/blockquote>\n<p class=\" wall-content\">Pour c\u00e9l\u00e9brer l\u2019ouverture de cette nouvelle adresse, Fran\u00e7ois Perret a \u00e9labor\u00e9 trois \u00e9clairs diff\u00e9rents\u2009: l\u2019un \u00e0 la vanille, l\u2019autre au chocolat et le dernier au caf\u00e9. Celui-ci a \u00e9t\u00e9 con\u00e7u avec <strong>un blend sp\u00e9cialement cr\u00e9\u00e9 pour les Comptoirs<\/strong> de l\u2019enseigne. Il sera en vente exclusive dans cette boutique.<\/p>\n<p class=\" wall-content\">Derri\u00e8re les vitrines, madeleines, marbr\u00e9s et autres fraisiers sont expos\u00e9s en parts individuelles ou en g\u00e2teau pour plusieurs personnes. Des sandwichs sont aussi propos\u00e9s. \u00ab\u2009Il fallait une touche sal\u00e9e\u2009\u00bb, assure le chef qui esp\u00e8re ainsi inscrire le nom Ritz dans le quotidien des Parisiens et sur leurs tables avec <strong>des produits \u00e0 manger sur le pouce et d\u2019autres \u00e0 partager<\/strong>.<\/p>\n<p>Vid\u00e9os : en ce moment sur Actu<\/p>\n<p class=\" wall-content\">\u00c0 l\u2019image du Crillon qui ouvre son restaurant \u00e0 d\u2019autres clients que ceux de l\u2019h\u00f4tel, de la chocolaterie du Bristol ou encore de la p\u00e2tisserie de C\u00e9dric Grolet du Meurice, les palaces ne veulent plus seulement attirer les touristes \u00e9trangers de passage dans la capitale. <strong>Ils veulent conqu\u00e9rir le c\u0153ur des Parisiens<\/strong>, peu enclins \u00e0 passer une nuit dans leur ville. Mais \u00e0 la diff\u00e9rence de la concurrence, le Ritz est le seul \u00e0 ouvrir une boutique \u00e0 l\u2019ext\u00e9rieur de ses murs.<\/p>\n<p class=\" wall-content\">Suivez toute l\u2019actualit\u00e9 de vos villes et m\u00e9dias favoris en vous inscrivant \u00e0 <a href=\"https:\/\/moncompte.actu.fr\" title=\"D\u00e9couvez Mon Actu\" rel=\"nofollow noopener\" data-trk=\"{&quot;cta&quot;:{&quot;action&quot;:&quot;https:\\\/\\\/moncompte.actu.fr&quot;,&quot;category&quot;:&quot;mon compte&quot;,&quot;from&quot;:&quot;article footer&quot;,&quot;name&quot;:&quot;Mon actu&quot;,&quot;type&quot;:&quot;cta&quot;}}\" target=\"_blank\">Mon Actu<\/a>.<\/p>\n<p>                    <script async src=\"\/\/www.tiktok.com\/embed.js\"><\/script><\/p>\n","protected":false},"excerpt":{"rendered":"Par In\u00e8s Cussac Publi\u00e9 le 1 juin 2025 \u00e0 19h02 \u00c0 deux pas du Lutetia, en face du&hellip;\n","protected":false},"author":2,"featured_media":145057,"comment_status":"","ping_status":"","sticky":false,"template":"","format":"standard","meta":{"footnotes":""},"categories":[1888],"tags":[11,1777,674,1011,27,2425,12,626,27403,25,1340,104],"class_list":{"0":"post-145056","1":"post","2":"type-post","3":"status-publish","4":"format-standard","5":"has-post-thumbnail","7":"category-paris","8":"tag-actualites","9":"tag-eu","10":"tag-europe","11":"tag-fr","12":"tag-france","13":"tag-luxe","14":"tag-news","15":"tag-paris","16":"tag-place-vendome","17":"tag-republique-francaise","18":"tag-restaurant","19":"tag-societe"},"share_on_mastodon":{"url":"https:\/\/pubeurope.com\/@fr\/114610549853542265","error":""},"_links":{"self":[{"href":"https:\/\/www.europesays.com\/fr\/wp-json\/wp\/v2\/posts\/145056","targetHints":{"allow":["GET"]}}],"collection":[{"href":"https:\/\/www.europesays.com\/fr\/wp-json\/wp\/v2\/posts"}],"about":[{"href":"https:\/\/www.europesays.com\/fr\/wp-json\/wp\/v2\/types\/post"}],"author":[{"embeddable":true,"href":"https:\/\/www.europesays.com\/fr\/wp-json\/wp\/v2\/users\/2"}],"replies":[{"embeddable":true,"href":"https:\/\/www.europesays.com\/fr\/wp-json\/wp\/v2\/comments?post=145056"}],"version-history":[{"count":0,"href":"https:\/\/www.europesays.com\/fr\/wp-json\/wp\/v2\/posts\/145056\/revisions"}],"wp:featuredmedia":[{"embeddable":true,"href":"https:\/\/www.europesays.com\/fr\/wp-json\/wp\/v2\/media\/145057"}],"wp:attachment":[{"href":"https:\/\/www.europesays.com\/fr\/wp-json\/wp\/v2\/media?parent=145056"}],"wp:term":[{"taxonomy":"category","embeddable":true,"href":"https:\/\/www.europesays.com\/fr\/wp-json\/wp\/v2\/categories?post=145056"},{"taxonomy":"post_tag","embeddable":true,"href":"https:\/\/www.europesays.com\/fr\/wp-json\/wp\/v2\/tags?post=145056"}],"curies":[{"name":"wp","href":"https:\/\/api.w.org\/{rel}","templated":true}]}}