{"id":145064,"date":"2025-06-01T22:52:09","date_gmt":"2025-06-01T22:52:09","guid":{"rendered":"https:\/\/www.europesays.com\/fr\/145064\/"},"modified":"2025-06-01T22:52:09","modified_gmt":"2025-06-01T22:52:09","slug":"le-fbi-deploye-apres-une-attaque-terroriste-ciblee-dans-le-colorado-plusieurs-victimes","status":"publish","type":"post","link":"https:\/\/www.europesays.com\/fr\/145064\/","title":{"rendered":"le FBI d\u00e9ploy\u00e9 apr\u00e8s \u00ab\u00a0une attaque terroriste cibl\u00e9e\u00a0\u00bb dans le Colorado, plusieurs victimes"},"content":{"rendered":"<p>            Par<br \/>\n        <strong><br \/>\n            <a href=\"https:\/\/actu.fr\/auteur\/redaction-actu\" title=\"Consulter tous les articles de R\u00e9daction Actu\" target=\"_blank\" rel=\"noopener\">R\u00e9daction Actu<\/a><br \/>\n        <\/strong><\/p>\n<p>        Publi\u00e9 le<\/p>\n<p>            2 juin 2025 \u00e0 0h17        <\/p>\n<p>La police f\u00e9d\u00e9rale am\u00e9ricaine (FBI) a ouvert une enqu\u00eate dimanche 1er juin 2025 pour une \u00ab\u00a0attaque terroriste cibl\u00e9e\u00a0\u00bb qui s\u2019est d\u00e9roul\u00e9e \u00e0 Boulder, dans le Colorado (ouest), plusieurs m\u00e9dias faisant \u00e9tat d\u2019une attaque contre une manifestation pro-isra\u00e9lienne.<\/p>\n<blockquote class=\"ac-article-quote wall-content\">\n<p>Nous avons connaissance d&rsquo;une attaque terroriste cibl\u00e9e \u00e0 Boulder, dans le Colorado, et nous menons une enqu\u00eate approfondie \u00e0 ce sujet. Nos agents et les forces de l&rsquo;ordre locales sont d\u00e9j\u00e0 sur place et nous communiquerons au fur et \u00e0 mesure que de nouvelles informations seront disponibles.<\/p>\n<p>    <strong>Kash Patel<\/strong><br \/>\n        Patron du FBI    <\/p><\/blockquote>\n<p class=\" wall-content\">\n<p class=\" wall-content\">La police de Boulder, ville d\u2019un peu plus de 100.000 habitants situ\u00e9e \u00e0 une quarantaine de kilom\u00e8tres au nord-ouest de Denver, parle quant \u00e0 elle de \u00ab\u00a0plusieurs victimes\u00a0\u00bb et demande aux habitants d\u2019\u00e9viter la zone.<\/p>\n<p>Un cocktail molotov ?<\/p>\n<p class=\" wall-content\">L\u2019organisation juive ADL (Anti-Defamation League) rapporte \u00e9galement \u00ab\u00a0une attaque\u00a0\u00bb lors \u00ab\u00a0d\u2019un rassemblement hebdomadaire de membres de la communaut\u00e9 juive qui courent ou marchent en soutien aux otages enlev\u00e9s le 7-Octobre\u00a0\u00bb 2023 en Isra\u00ebl, lors de l\u2019attaque sans pr\u00e9c\u00e9dent du Hamas qui a d\u00e9clench\u00e9 la guerre \u00e0 Gaza. Mais elle ne donne pas de bilan.<\/p>\n<p class=\" wall-content\">Selon des m\u00e9dias locaux qui citent des t\u00e9moins, un homme aurait \u00e9t\u00e9 vu lancer ce qui ressemblait \u00e0 cocktail molotov sur un groupe de manifestants pro-Isra\u00ebl.<\/p>\n<p>Vid\u00e9os : en ce moment sur Actu<\/p>\n<p class=\" wall-content\">Le gouverneur de l\u2019Etat, le d\u00e9mocrate Jared Polis, \u00e9crit quant \u00e0 lui sur X que ses \u00ab\u00a0pens\u00e9es sont avec les personnes qui ont \u00e9t\u00e9 bless\u00e9es et touch\u00e9es par cet acte de terreur haineux\u00a0\u00bb<br \/>La police de Boulder doit tenir une conf\u00e9rence de presse en fin d\u2019apr\u00e8s-midi.<\/p>\n<p class=\" wall-content\">Source : AFP.<\/p>\n<p class=\" wall-content\">Suivez toute l\u2019actualit\u00e9 de vos villes et m\u00e9dias favoris en vous inscrivant \u00e0 <a href=\"https:\/\/moncompte.actu.fr\" title=\"D\u00e9couvez Mon Actu\" rel=\"nofollow noopener\" data-trk=\"{&quot;cta&quot;:{&quot;action&quot;:&quot;https:\\\/\\\/moncompte.actu.fr&quot;,&quot;category&quot;:&quot;mon compte&quot;,&quot;from&quot;:&quot;article footer&quot;,&quot;name&quot;:&quot;Mon actu&quot;,&quot;type&quot;:&quot;cta&quot;}}\" target=\"_blank\">Mon Actu<\/a>.<\/p>\n","protected":false},"excerpt":{"rendered":"Par R\u00e9daction Actu Publi\u00e9 le 2 juin 2025 \u00e0 0h17 La police f\u00e9d\u00e9rale am\u00e9ricaine (FBI) a ouvert une&hellip;\n","protected":false},"author":2,"featured_media":145065,"comment_status":"","ping_status":"","sticky":false,"template":"","format":"standard","meta":{"footnotes":""},"categories":[1589],"tags":[11,73,1866,74,12,1254,1864,1865,1863,308],"class_list":{"0":"post-145064","1":"post","2":"type-post","3":"status-publish","4":"format-standard","5":"has-post-thumbnail","7":"category-etats-unis","8":"tag-actualites","9":"tag-etats-unis","10":"tag-etats-unis-damerique","11":"tag-monde","12":"tag-news","13":"tag-terrorisme","14":"tag-united-states","15":"tag-united-states-of-america","16":"tag-us","17":"tag-usa"},"share_on_mastodon":{"url":"https:\/\/pubeurope.com\/@fr\/114610565507241714","error":""},"_links":{"self":[{"href":"https:\/\/www.europesays.com\/fr\/wp-json\/wp\/v2\/posts\/145064","targetHints":{"allow":["GET"]}}],"collection":[{"href":"https:\/\/www.europesays.com\/fr\/wp-json\/wp\/v2\/posts"}],"about":[{"href":"https:\/\/www.europesays.com\/fr\/wp-json\/wp\/v2\/types\/post"}],"author":[{"embeddable":true,"href":"https:\/\/www.europesays.com\/fr\/wp-json\/wp\/v2\/users\/2"}],"replies":[{"embeddable":true,"href":"https:\/\/www.europesays.com\/fr\/wp-json\/wp\/v2\/comments?post=145064"}],"version-history":[{"count":0,"href":"https:\/\/www.europesays.com\/fr\/wp-json\/wp\/v2\/posts\/145064\/revisions"}],"wp:featuredmedia":[{"embeddable":true,"href":"https:\/\/www.europesays.com\/fr\/wp-json\/wp\/v2\/media\/145065"}],"wp:attachment":[{"href":"https:\/\/www.europesays.com\/fr\/wp-json\/wp\/v2\/media?parent=145064"}],"wp:term":[{"taxonomy":"category","embeddable":true,"href":"https:\/\/www.europesays.com\/fr\/wp-json\/wp\/v2\/categories?post=145064"},{"taxonomy":"post_tag","embeddable":true,"href":"https:\/\/www.europesays.com\/fr\/wp-json\/wp\/v2\/tags?post=145064"}],"curies":[{"name":"wp","href":"https:\/\/api.w.org\/{rel}","templated":true}]}}