{"id":145069,"date":"2025-06-01T22:55:13","date_gmt":"2025-06-01T22:55:13","guid":{"rendered":"https:\/\/www.europesays.com\/fr\/145069\/"},"modified":"2025-06-01T22:55:13","modified_gmt":"2025-06-01T22:55:13","slug":"wainiqolo-brille-de-mille-feux-le-champion-deurope-deborde-les-tops-et-les-flops","status":"publish","type":"post","link":"https:\/\/www.europesays.com\/fr\/145069\/","title":{"rendered":"Wainiqolo brille de mille feux, le champion d\u2019Europe d\u00e9bord\u00e9&#8230; Les tops et les flops"},"content":{"rendered":"<p>Pour le dernier match de la 25e journ\u00e9e de Top 14, le RCT a domin\u00e9 les champions d\u2019Europe \u00e0 Mayol dimanche soir (27-10) et peut encore r\u00eaver d\u2019une qualification directe en phases finales.<\/p>\n<p class=\"fig-paragraph\"><strong>TOPS<\/strong><\/p>\n<p><strong>Les adieux r\u00e9ussis de Wainiqolo \u00e0 Mayol<\/strong><\/p>\n<p class=\"fig-paragraph\">En partance pour le Lou la saison prochaine, Jiuta Wainiqolo a d\u00e9livr\u00e9 une derni\u00e8re prestation de haute vol\u00e9e \u00e0 Mayol, son jardin pendant quatre saisons. Auteur d\u2019un doubl\u00e9, dont\u00a0<a href=\"http:\/\/www.lefigaro.fr\/sports\/rugby\/top-14\/top-14-en-video-le-magnifique-exploit-du-toulonnais-wainiqolo-face-a-l-ubb-20250601\" data-fig-type=\"NewsFlash\" data-gtm-custom-categorie=\"navigation\" data-gtm-custom-action=\"crossclick\" data-gtm-custom-label=\"Contextuel\" data-gtm-event=\"customEventSPE\" data-fig-domain=\"LEFIGARO\" target=\"_blank\" rel=\"noopener\">l\u2019un des plus beaux essais de la saison<\/a>\u00a0o\u00f9 il a battu quatre d\u00e9fenseurs \u00e0 lui seul avant de r\u00e9sister \u00e0 trois autres pour aplatir (25e), l\u2019ailier fidjien a donn\u00e9 le tournis \u00e0 la d\u00e9fense girondine. Avec trois franchissements, huit d\u00e9fenseurs battus et 80 m\u00e8tres parcourus balle en main, les chiffres du match de Jiuta Wainiqolo parlent d\u2019eux-m\u00eames. Ceux d\u2019un facteur X logiquement \u00e9lu homme du match.<\/p>\n<p><strong>Melvyn Jaminet retrouve des couleurs dans le sprint final<\/strong><\/p>\n<p class=\"fig-paragraph\">Dans une saison compliqu\u00e9e, marqu\u00e9e par une longue suspension avant d\u2019\u00eatre victime d\u2019une fracture du plancher orbital face \u00e0 Vannes fin avril, Melvyn Jaminet retrouve peu \u00e0 peu son niveau, au grand bonheur du RCT \u00e0 l\u2019aube d\u2019aborder les phases finales. Pr\u00e9cis face aux perches contre l\u2019UBB (5\/6, 12 points), l\u2019arri\u00e8re international s\u2019est \u00e9galement montr\u00e9 tranchant dans ses intentions, malgr\u00e9 quelques d\u00e9chets et ballons tomb\u00e9s. Avec 83 m\u00e8tres parcourus ballon en main, le meilleur total du match, Melvyn Jaminet a rapidement retrouv\u00e9 son statut de titulaire indiscutable et cadre du squad de Pierre Mignoni, plus que jamais ambitieux dans cette fin de saison.<\/p>\n<p><strong>Le RCT s\u2019assure au minimum un barrage \u00e0 domicile et r\u00eave de mieux<\/strong><\/p>\n<p class=\"fig-paragraph\"><a href=\"https:\/\/www.lefigaro.fr\/sports\/rugby\/live\/top-14\/2025\/943345\/toulon-bordeaux-begles\" data-fig-type=\"Live\" data-gtm-custom-categorie=\"navigation\" data-gtm-custom-action=\"crossclick\" data-gtm-custom-label=\"Contextuel\" data-gtm-event=\"customEventSPE\" data-fig-domain=\"LEFIGARO\" target=\"_blank\" rel=\"noopener\">Vainqueur de l\u2019Union Bordeaux-B\u00e8gles<\/a>\u00a0dimanche soir (27-10), le Rugby Club Toulonnais est officiellement assur\u00e9 de terminer au minimum troisi\u00e8me du Top 14 et s\u2019adjuge donc un barrage \u00e0 domicile. Cueillis \u00e0 froid par un essai de Rohan Janse van Rensburg (5e), les Varois ont ensuite r\u00e9agi avec deux essais de Jiuta Wainiqolo (15e, 25e) pour prendre l\u2019avantage et ne plus jamais le l\u00e2cher. En fin de match, Leicester Fainga\u2019anuku a assur\u00e9 le succ\u00e8s des siens avec un essai tout en puissance, \u00e0 la sortie d\u2019une m\u00eal\u00e9e. Les hommes de Pierre Mignoni peuvent m\u00eame encore r\u00eaver d\u2019une qualification directe en demi-finale. Mais sans le bonus offensif acquis ce dimanche soir, il faudra pour cela faire mieux que leurs adversaires du soir la semaine prochaine. Bordeaux-B\u00e8gles accueillera la lanterne rouge Vannes tandis que Toulon se d\u00e9placera \u00e0 Bayonne, solide quatri\u00e8me et dernier club invaincu \u00e0 domicile cette saison.<\/p>\n<p class=\"fig-paragraph\"><strong>FLOPS<\/strong><\/p>\n<p><strong>Un champion d\u2019Europe remani\u00e9 qui subit la loi du RCT<\/strong><\/p>\n<p class=\"fig-paragraph\">En proposant logiquement un XV de d\u00e9part remani\u00e9 dans les grandes largeurs par rapport au\u00a0<a href=\"http:\/\/www.lefigaro.fr\/sports\/rugby\/coupe-d-europe\/champions-cup-l-ubb-prend-date-une-deuxieme-ligne-de-mammouths-pollock-musele-les-coups-de-coeur-et-coups-de-griffe-de-notre-envoye-special-20250525\" data-fig-type=\"NewsFlash\" data-gtm-custom-categorie=\"navigation\" data-gtm-custom-action=\"crossclick\" data-gtm-custom-label=\"Contextuel\" data-gtm-event=\"customEventSPE\" data-fig-domain=\"LEFIGARO\" target=\"_blank\" rel=\"noopener\">sacre europ\u00e9en face \u00e0 Northampton<\/a>\u00a0samedi dernier, Yannick Bru ne se faisait sans doute gu\u00e8re d\u2019illusions sur ce choc au sommet de la 25e journ\u00e9e \u00e0 Mayol, o\u00f9 le RCT est invaincu cette saison (une d\u00e9faite au V\u00e9lodrome face au Stade Toulousain). Malgr\u00e9 un excellent d\u00e9but de match et un essai casquette de Rohan Janse van Rensburg (10-0, 6e), les Girondins ont ensuite \u00e9t\u00e9 domin\u00e9s dans tous les secteurs du jeu face aux Toulonnais, n\u2019inscrivant pas le moindre point jusqu\u2019au coup de sifflet final. Certains habituels rempla\u00e7ants avaient l\u00e0 une derni\u00e8re opportunit\u00e9 de se montrer avant les phases finales et ont sembl\u00e9 \u00e0 la peine, comme le pilier Ugo Boniface, p\u00e9nalis\u00e9 \u00e0 deux reprises, ou encore l\u2019ouvreur Joey Carbery, qui termine la rencontre avec six plaquages manqu\u00e9s.<\/p>\n<p><strong>Un pack en difficult\u00e9 et une d\u00e9fense d\u00e9bord\u00e9e<\/strong><\/p>\n<p class=\"fig-paragraph\">P\u00e9nalis\u00e9 \u00e0 quatre reprises en m\u00eal\u00e9e ferm\u00e9e, dont deux fois sur ses introductions, le huit de devant girondin a \u00e9t\u00e9 chahut\u00e9 sur la pelouse de Mayol face aux guerriers toulonnais. Malgr\u00e9 un bon d\u00e9but de match, les Girondins ont peu \u00e0 peu perdu pied et subi la loi des Varois, montrant des largesses d\u00e9fensives inhabituelles avec 41 plaquages manqu\u00e9s au total.<\/p>\n","protected":false},"excerpt":{"rendered":"Pour le dernier match de la 25e journ\u00e9e de Top 14, le RCT a domin\u00e9 les champions d\u2019Europe&hellip;\n","protected":false},"author":2,"featured_media":145070,"comment_status":"","ping_status":"","sticky":false,"template":"","format":"standard","meta":{"footnotes":""},"categories":[1586],"tags":[11,525,4590,1981,2313,814,1777,674,1011,27,955,12,4589,2311,25,1980,479,10405,2259,478,2310,2312,7974],"class_list":{"0":"post-145069","1":"post","2":"type-post","3":"status-publish","4":"format-standard","5":"has-post-thumbnail","7":"category-europe","8":"tag-actualites","9":"tag-calendrier","10":"tag-championnat-france","11":"tag-classement","12":"tag-clermont","13":"tag-direct","14":"tag-eu","15":"tag-europe","16":"tag-fr","17":"tag-france","18":"tag-match","19":"tag-news","20":"tag-phase-finale","21":"tag-racing","22":"tag-republique-francaise","23":"tag-resultats","24":"tag-rugby","25":"tag-rugby-club-toulonnais","26":"tag-score","27":"tag-top-14","28":"tag-toulon","29":"tag-toulouse","30":"tag-union-bordeaux-begles"},"share_on_mastodon":{"url":"https:\/\/pubeurope.com\/@fr\/114610577770054129","error":""},"_links":{"self":[{"href":"https:\/\/www.europesays.com\/fr\/wp-json\/wp\/v2\/posts\/145069","targetHints":{"allow":["GET"]}}],"collection":[{"href":"https:\/\/www.europesays.com\/fr\/wp-json\/wp\/v2\/posts"}],"about":[{"href":"https:\/\/www.europesays.com\/fr\/wp-json\/wp\/v2\/types\/post"}],"author":[{"embeddable":true,"href":"https:\/\/www.europesays.com\/fr\/wp-json\/wp\/v2\/users\/2"}],"replies":[{"embeddable":true,"href":"https:\/\/www.europesays.com\/fr\/wp-json\/wp\/v2\/comments?post=145069"}],"version-history":[{"count":0,"href":"https:\/\/www.europesays.com\/fr\/wp-json\/wp\/v2\/posts\/145069\/revisions"}],"wp:featuredmedia":[{"embeddable":true,"href":"https:\/\/www.europesays.com\/fr\/wp-json\/wp\/v2\/media\/145070"}],"wp:attachment":[{"href":"https:\/\/www.europesays.com\/fr\/wp-json\/wp\/v2\/media?parent=145069"}],"wp:term":[{"taxonomy":"category","embeddable":true,"href":"https:\/\/www.europesays.com\/fr\/wp-json\/wp\/v2\/categories?post=145069"},{"taxonomy":"post_tag","embeddable":true,"href":"https:\/\/www.europesays.com\/fr\/wp-json\/wp\/v2\/tags?post=145069"}],"curies":[{"name":"wp","href":"https:\/\/api.w.org\/{rel}","templated":true}]}}