{"id":145073,"date":"2025-06-01T22:57:08","date_gmt":"2025-06-01T22:57:08","guid":{"rendered":"https:\/\/www.europesays.com\/fr\/145073\/"},"modified":"2025-06-01T22:57:08","modified_gmt":"2025-06-01T22:57:08","slug":"le-candidat-centriste-rafal-trzaskowski-dans-un-tete-a-tete-tres-serre-avec-son-rival-nationaliste-karol-nawrocki-selon-des-sondages-sortis-des-urnes-liberation","status":"publish","type":"post","link":"https:\/\/www.europesays.com\/fr\/145073\/","title":{"rendered":"le candidat centriste Rafal Trzaskowski dans un t\u00eate-\u00e0-t\u00eate tr\u00e8s serr\u00e9 avec son rival nationaliste Karol Nawrocki, selon des sondages sortis des urnes \u2013 Lib\u00e9ration"},"content":{"rendered":"<p class=\"sc-ksZaOG ehjQrN text-element\">Au coude \u00e0 coude. Alors que le maire lib\u00e9ral de Varsovie, Rafal Trzaskowski, semblait pr\u00eat \u00e0 remporter l\u2019\u00e9lection pr\u00e9sidentielle polonaise de dimanche sur le fil du rasoir -avec 50,3% des suffrages-, selon un sondage \u00e0 la sortie des urnes, la tendance s\u2019est invers\u00e9e apr\u00e8s 23h15. Karol Nawrocki est apparu en t\u00eate lors d\u2019un sondage tardif avec 50,7% contre 49,3% pour son rival.<\/p>\n<p class=\"sc-ksZaOG ehjQrN text-element\">En d\u00e9but de soir\u00e9e, la premi\u00e8re enqu\u00eate r\u00e9alis\u00e9e par Ipsos pour les cha\u00eenes TVN, TVP et Polsat affichait un r\u00e9sultat inverse. Trzaskowski, membre de la Coalition civique, le parti centriste au pouvoir, \u00e9tait en passe de remporter le scrutin avec 50,3 % des suffrages. Karol Nawrocki, historien conservateur et boxeur amateur, soutenu par les nationalistes de Droit et Justice (PiS), n\u2019obtenait alors que 49,7 %. Un sondage qui comportait une marge d\u2019erreur de 2 points de pourcentage. Les r\u00e9sultats vont s\u2019affiner tout au long de la nuit qui promet d\u2019\u00eatre longue. Ils devraient \u00eatre d\u00e9finitifs et publi\u00e9s ce lundi 2 juin.<\/p>\n<p class=\"sc-ksZaOG ehjQrN text-element\">A la veille du second tour, la derni\u00e8re moyenne des sondages pr\u00e9voyait une victoire extr\u00eamement \u00e9troite pour le centriste et maire de Varsovie Trzaskowski, avec 50,6 % contre 49,4 % pour Nawrocki.<\/p>\n<p class=\"sc-ksZaOG ehjQrN text-element\"><a href=\"https:\/\/www.liberation.fr\/international\/europe\/presidentielle-en-pologne-deux-visions-du-monde-au-coude-a-coude-20250530_NG3YNYIMFNGJLJI2WVSRJFC6QE\/\" target=\"_blank\" rel=\"noopener\" title=\"https:\/\/www.liberation.fr\/international\/europe\/presidentielle-en-pologne-deux-visions-du-monde-au-coude-a-coude-20250530_NG3YNYIMFNGJLJI2WVSRJFC6QE\/\">Cette \u00e9lection engageait deux visions oppos\u00e9es de la Pologne<\/a>. La candidature du centriste Rafal Trzaskowski, 53 ans, \u00e9tait largement soutenue et esp\u00e9r\u00e9e par le gouvernement lib\u00e9ral du Premier ministre, Donald Tusk, qui se trouve depuis des mois dans une impasse politique face au pr\u00e9sident conservateur sortant, Andrzej Duda. En Pologne, le chef de l\u2019Etat a un r\u00f4le principalement honorifique, mais est dot\u00e9 d\u2019un pouvoir de veto crucial. Andrzej Duda a emp\u00each\u00e9 le Premier ministre, Donald Tusk, de tenir nombre de ses promesses \u00e9lectorales, dont des r\u00e9formes judiciaires, la lib\u00e9ralisation de la loi sur l\u2019avortement et l\u2019introduction des unions civiles.<\/p>\n<p class=\"sc-ksZaOG ehjQrN text-element\">L\u2019historien nationaliste Karol Nawrocki, \u00e2g\u00e9 de 42 ans, est un grand admirateur du pr\u00e9sident am\u00e9ricain Donald Trump, s\u2019oppose \u00e0 l\u2019adh\u00e9sion de l\u2019Ukraine \u00e0 l\u2019Otan et d\u00e9nonce les aides accord\u00e9es aux r\u00e9fugi\u00e9s ukrainiens en Pologne, alors que ce pays a \u00e9t\u00e9 \u00e0 la pointe du soutien \u00e0 l\u2019Ukraine depuis l\u2019invasion russe en f\u00e9vrier 2022.<\/p>\n<p class=\"sc-ksZaOG ehjQrN text-element\">Lors des derniers jours de la campagne, Rafal Trzaskowski, arriv\u00e9 en t\u00eate du premier tour le 18 mai avec une marge infime de 31 % contre 30 % pour son adversaire, avait appel\u00e9 les \u00e9lecteurs \u00e0 se mobiliser en masse pour aller voter. Aux \u00e9lections l\u00e9gislatives de 2023, un taux de participation record, \u00e0 74,38 %, notamment des jeunes \u00e9lecteurs, avait donn\u00e9 la victoire \u00e0 la coalition pro-europ\u00e9enne de Donald Tusk.<\/p>\n<p class=\"sc-ksZaOG ehjQrN text-element\">Au premier tour de cette pr\u00e9sidentielle, les candidats d\u2019extr\u00eame droite avaient obtenu plus de 21 %. Leurs voix devaient se reporter naturellement sur Karol Nawrocki. La campagne \u00e9lectorale a aussi \u00e9t\u00e9 marqu\u00e9e par des r\u00e9v\u00e9lations sur le pass\u00e9 de celui-ci. Des m\u00e9dias ont d\u00e9voil\u00e9 qu\u2019il avait acquis un appartement aupr\u00e8s d\u2019un homme \u00e2g\u00e9 \u00e0 l\u2019issue d\u2019une transaction jug\u00e9e opaque par des observateurs et ses opposants politiques.<\/p>\n<p class=\"sc-ksZaOG ehjQrN text-element\">Les m\u00e9dias polonais ont aussi publi\u00e9 une enqu\u00eate affirmant qu\u2019il \u00e9tait impliqu\u00e9 dans l\u2019introduction de prostitu\u00e9es dans un h\u00f4tel \u00e0 Sopot, dans le Nord, \u00e0 l\u2019\u00e9poque o\u00f9 il y travaillait comme garde, il y a une vingtaine d\u2019ann\u00e9es. Karol Nawrocki avait d\u00e9nonc\u00e9 des \u00abmensonges\u00bb.<\/p>\n","protected":false},"excerpt":{"rendered":"Au coude \u00e0 coude. Alors que le maire lib\u00e9ral de Varsovie, Rafal Trzaskowski, semblait pr\u00eat \u00e0 remporter l\u2019\u00e9lection&hellip;\n","protected":false},"author":2,"featured_media":127318,"comment_status":"","ping_status":"","sticky":false,"template":"","format":"standard","meta":{"footnotes":""},"categories":[2],"tags":[11,75,1076,1011,27,12,2437,25,364],"class_list":{"0":"post-145073","1":"post","2":"type-post","3":"status-publish","4":"format-standard","5":"has-post-thumbnail","7":"category-actualites","8":"tag-actualites","9":"tag-donald-trump","10":"tag-extreme-droite","11":"tag-fr","12":"tag-france","13":"tag-news","14":"tag-pologne","15":"tag-republique-francaise","16":"tag-union-europeenne"},"share_on_mastodon":{"url":"","error":""},"_links":{"self":[{"href":"https:\/\/www.europesays.com\/fr\/wp-json\/wp\/v2\/posts\/145073","targetHints":{"allow":["GET"]}}],"collection":[{"href":"https:\/\/www.europesays.com\/fr\/wp-json\/wp\/v2\/posts"}],"about":[{"href":"https:\/\/www.europesays.com\/fr\/wp-json\/wp\/v2\/types\/post"}],"author":[{"embeddable":true,"href":"https:\/\/www.europesays.com\/fr\/wp-json\/wp\/v2\/users\/2"}],"replies":[{"embeddable":true,"href":"https:\/\/www.europesays.com\/fr\/wp-json\/wp\/v2\/comments?post=145073"}],"version-history":[{"count":0,"href":"https:\/\/www.europesays.com\/fr\/wp-json\/wp\/v2\/posts\/145073\/revisions"}],"wp:featuredmedia":[{"embeddable":true,"href":"https:\/\/www.europesays.com\/fr\/wp-json\/wp\/v2\/media\/127318"}],"wp:attachment":[{"href":"https:\/\/www.europesays.com\/fr\/wp-json\/wp\/v2\/media?parent=145073"}],"wp:term":[{"taxonomy":"category","embeddable":true,"href":"https:\/\/www.europesays.com\/fr\/wp-json\/wp\/v2\/categories?post=145073"},{"taxonomy":"post_tag","embeddable":true,"href":"https:\/\/www.europesays.com\/fr\/wp-json\/wp\/v2\/tags?post=145073"}],"curies":[{"name":"wp","href":"https:\/\/api.w.org\/{rel}","templated":true}]}}