{"id":145074,"date":"2025-06-01T22:58:08","date_gmt":"2025-06-01T22:58:08","guid":{"rendered":"https:\/\/www.europesays.com\/fr\/145074\/"},"modified":"2025-06-01T22:58:08","modified_gmt":"2025-06-01T22:58:08","slug":"des-orages-sabattent-sur-des-communes-du-rhone","status":"publish","type":"post","link":"https:\/\/www.europesays.com\/fr\/145074\/","title":{"rendered":"des orages s&rsquo;abattent sur des communes du Rh\u00f4ne"},"content":{"rendered":"<p>            Par<br \/>\n        <strong><br \/>\n            <a href=\"https:\/\/actu.fr\/auteur\/redaction-lyon\" title=\"Consulter tous les articles de R\u00e9daction Lyon\" target=\"_blank\" rel=\"noopener\">R\u00e9daction Lyon<\/a><br \/>\n        <\/strong><\/p>\n<p>        Publi\u00e9 le<\/p>\n<p>            1 juin 2025 \u00e0 22h19<br \/>\n        ; mis \u00e0 jour le 1 juin 2025 \u00e0 22h24    <\/p>\n<p>Nouvelle journ\u00e9e d\u2019orages violents dans le <a href=\"https:\/\/actu.fr\/auvergne-rhone-alpes\/rhone_69\" target=\"_blank\" rel=\"noopener\">Rh\u00f4ne<\/a> ce dimanche 1er juin apr\u00e8s un <a href=\"https:\/\/actu.fr\/societe\/meteo-des-orages-violents-s-abattent-sur-ces-communes-du-rhone-avec-d-enormes-grelons_62712669.html\" target=\"_blank\" rel=\"noopener\">premier \u00e9pisode localis\u00e9 samedi<\/a> notamment dans le nord du d\u00e9partement. Ce dimanche, M\u00e9t\u00e9o France a d\u00e9clench\u00e9 une <a href=\"https:\/\/actu.fr\/societe\/alerte-de-meteo-france-aux-orages-violents-ce-dimanche-voici-ou-ils-vont-tomber-dans-le-rhone_62713219.html\" target=\"_blank\" rel=\"noopener\">vigilance orange aux orages violents<\/a> jusque dans la nuit. Depuis la fin d\u2019apr\u00e8s-midi des orages traversent le d\u00e9partement.\u00a0<\/p>\n<p class=\" wall-content\">A Lyon et Villeurbanne, les grands parcs, jardins et cimeti\u00e8re dont celui de la<a href=\"https:\/\/actu.fr\/auvergne-rhone-alpes\/lyon_69123\/lyon-le-parc-de-la-tete-d-or-doit-fermer-en-urgence-ce-dimanche-voici-pourquoi_62713599.html\" target=\"_blank\" rel=\"noopener\"> T\u00eate d\u2019or (6e arrondissement) ont \u00e9t\u00e9 ferm\u00e9s d\u2019urgence<\/a> une partie de la journ\u00e9e.<\/p>\n<p>De gros gr\u00ealons dans le nord du Rh\u00f4ne<\/p>\n<p class=\" wall-content\">En fin d\u2019apr\u00e8s-midi, des orages et des chutes de gr\u00eale ont \u00e0 nouveau touch\u00e9 le nord du Rh\u00f4ne et le Beaujolais. Plusieurs communes \u00e0 la limite Loire\/ Rh\u00f4ne ont \u00e9t\u00e9 touch\u00e9es par des gros gr\u00ealons de 4 \u00e0 6 centim\u00e8tres de diam\u00e8tre (localement jusqu\u2019\u00e0 8cm). Il y a eu essentiellement des d\u00e9g\u00e2ts sur la v\u00e9g\u00e9tation.<\/p>\n<p class=\" wall-content\">Des orages forts ont \u00e9t\u00e9 signal\u00e9s dans les Monts du Lyonnais et plus tard dans la soir\u00e9e, apr\u00e8s 21h dans le sud Lyonnais de nouveau \u00e0 la limite avec le d\u00e9partement de la Loire.<\/p>\n<p class=\" wall-content\">\n<p class=\" wall-content\">\n<p class=\" wall-content\">Sur l\u2019A6, des orages importants ont balay\u00e9 le nord du Rh\u00f4ne et aussi la Sa\u00f4ne-et-Loire. Des arbres sont tomb\u00e9s le long de l\u2019autoroute \u00e0 hauteur de M\u00e2con o\u00f9 la circulation \u00e9tait difficile et dense, notamment en raison des retours du pont de l\u2019Ascension.\u00a0<\/p>\n<p class=\" wall-content\">Les intemp\u00e9ries ont aussi entra\u00een\u00e9 des retards sur la ligne TGV Sud-Est. Les d\u00e9lais ont pu monter jusqu\u2019\u00e0 3 h au d\u00e9part et \u00e0 l\u2019arriv\u00e9e de gare de Lyon \u00e0 Paris. Des <strong>TGV \u00e0 destination et au d\u00e9part de Lyon Part-Dieu<\/strong> \u00e9taient aussi concern\u00e9s.<\/p>\n<p class=\" wall-content\">\n<p>    <a href=\"https:\/\/www.facebook.com\/plugins\/post.php?href=https%3A%2F%2Fwww.facebook.com%2FKeraunosObs%2Fposts%2Fpfbid02eUrQwonPAJajqbwpzXuwi1Vag8VHjGoG4FVbrySnN937UZetMBitjhnd2KgExA81l&amp;show_text=true&amp;width=350\" title=\"Ouvrie le lien\" target=\"_blank\" rel=\"noopener\">Cliquez ici pour visualiser le contenu<\/a><\/p>\n<p>Des \u00e9clairs et de la foudre brisent le ciel de Lyon<\/p>\n<p class=\" wall-content\">En fin de soir\u00e9e, c\u2019est la m\u00e9tropole de Lyon qui a \u00e9t\u00e9 touch\u00e9e par d\u2019intenses orages avec des \u00e9clairs g\u00e9ants visibles dans le ciel.<\/p>\n<p class=\" wall-content\">\n<p class=\" wall-content\">\n<p>La vigilance orange \u00e9tendue dans la nuit<\/p>\n<p class=\" wall-content\">M\u00e9t\u00e9o France a \u00e9tendu la vigilance orange orages dans la nuit de dimanche \u00e0 lundi jusqu\u2019\u00e0 3h du matin pour le d\u00e9partement du Rh\u00f4ne.<\/p>\n<p class=\" wall-content\">\n<p class=\" wall-content\">Des orages sont encore annonc\u00e9s toute la matin\u00e9e et toute l\u2019apr\u00e8s-midi sur l\u2019ensemble du Rh\u00f4ne.<\/p>\n<p class=\" wall-content\">Suivez toute l\u2019actualit\u00e9 de vos villes et m\u00e9dias favoris en vous inscrivant \u00e0 <a href=\"https:\/\/moncompte.actu.fr\" title=\"D\u00e9couvez Mon Actu\" rel=\"nofollow noopener\" data-trk=\"{&quot;cta&quot;:{&quot;action&quot;:&quot;https:\\\/\\\/moncompte.actu.fr&quot;,&quot;category&quot;:&quot;mon compte&quot;,&quot;from&quot;:&quot;article footer&quot;,&quot;name&quot;:&quot;Mon actu&quot;,&quot;type&quot;:&quot;cta&quot;}}\" target=\"_blank\">Mon Actu<\/a>.<\/p>\n","protected":false},"excerpt":{"rendered":"Par R\u00e9daction Lyon Publi\u00e9 le 1 juin 2025 \u00e0 22h19 ; mis \u00e0 jour le 1 juin 2025&hellip;\n","protected":false},"author":2,"featured_media":145075,"comment_status":"","ping_status":"","sticky":false,"template":"","format":"standard","meta":{"footnotes":""},"categories":[2],"tags":[11,1011,27,2357,12,4594,25,104],"class_list":{"0":"post-145074","1":"post","2":"type-post","3":"status-publish","4":"format-standard","5":"has-post-thumbnail","7":"category-actualites","8":"tag-actualites","9":"tag-fr","10":"tag-france","11":"tag-meteo-france","12":"tag-news","13":"tag-orages","14":"tag-republique-francaise","15":"tag-societe"},"share_on_mastodon":{"url":"https:\/\/pubeurope.com\/@fr\/114610589402769732","error":""},"_links":{"self":[{"href":"https:\/\/www.europesays.com\/fr\/wp-json\/wp\/v2\/posts\/145074","targetHints":{"allow":["GET"]}}],"collection":[{"href":"https:\/\/www.europesays.com\/fr\/wp-json\/wp\/v2\/posts"}],"about":[{"href":"https:\/\/www.europesays.com\/fr\/wp-json\/wp\/v2\/types\/post"}],"author":[{"embeddable":true,"href":"https:\/\/www.europesays.com\/fr\/wp-json\/wp\/v2\/users\/2"}],"replies":[{"embeddable":true,"href":"https:\/\/www.europesays.com\/fr\/wp-json\/wp\/v2\/comments?post=145074"}],"version-history":[{"count":0,"href":"https:\/\/www.europesays.com\/fr\/wp-json\/wp\/v2\/posts\/145074\/revisions"}],"wp:featuredmedia":[{"embeddable":true,"href":"https:\/\/www.europesays.com\/fr\/wp-json\/wp\/v2\/media\/145075"}],"wp:attachment":[{"href":"https:\/\/www.europesays.com\/fr\/wp-json\/wp\/v2\/media?parent=145074"}],"wp:term":[{"taxonomy":"category","embeddable":true,"href":"https:\/\/www.europesays.com\/fr\/wp-json\/wp\/v2\/categories?post=145074"},{"taxonomy":"post_tag","embeddable":true,"href":"https:\/\/www.europesays.com\/fr\/wp-json\/wp\/v2\/tags?post=145074"}],"curies":[{"name":"wp","href":"https:\/\/api.w.org\/{rel}","templated":true}]}}