{"id":145076,"date":"2025-06-01T22:59:10","date_gmt":"2025-06-01T22:59:10","guid":{"rendered":"https:\/\/www.europesays.com\/fr\/145076\/"},"modified":"2025-06-01T22:59:10","modified_gmt":"2025-06-01T22:59:10","slug":"quelles-perturbations-prevoir-pour-la-ratp-et-la-sncf-cette-semaine-12","status":"publish","type":"post","link":"https:\/\/www.europesays.com\/fr\/145076\/","title":{"rendered":"Quelles perturbations pr\u00e9voir pour la RATP et la SNCF cette semaine ?"},"content":{"rendered":"<p><strong>TRANSPORTS &#8211; Du 2 au 8 juin, les lignes de transport franciliennes connaissent plusieurs changements. Faisons le point afin de mieux appr\u00e9hender la situation<\/strong><\/p>\n<p>La semaine du lundi 2 au dimanche 8 juin s&rsquo;annonce perturb\u00e9e dans les transports en \u00cele-de-France. Plusieurs lignes de m\u00e9tro, RER et Transilien sont concern\u00e9es par des travaux de modernisation, ce qui provoque plusieurs changements.<\/p>\n<p>Les perturbations \u00e0 prendre \u00e0 compte dans les transports franciliens cette semaineM\u00e9tro<\/p>\n<ul class=\"caas-list caas-list-bullet\">\n<li>\n<p>Ligne 14 : Des fermetures sont pr\u00e9vues les vendredi 6 et samedi 7 juin, en raison de travaux de modernisation du syst\u00e8me de pilotage automatique. Des bus de remplacement circuleront entre les stations Gare de Lyon et Olympiades.<\/p>\n<\/li>\n<\/ul>\n<p>RER<\/p>\n<ul class=\"caas-list caas-list-bullet\">\n<li>\n<p>RER A : Les soir\u00e9es du 2 au 6 juin, le trafic sera interrompu entre Maisons-Laffitte et Cergy-Le Haut, \u00e0 partir de 22h00. Un service de bus de remplacement est mis en place.<\/p>\n<\/li>\n<li>\n<p>RER B : Du lundi 2 au vendredi 6 juin, le trafic sera interrompu entre Gare du Nord et A\u00e9roport Charles de Gaulle 2-TGV \/ Mitry-Claye, du lundi au vendredi \u00e0 partir de 22h45 jusqu\u2019\u00e0 la fin du service.<\/p>\n<\/li>\n<li>\n<p>RER E : Du lundi 2 au vendredi 6 juin, \u00e0 partir de 22h45, le trafic est interrompu entre Nanterre-la-Folie et Chelles Gournay. Le dernier train NOCY de Chelles Gournay vers Nanterre-la-Folie est \u00e0 22h33.<\/p>\n<\/li>\n<\/ul>\n<p>Transilien<\/p>\n<ul class=\"caas-list caas-list-bullet\">\n<li>\n<p>Ligne N : En semaine d\u00e8s 23h (sauf jours f\u00e9ri\u00e9s) du 2 au 6 juin, le trafic est interrompu entre Paris Montparnasse et Rambouillet. Un service de bus de remplacement est mis en place, avec desserte des gares interm\u00e9diaires.<\/p>\n<\/li>\n<\/ul>\n<p>Ligne R : Du lundi 2 au vendredi 6 juin, les trains de la ligne R sont d\u00e9tourn\u00e9s par Corbeil-Essonnes. Pr\u00e9voir des allongements de (&#8230;)<\/p>\n<p><a href=\"https:\/\/www.20minutes.fr\/paris\/4156337-20250602-paris-ile-france-perturbations-prevoir-ratp-sncf-semaine?at_medium=RSS%20feed&amp;at_campaign=ynews&amp;utm_source=yahoo&amp;utm_medium=rss&amp;utm_campaign=news_feed&amp;utm_content=read_more_link\" rel=\"nofollow noopener\" target=\"_blank\" data-ylk=\"slk:Lire la suite sur 20minutes;elm:context_link;itc:0;sec:content-canvas\" class=\"link \">Lire la suite sur 20minutes<\/a><\/p>\n<p>\u00c0 lire aussi :<br \/><a href=\"https:\/\/www.20minutes.fr\/faits_divers\/4156313-20250601-meuse-300-passagers-ter-strrasbourg-paris-passent-nuit-train-cause-panne?at_medium=RSS%20feed&amp;at_campaign=ynews&amp;utm_source=yahoo&amp;utm_medium=rss&amp;utm_campaign=news_feed&amp;utm_content=related_content_link\" rel=\"nofollow noopener\" target=\"_blank\" data-ylk=\"slk:Meuse : 300 passagers d\u2019un TER Strasbourg-Paris passent la nuit dans le train \u00e0 cause d\u2019une panne;elm:context_link;itc:0;sec:content-canvas\" class=\"link \">Meuse : 300 passagers d\u2019un TER Strasbourg-Paris passent la nuit dans le train \u00e0 cause d\u2019une panne<\/a><br \/><a href=\"https:\/\/www.20minutes.fr\/faits_divers\/4156177-20250530-aisne-train-deraille-entre-laon-paris-trois-passagers-blesses?at_medium=RSS%20feed&amp;at_campaign=ynews&amp;utm_source=yahoo&amp;utm_medium=rss&amp;utm_campaign=news_feed&amp;utm_content=related_content_link\" rel=\"nofollow noopener\" target=\"_blank\" data-ylk=\"slk:Aisne : Un train d\u00e9raille entre Laon et Paris, trois passagers bless\u00e9s;elm:context_link;itc:0;sec:content-canvas\" class=\"link \">Aisne : Un train d\u00e9raille entre Laon et Paris, trois passagers bless\u00e9s<\/a><\/p>\n","protected":false},"excerpt":{"rendered":"TRANSPORTS &#8211; Du 2 au 8 juin, les lignes de transport franciliennes connaissent plusieurs changements. Faisons le point&hellip;\n","protected":false},"author":2,"featured_media":145077,"comment_status":"","ping_status":"","sticky":false,"template":"","format":"standard","meta":{"footnotes":""},"categories":[4],"tags":[11,4191,27405,1011,27,27406,8931,12,25,12396,27407],"class_list":{"0":"post-145076","1":"post","2":"type-post","3":"status-publish","4":"format-standard","5":"has-post-thumbnail","7":"category-france","8":"tag-actualites","9":"tag-aeroport-charles-de-gaulle","10":"tag-chelles-gournay","11":"tag-fr","12":"tag-france","13":"tag-lignes-de-metro","14":"tag-lignes-de-transport","15":"tag-news","16":"tag-republique-francaise","17":"tag-rer","18":"tag-service-de-bus"},"share_on_mastodon":{"url":"https:\/\/pubeurope.com\/@fr\/114610593005508996","error":""},"_links":{"self":[{"href":"https:\/\/www.europesays.com\/fr\/wp-json\/wp\/v2\/posts\/145076","targetHints":{"allow":["GET"]}}],"collection":[{"href":"https:\/\/www.europesays.com\/fr\/wp-json\/wp\/v2\/posts"}],"about":[{"href":"https:\/\/www.europesays.com\/fr\/wp-json\/wp\/v2\/types\/post"}],"author":[{"embeddable":true,"href":"https:\/\/www.europesays.com\/fr\/wp-json\/wp\/v2\/users\/2"}],"replies":[{"embeddable":true,"href":"https:\/\/www.europesays.com\/fr\/wp-json\/wp\/v2\/comments?post=145076"}],"version-history":[{"count":0,"href":"https:\/\/www.europesays.com\/fr\/wp-json\/wp\/v2\/posts\/145076\/revisions"}],"wp:featuredmedia":[{"embeddable":true,"href":"https:\/\/www.europesays.com\/fr\/wp-json\/wp\/v2\/media\/145077"}],"wp:attachment":[{"href":"https:\/\/www.europesays.com\/fr\/wp-json\/wp\/v2\/media?parent=145076"}],"wp:term":[{"taxonomy":"category","embeddable":true,"href":"https:\/\/www.europesays.com\/fr\/wp-json\/wp\/v2\/categories?post=145076"},{"taxonomy":"post_tag","embeddable":true,"href":"https:\/\/www.europesays.com\/fr\/wp-json\/wp\/v2\/tags?post=145076"}],"curies":[{"name":"wp","href":"https:\/\/api.w.org\/{rel}","templated":true}]}}