{"id":145078,"date":"2025-06-01T23:01:09","date_gmt":"2025-06-01T23:01:09","guid":{"rendered":"https:\/\/www.europesays.com\/fr\/145078\/"},"modified":"2025-06-01T23:01:09","modified_gmt":"2025-06-01T23:01:09","slug":"anouk-et-zoe-verge-depre-eliminees-en-demi-finale-rts-ch","status":"publish","type":"post","link":"https:\/\/www.europesays.com\/fr\/145078\/","title":{"rendered":"Anouk et Zo\u00e9 Verg\u00e9-D\u00e9pr\u00e9 \u00e9limin\u00e9es en demi-finale &#8211; rts.ch"},"content":{"rendered":"<p>Anouk et Zo\u00e9 Verg\u00e9-D\u00e9pr\u00e9 ont vu leur parcours prendre fin en demi-finales du tournoi Elite16 d&rsquo;Ostrava. Les deux soeurs se sont inclin\u00e9es face aux Lettones Tina Graudina\/Anastasia Samoilova.<\/p>\n<p>Apr\u00e8s avoir \u00e9chou\u00e9 deux fois en 8es de finale lors de ses deux premi\u00e8res sorties sur le circuit, en avril, le \u00ab\u00a0Team Zouk\u00a0\u00bb a fait mieux en Tch\u00e9quie.<\/p>\n<p>Dans un match tr\u00e8s disput\u00e9, le duo suisse s&rsquo;est inclin\u00e9 15-21 25-23 8-15 face \u00e0 la paire lettone, 4e aux JO 2020. Les Suissesses ont d\u00fb sauver deux balles de match dans le 2e set avant de craquer dans le set d\u00e9cisif. Elles affronteront dans l&rsquo;apr\u00e8s-midi les Autrichiennes Dorina Klinger\/Ronja Klinger en petite finale.<\/p>\n<p class=\"sources\">ats\/bur<\/p>\n","protected":false},"excerpt":{"rendered":"Anouk et Zo\u00e9 Verg\u00e9-D\u00e9pr\u00e9 ont vu leur parcours prendre fin en demi-finales du tournoi Elite16 d&rsquo;Ostrava. Les deux&hellip;\n","protected":false},"author":2,"featured_media":145079,"comment_status":"","ping_status":"","sticky":false,"template":"","format":"standard","meta":{"footnotes":""},"categories":[1417],"tags":[3062,27306,11170,1011,27,27309,517,60,27312,1470,1632,1469,27315],"class_list":{"0":"post-145078","1":"post","2":"type-post","3":"status-publish","4":"format-standard","5":"has-post-thumbnail","7":"category-volley","8":"tag-autres-sports","9":"tag-beach-volley","10":"tag-demi-finale","11":"tag-fr","12":"tag-france","13":"tag-ostrava","14":"tag-sport","15":"tag-sports","16":"tag-tchequie","17":"tag-volley","18":"tag-volley-ball","19":"tag-volleyball","20":"tag-zoe-verge-depre"},"share_on_mastodon":{"url":"https:\/\/pubeurope.com\/@fr\/114610600874198955","error":""},"_links":{"self":[{"href":"https:\/\/www.europesays.com\/fr\/wp-json\/wp\/v2\/posts\/145078","targetHints":{"allow":["GET"]}}],"collection":[{"href":"https:\/\/www.europesays.com\/fr\/wp-json\/wp\/v2\/posts"}],"about":[{"href":"https:\/\/www.europesays.com\/fr\/wp-json\/wp\/v2\/types\/post"}],"author":[{"embeddable":true,"href":"https:\/\/www.europesays.com\/fr\/wp-json\/wp\/v2\/users\/2"}],"replies":[{"embeddable":true,"href":"https:\/\/www.europesays.com\/fr\/wp-json\/wp\/v2\/comments?post=145078"}],"version-history":[{"count":0,"href":"https:\/\/www.europesays.com\/fr\/wp-json\/wp\/v2\/posts\/145078\/revisions"}],"wp:featuredmedia":[{"embeddable":true,"href":"https:\/\/www.europesays.com\/fr\/wp-json\/wp\/v2\/media\/145079"}],"wp:attachment":[{"href":"https:\/\/www.europesays.com\/fr\/wp-json\/wp\/v2\/media?parent=145078"}],"wp:term":[{"taxonomy":"category","embeddable":true,"href":"https:\/\/www.europesays.com\/fr\/wp-json\/wp\/v2\/categories?post=145078"},{"taxonomy":"post_tag","embeddable":true,"href":"https:\/\/www.europesays.com\/fr\/wp-json\/wp\/v2\/tags?post=145078"}],"curies":[{"name":"wp","href":"https:\/\/api.w.org\/{rel}","templated":true}]}}