{"id":145082,"date":"2025-06-01T23:03:08","date_gmt":"2025-06-01T23:03:08","guid":{"rendered":"https:\/\/www.europesays.com\/fr\/145082\/"},"modified":"2025-06-01T23:03:08","modified_gmt":"2025-06-01T23:03:08","slug":"roland-garros-insolite-djokovic-dans-tous-les-bons-coups-meme-la-veille-dun-huitieme-de-finale","status":"publish","type":"post","link":"https:\/\/www.europesays.com\/fr\/145082\/","title":{"rendered":"Roland Garros, Insolite > Djokovic dans tous les bons coups, m\u00eame la veille d&rsquo;un huiti\u00e8me de finale"},"content":{"rendered":"<p>Plus le temps et plus Novak Djokovic semble aimer \u00ab\u202fs\u2019\u00e9vader\u202f\u00bb un peu durant les tour\u00adnois et profiter de la vie en dehors du circuit.\u00a0<\/p>\n<p>\u00c0 la veille de son huiti\u00e8me de finale contre Cameron Norrie \u00e0 Roland\u2010Garros, pr\u00e9vu ce lundi aux alen\u00adtours de 13h30, l\u2019homme aux 24 titres du Grand Chelem a assist\u00e9 \u00e0 la c\u00e9l\u00e9\u00adbra\u00adtion de la victoire en Ligue des cham\u00adpions du PSG au Parc des Princes.\u00a0<\/p>\n<blockquote class=\"twitter-tweet\">\n<p lang=\"fr\" dir=\"ltr\">Novak Djokovic s\u2019am\u00adbiance au Parc des Princes pour la c\u00e9l\u00e9\u00adbra\u00adtion du titre\u202f! \ud83d\udc40 <a href=\"https:\/\/t.co\/7Am4SFLEcc\" data-wpel-link=\"external\" target=\"_blank\" rel=\"nofollow external noopener\">pic.twitter.com\/7Am4SFLEcc<\/a><\/p>\n<p>\u2014 L\u2019\u00c9quipe (@lequipe) <a href=\"https:\/\/twitter.com\/lequipe\/status\/1929262952793702772?ref_src=twsrc%5Etfw\" data-wpel-link=\"external\" target=\"_blank\" rel=\"nofollow external noopener\">June 1,\u00a02025<\/a><\/p><\/blockquote>\n<p>Et le Serbe est apparu avec le sourire sur les grands \u00e9crans du\u00a0stade.\u00a0<\/p>\n<p class=\"post-published-date\" style=\"color: silver; font-size: 75%; text-align: left;\">Publi\u00e9 le dimanche 1 juin 2025 \u00e0 22:44<\/p>\n<p><script async src=\"https:\/\/platform.twitter.com\/widgets.js\" charset=\"utf-8\"><\/script><\/p>\n","protected":false},"excerpt":{"rendered":"Plus le temps et plus Novak Djokovic semble aimer \u00ab\u202fs\u2019\u00e9vader\u202f\u00bb un peu durant les tour\u00adnois et profiter de&hellip;\n","protected":false},"author":2,"featured_media":145083,"comment_status":"","ping_status":"","sticky":false,"template":"","format":"standard","meta":{"footnotes":""},"categories":[1415],"tags":[105,1011,27,60,1467],"class_list":{"0":"post-145082","1":"post","2":"type-post","3":"status-publish","4":"format-standard","5":"has-post-thumbnail","7":"category-tennis","8":"tag-djokovic","9":"tag-fr","10":"tag-france","11":"tag-sports","12":"tag-tennis"},"share_on_mastodon":{"url":"https:\/\/pubeurope.com\/@fr\/114610608729227077","error":""},"_links":{"self":[{"href":"https:\/\/www.europesays.com\/fr\/wp-json\/wp\/v2\/posts\/145082","targetHints":{"allow":["GET"]}}],"collection":[{"href":"https:\/\/www.europesays.com\/fr\/wp-json\/wp\/v2\/posts"}],"about":[{"href":"https:\/\/www.europesays.com\/fr\/wp-json\/wp\/v2\/types\/post"}],"author":[{"embeddable":true,"href":"https:\/\/www.europesays.com\/fr\/wp-json\/wp\/v2\/users\/2"}],"replies":[{"embeddable":true,"href":"https:\/\/www.europesays.com\/fr\/wp-json\/wp\/v2\/comments?post=145082"}],"version-history":[{"count":0,"href":"https:\/\/www.europesays.com\/fr\/wp-json\/wp\/v2\/posts\/145082\/revisions"}],"wp:featuredmedia":[{"embeddable":true,"href":"https:\/\/www.europesays.com\/fr\/wp-json\/wp\/v2\/media\/145083"}],"wp:attachment":[{"href":"https:\/\/www.europesays.com\/fr\/wp-json\/wp\/v2\/media?parent=145082"}],"wp:term":[{"taxonomy":"category","embeddable":true,"href":"https:\/\/www.europesays.com\/fr\/wp-json\/wp\/v2\/categories?post=145082"},{"taxonomy":"post_tag","embeddable":true,"href":"https:\/\/www.europesays.com\/fr\/wp-json\/wp\/v2\/tags?post=145082"}],"curies":[{"name":"wp","href":"https:\/\/api.w.org\/{rel}","templated":true}]}}