{"id":145096,"date":"2025-06-01T23:11:10","date_gmt":"2025-06-01T23:11:10","guid":{"rendered":"https:\/\/www.europesays.com\/fr\/145096\/"},"modified":"2025-06-01T23:11:10","modified_gmt":"2025-06-01T23:11:10","slug":"a-grand-champ-un-livre-pour-decouvrir-les-costumes-mariages-et-noces-bretonnes-dautrefois","status":"publish","type":"post","link":"https:\/\/www.europesays.com\/fr\/145096\/","title":{"rendered":"\u00c0 Grand-Champ, un livre pour d\u00e9couvrir les costumes, mariages et noces bretonnes d\u2019autrefois"},"content":{"rendered":"<p>Dans leur livre Costumes et mariages d\u2019autrefois et les noces bretonnes de 1971 \u00e0 2012, Annie Cadet, G\u00e9rard Le Calonnec, Philippe Le Dortz, Fran\u00e7oise Foss\u00e9, Philippe Le Bris, Jean le Ray, Noel Mahuas et Jo\u00ebl Morand, de l\u2019association Bro Gregam, \u00e0 <a href=\"https:\/\/vannes.maville.com\/bretagne\/morbihan\/grand-champ\/\" target=\"_blank\" rel=\"noopener\">Grand-Champ (Morbihan)<\/a>, retracent l\u2019histoire et l\u2019\u00e9volution du costume breton gr\u00e9gamiste. \u00a0Un hommage est aussi rendu \u00e0 Philippe Le Bris, copr\u00e9sident f\u00e9ru d\u2019histoire locale, que la maladie a emport\u00e9 en ao\u00fbt dernier. Il a \u00e9t\u00e9 l\u2019initiateur de ce livre\u00a0\u00bb, expliquent-ils.<\/p>\n<p>La collecte des photos anciennes et les t\u00e9moignages a commenc\u00e9 en mai\u00a02024. \u00a0Nous voulions, \u00e0 travers ces photos, t\u00e9moigner de l\u2019\u00e9volution des costumes sur un si\u00e8cle. De 1880 \u00e0 1953, la mode \u00e9volue et le costume r\u00e9v\u00e8le beaucoup de choses sur l\u2019\u00e2ge, le niveau social, le m\u00e9tier, le statut marital de la personne qui le porte. Il n\u2019\u00e9tait pas rare, apr\u00e8s la Premi\u00e8re Guerre mondiale, de voir des mariages avec huit mari\u00e9s dans une m\u00eame famille.\u00a0<\/p>\n<p>Premi\u00e8re noce bretonne \u00e0 Grand-Champ<\/p>\n<p>La deuxi\u00e8me partie du livre revient sur les noces bretonnes organis\u00e9es par l\u2019association des Semeurs de Grand-Champ. Dans les ann\u00e9es 1950, la Bretagne renoue avec son\u00a0identit\u00e9 et, en 1964, Alan Stivell ose chanter en breton\u2026 Dans les ann\u00e9es 1970, des f\u00eates bretonnes prennent leur essor dans bien des communes et Grand-Champ d\u00e9cide de faire sa noce bretonne, lanc\u00e9e par Robert Payen et Job Samson, des b\u00e9n\u00e9voles.<\/p>\n<p>Les auteurs ont recueilli des photos, parlent de l\u2019organisation, rapportent des anecdotes\u2026 \u00a0Ce livre est l\u2019occasion de collecter des souvenirs de ces temps festifs o\u00f9 il fallait d\u00e9nicher le couple des mari\u00e9s du jour. La pr\u00e9paration du repas d\u00e9marrait \u00e0 6\u00a0h du matin, il fallait environ huit\u00a0chaudrons pour assurer un repas pour tous les convives qui venaient avec leurs couverts.\u00a0<\/p>\n<p><strong>Vendredi 6\u00a0juin 2025,<\/strong> conf\u00e9rence, \u00e0 18\u00a0h\u00a030, \u00e0 la salle Jo-Le Cheviller, \u00e0 Grand-Champ. Le livre est en vente \u00e0 Grand-Champ\u00a0: Aux Petites Courses, au tabac presse, et sur le site Bro Gregam, au tarif de 20\u00a0\u20ac.<\/p>\n<p>\u00a0<\/p>\n","protected":false},"excerpt":{"rendered":"Dans leur livre Costumes et mariages d\u2019autrefois et les noces bretonnes de 1971 \u00e0 2012, Annie Cadet, G\u00e9rard&hellip;\n","protected":false},"author":2,"featured_media":145097,"comment_status":"","ping_status":"","sticky":false,"template":"","format":"standard","meta":{"footnotes":""},"categories":[1357],"tags":[27411,1379,21732,27409,3979,58,59,1011,27,27408,2003,1380,1781,27410,19291],"class_list":{"0":"post-145096","1":"post","2":"type-post","3":"status-publish","4":"format-standard","5":"has-post-thumbnail","7":"category-livres","8":"tag-autrefois","9":"tag-books","10":"tag-bretonnes","11":"tag-costumes","12":"tag-decouvrir","13":"tag-divertissement","14":"tag-entertainment","15":"tag-fr","16":"tag-france","17":"tag-grand-champ","18":"tag-livre","19":"tag-livres","20":"tag-lorient","21":"tag-mariages","22":"tag-noces"},"share_on_mastodon":{"url":"https:\/\/pubeurope.com\/@fr\/114610640244676112","error":""},"_links":{"self":[{"href":"https:\/\/www.europesays.com\/fr\/wp-json\/wp\/v2\/posts\/145096","targetHints":{"allow":["GET"]}}],"collection":[{"href":"https:\/\/www.europesays.com\/fr\/wp-json\/wp\/v2\/posts"}],"about":[{"href":"https:\/\/www.europesays.com\/fr\/wp-json\/wp\/v2\/types\/post"}],"author":[{"embeddable":true,"href":"https:\/\/www.europesays.com\/fr\/wp-json\/wp\/v2\/users\/2"}],"replies":[{"embeddable":true,"href":"https:\/\/www.europesays.com\/fr\/wp-json\/wp\/v2\/comments?post=145096"}],"version-history":[{"count":0,"href":"https:\/\/www.europesays.com\/fr\/wp-json\/wp\/v2\/posts\/145096\/revisions"}],"wp:featuredmedia":[{"embeddable":true,"href":"https:\/\/www.europesays.com\/fr\/wp-json\/wp\/v2\/media\/145097"}],"wp:attachment":[{"href":"https:\/\/www.europesays.com\/fr\/wp-json\/wp\/v2\/media?parent=145096"}],"wp:term":[{"taxonomy":"category","embeddable":true,"href":"https:\/\/www.europesays.com\/fr\/wp-json\/wp\/v2\/categories?post=145096"},{"taxonomy":"post_tag","embeddable":true,"href":"https:\/\/www.europesays.com\/fr\/wp-json\/wp\/v2\/tags?post=145096"}],"curies":[{"name":"wp","href":"https:\/\/api.w.org\/{rel}","templated":true}]}}