{"id":145104,"date":"2025-06-01T23:15:08","date_gmt":"2025-06-01T23:15:08","guid":{"rendered":"https:\/\/www.europesays.com\/fr\/145104\/"},"modified":"2025-06-01T23:15:08","modified_gmt":"2025-06-01T23:15:08","slug":"je-suis-chimiste-en-cosmetique-et-voici-3-types-de-cremes-solaires-que-je-nappliquerais-jamais-sur-ma-peau","status":"publish","type":"post","link":"https:\/\/www.europesays.com\/fr\/145104\/","title":{"rendered":"Je suis chimiste en cosm\u00e9tique et voici 3 types de cr\u00e8mes solaires que je n&rsquo;appliquerais jamais sur ma peau"},"content":{"rendered":"<p>\n        Prot\u00e9ger sa peau du soleil est essentiel, d\u2019autant plus en p\u00e9riode estivale. Une experte \u00e9num\u00e8re les 3 types de protections solaires \u00e0 \u00e9viter, qui sont bien trompeuses.    <\/p>\n<p class=\"standard\">Nous nous devons de prot\u00e9ger notre peau du soleil, et il est d\u00e9sormais fortement recommand\u00e9 de le faire tout au long de l\u2019ann\u00e9e, m\u00eame si le soleil ne semble pas battre son plein. Ainsi, la plupart des marques choisissent d\u00e9sormais d\u2019ajouter <strong><a href=\"https:\/\/www.aufeminin.com\/solaires\/creme-solaire-est-ce-qu-on-bronze-vraiment-avec-une-protection-solaire-indice-spf-50-la-reponse-des-experts-s4089752.html\" target=\"_blank\" rel=\"noopener\">une protection SPF<\/a><\/strong> m\u00eame \u00e0 leurs produits cosm\u00e9tiques, comme le fond de teint par exemple. Afin que leurs clients puissent \u00eatre prot\u00e9g\u00e9s du soleil sans avoir \u00e0 revoir toute leur routine beaut\u00e9.<\/p>\n<p class=\"standard\">C\u2019est ainsi une option bien plus simple pour prot\u00e9ger sa peau sans avoir <strong><a href=\"https:\/\/www.aufeminin.com\/solaires\/voici-la-creme-solaire-preferee-des-francais-pour-cet-ete-a-acheter-avant-les-ruptures-de-stock-s4112491.html\" target=\"_blank\" rel=\"noopener\">\u00e0 utiliser de cr\u00e8me solaire<\/a><\/strong> toute l\u2019ann\u00e9e. S\u2019il y a bien une p\u00e9riode, n\u00e9anmoins, o\u00f9 la cr\u00e8me solaire se veut indispensable, c\u2019est en \u00e9t\u00e9. En effet, le soleil de plomb est bien \u00e9videmment dangereux pour notre peau, et nous nous devons de faire le n\u00e9cessaire pour \u00e9viter les coups de soleil ou autres d\u00e9sagr\u00e9ments qui seraient caus\u00e9s un peu plus tard, comme le vieillissement cutan\u00e9 ou encore les taches. C\u2019est pourquoi il est important de choisir une bonne protection solaire, et \u00e9viter tous produits trompeurs, au marketing bien ficel\u00e9. Une experte a \u00e9num\u00e9r\u00e9 sur les r\u00e9seaux sociaux trois types de protections solaires \u00e0 bannir.<\/p>\n<p>La suite apr\u00e8s cette publicit\u00e9<\/p>\n<p>1 \u2013 Les protections solaires sans filtres solaires<\/p>\n<p class=\"standard\">L\u2019experte sous le pseudo de @thecleanjunky explique que ces produits sont \u00ab\u00a0souvent pens\u00e9s par des marques naturelles qui proposent des filtres solaires soi-disant v\u00e9g\u00e9taux\u00a0\u00bb. En effet, en regardant la composition, on se rend compte qu\u2019il n\u2019y a en r\u00e9alit\u00e9 aucun filtre solaire, qui a la fonction primordiale de prot\u00e9ger le visage de la lumi\u00e8re du soleil : \u00ab\u00a0Il faut absolument avoir un filtre solaire homologu\u00e9 pour \u00eatre consid\u00e9r\u00e9 comme un solaire\u00a0\u00bb, a-t-elle d\u00e9clar\u00e9.<\/p>\n<p>2 \u2013 Les gouttes de protection<\/p>\n<p class=\"standard\">C\u2019est un autre type de protection solaire qui n\u2019est pas suffisamment efficace selon la chimiste : \u00ab\u00a0Quand on lit la description de ce genre de produits, on a l\u2019impression que c\u2019est miraculeux parce qu\u2019on a le sentiment que c&rsquo;est facile de se prot\u00e9ger\u00a0\u00bb. En r\u00e9alit\u00e9, ce type de produit n\u2019offre pas une vraie protection pour la peau.<\/p>\n<p>La suite apr\u00e8s cette publicit\u00e9<\/p>\n<p>3 \u2013 Les poudres SPF<\/p>\n<p class=\"standard\">Il s\u2019agit l\u00e0 d\u2019un compl\u00e9ment, mais pas d\u2019une unique protection solaire \u00e0 adopter, selon la chimiste : \u00ab\u00a0Ce qui me g\u00e8ne beaucoup, c&rsquo;est que nombreuses sont les personnes qui vont utiliser ce type de produits en pensant \u00eatre bien prot\u00e9g\u00e9. Alors qu\u2019il s\u2019agit plut\u00f4t d\u2019une petite protection suppl\u00e9mentaire. De mani\u00e8re g\u00e9n\u00e9rale, je vous recommande vraiment de faire attention quand vous achetez des solaires, et surtout de vous diriger vers des marques s\u00e9rieuses dont l\u2019expertise est connue\u00a0\u00bb, a-t-elle expliqu\u00e9.<\/p>\n<p>La suite apr\u00e8s cette publicit\u00e9<\/p>\n<p>    <a href=\"https:\/\/www.aufeminin.com\/author\/27226\" target=\"_blank\" rel=\"noopener\"><br \/>\n        <img loading=\"lazy\" decoding=\"async\" src=\"https:\/\/www.europesays.com\/fr\/wp-content\/uploads\/2025\/06\/196624770_s50.jpg\" width=\"50\" height=\"50\" alt=\"Deborah Granger\"\/><br \/>\n    <\/a><\/p>\n<p>            Journaliste\n    <\/p>\n<p>Toulousaine d&rsquo;origine, je me suis ex-patri\u00e9e \u00e0 Cannes en 2021. C&rsquo;est donc tout pr\u00e8s de la mer et des palmiers que je r\u00e9dige pour Au F\u00e9minin depuis 2022. Habitu\u00e9e des \u2026<\/p>\n","protected":false},"excerpt":{"rendered":"Prot\u00e9ger sa peau du soleil est essentiel, d\u2019autant plus en p\u00e9riode estivale. Une experte \u00e9num\u00e8re les 3 types&hellip;\n","protected":false},"author":2,"featured_media":145105,"comment_status":"","ping_status":"","sticky":false,"template":"","format":"standard","meta":{"footnotes":""},"categories":[10],"tags":[19009,27412,1011,27,72,21498,71,13082,6008],"class_list":{"0":"post-145104","1":"post","2":"type-post","3":"status-publish","4":"format-standard","5":"has-post-thumbnail","7":"category-sante","8":"tag-actualitu00e9s","9":"tag-cru00e8me-solaire","10":"tag-fr","11":"tag-france","12":"tag-health","13":"tag-protection-solaire","14":"tag-sante","15":"tag-solaires","16":"tag-sous-le-soleil"},"share_on_mastodon":{"url":"https:\/\/pubeurope.com\/@fr\/114610655955371030","error":""},"_links":{"self":[{"href":"https:\/\/www.europesays.com\/fr\/wp-json\/wp\/v2\/posts\/145104","targetHints":{"allow":["GET"]}}],"collection":[{"href":"https:\/\/www.europesays.com\/fr\/wp-json\/wp\/v2\/posts"}],"about":[{"href":"https:\/\/www.europesays.com\/fr\/wp-json\/wp\/v2\/types\/post"}],"author":[{"embeddable":true,"href":"https:\/\/www.europesays.com\/fr\/wp-json\/wp\/v2\/users\/2"}],"replies":[{"embeddable":true,"href":"https:\/\/www.europesays.com\/fr\/wp-json\/wp\/v2\/comments?post=145104"}],"version-history":[{"count":0,"href":"https:\/\/www.europesays.com\/fr\/wp-json\/wp\/v2\/posts\/145104\/revisions"}],"wp:featuredmedia":[{"embeddable":true,"href":"https:\/\/www.europesays.com\/fr\/wp-json\/wp\/v2\/media\/145105"}],"wp:attachment":[{"href":"https:\/\/www.europesays.com\/fr\/wp-json\/wp\/v2\/media?parent=145104"}],"wp:term":[{"taxonomy":"category","embeddable":true,"href":"https:\/\/www.europesays.com\/fr\/wp-json\/wp\/v2\/categories?post=145104"},{"taxonomy":"post_tag","embeddable":true,"href":"https:\/\/www.europesays.com\/fr\/wp-json\/wp\/v2\/tags?post=145104"}],"curies":[{"name":"wp","href":"https:\/\/api.w.org\/{rel}","templated":true}]}}