{"id":145129,"date":"2025-06-01T23:30:10","date_gmt":"2025-06-01T23:30:10","guid":{"rendered":"https:\/\/www.europesays.com\/fr\/145129\/"},"modified":"2025-06-01T23:30:10","modified_gmt":"2025-06-01T23:30:10","slug":"previsions-du-lundi-2-juin-2025","status":"publish","type":"post","link":"https:\/\/www.europesays.com\/fr\/145129\/","title":{"rendered":"pr\u00e9visions du lundi 2 juin 2025"},"content":{"rendered":"<p>Aujourd&rsquo;hui, le vent va peu \u00e0 peu \u00e9loigner les nuages \u00e0 Montpellier. Les temp\u00e9ratures avoisineront les 22\u00b0C. Il fera en moyenne 21\u00b0C, le matin. Une brise de sud-ouest soufflera l\u00e9g\u00e8rement. Les valeurs seront comprises entre 22\u00b0C et 25\u00b0C dans l&rsquo;apr\u00e8s-midi. Le ciel va quelque peu se d\u00e9gager dans la soir\u00e9e avec des \u00e9claircies. Un ciel d\u00e9pourvu de nuages est pr\u00e9vu dans la nuit entre lundi et mardi.<\/p>\n<p>Demain, un important soleil rayonnera sur Montpellier. Les temp\u00e9ratures vont descendre de quelques degr\u00e9s. Les valeurs s&rsquo;\u00e9chelonneront entre 18 et 24\u00b0C. Un vent de sud-est rafra\u00eechira sensiblement l&rsquo;atmosph\u00e8re. Le matin, on anticipe des valeurs avoisinant 22\u00b0C. Les maximales atteindront les 24\u00b0C dans l&rsquo;apr\u00e8s-midi et les minimales seront de 22\u00b0C. Les temp\u00e9ratures avoisineront les 20\u00b0C dans la soir\u00e9e.<\/p>\n<p>Des changements sont pr\u00e9vus les jours suivants. Le temps sera pluvieux mercredi mais il conna\u00eetra une am\u00e9lioration jeudi.<\/p>\n<p><\/p>\n","protected":false},"excerpt":{"rendered":"Aujourd&rsquo;hui, le vent va peu \u00e0 peu \u00e9loigner les nuages \u00e0 Montpellier. Les temp\u00e9ratures avoisineront les 22\u00b0C. Il&hellip;\n","protected":false},"author":2,"featured_media":145130,"comment_status":"","ping_status":"","sticky":false,"template":"","format":"standard","meta":{"footnotes":""},"categories":[9599],"tags":[1111,11,1777,674,1011,27,7089,2681,2208,12,2680,2119,25],"class_list":{"0":"post-145129","1":"post","2":"type-post","3":"status-publish","4":"format-standard","5":"has-post-thumbnail","7":"category-montpellier","8":"tag-actu","9":"tag-actualites","10":"tag-eu","11":"tag-europe","12":"tag-fr","13":"tag-france","14":"tag-herault","15":"tag-languedoc-roussillon","16":"tag-montpellier","17":"tag-news","18":"tag-occitanie","19":"tag-previsions-meteo","20":"tag-republique-francaise"},"share_on_mastodon":{"url":"https:\/\/pubeurope.com\/@fr\/114610714884095129","error":""},"_links":{"self":[{"href":"https:\/\/www.europesays.com\/fr\/wp-json\/wp\/v2\/posts\/145129","targetHints":{"allow":["GET"]}}],"collection":[{"href":"https:\/\/www.europesays.com\/fr\/wp-json\/wp\/v2\/posts"}],"about":[{"href":"https:\/\/www.europesays.com\/fr\/wp-json\/wp\/v2\/types\/post"}],"author":[{"embeddable":true,"href":"https:\/\/www.europesays.com\/fr\/wp-json\/wp\/v2\/users\/2"}],"replies":[{"embeddable":true,"href":"https:\/\/www.europesays.com\/fr\/wp-json\/wp\/v2\/comments?post=145129"}],"version-history":[{"count":0,"href":"https:\/\/www.europesays.com\/fr\/wp-json\/wp\/v2\/posts\/145129\/revisions"}],"wp:featuredmedia":[{"embeddable":true,"href":"https:\/\/www.europesays.com\/fr\/wp-json\/wp\/v2\/media\/145130"}],"wp:attachment":[{"href":"https:\/\/www.europesays.com\/fr\/wp-json\/wp\/v2\/media?parent=145129"}],"wp:term":[{"taxonomy":"category","embeddable":true,"href":"https:\/\/www.europesays.com\/fr\/wp-json\/wp\/v2\/categories?post=145129"},{"taxonomy":"post_tag","embeddable":true,"href":"https:\/\/www.europesays.com\/fr\/wp-json\/wp\/v2\/tags?post=145129"}],"curies":[{"name":"wp","href":"https:\/\/api.w.org\/{rel}","templated":true}]}}