{"id":145144,"date":"2025-06-01T23:41:30","date_gmt":"2025-06-01T23:41:30","guid":{"rendered":"https:\/\/www.europesays.com\/fr\/145144\/"},"modified":"2025-06-01T23:41:30","modified_gmt":"2025-06-01T23:41:30","slug":"handicap-malentendante-grave-je-reve-que-les-films-soient-plus-souvent-sous-titres-au","status":"publish","type":"post","link":"https:\/\/www.europesays.com\/fr\/145144\/","title":{"rendered":"Handicap. \u00ab\u00a0Malentendante grave, je r\u00eave que les films soient plus souvent sous-titr\u00e9s au"},"content":{"rendered":"<p>Dans le cadre de notre rubrique \u00ab\u00a0Courrier des lectrices et des lecteurs\u00a0\u00bb, M-F E. (Loire-Atlantique) t\u00e9moigne sur le manque de sous-titrages dans les salles de cin\u00e9ma\u00a0:<\/p>\n<p>\u00ab\u00a0Je suis veuve, \u00e2g\u00e9e de 78\u00a0ans et malentendante grave. J\u2019ai toujours aim\u00e9 le th\u00e9\u00e2tre, loisir o\u00f9 je ne vais plus depuis longtemps car je n\u2019entends rien. Le cin\u00e9ma, que j\u2019aime tant, j\u2019y vais tr\u00e8s peu car les films ne sont pas sous-titr\u00e9s.<\/p>\n<p>Ma commune et une autre commune tout pr\u00e8s disposent d\u2019au moins quinze salles de cin\u00e9ma, mais aucune ne fait de sous-titrage, d\u00e9solant\u00a0! Je suis contrainte d\u2019aller \u00e0 Nantes au Katorza, qui fait du sous-titrage pour certains films, des films \u00e9trangers, pas trop de choix. Je prends les transports en commun, je ne peux pas aller aux s\u00e9ances trop tardives (20\u00a0heures maximum) car, avec l\u2019ins\u00e9curit\u00e9 qui r\u00e8gne \u00e0 Nantes, ce serait de la folie donc le choix est tr\u00e8s restreint.<\/p>\n<p>Je voudrais que ceux qui sont en charge de la programmation des films pensent un instant aux handicap\u00e9s graves de l\u2019audition (un casque ne suffit pas).\u00a0Je n\u2019entends pas le t\u00e9l\u00e9phone. Je fonctionne par SMS, c\u2019est le monde du silence. Pourquoi ne pas r\u00eaver que le sous-titrage s\u2019installe pr\u00e8s de chez moi\u00a0? Ce ne serait que du bonheur.\u00a0\u00bb<\/p>\n<p>\u00a0<\/p>\n","protected":false},"excerpt":{"rendered":"Dans le cadre de notre rubrique \u00ab\u00a0Courrier des lectrices et des lecteurs\u00a0\u00bb, M-F E. (Loire-Atlantique) t\u00e9moigne sur le&hellip;\n","protected":false},"author":2,"featured_media":145145,"comment_status":"","ping_status":"","sticky":false,"template":"","format":"standard","meta":{"footnotes":""},"categories":[2818],"tags":[1111,11,650,1777,674,1346,1011,27,16871,1943,27413,766,12,2636,25,15300,27414,5485],"class_list":{"0":"post-145144","1":"post","2":"type-post","3":"status-publish","4":"format-standard","5":"has-post-thumbnail","7":"category-nantes","8":"tag-actu","9":"tag-actualites","10":"tag-cinema","11":"tag-eu","12":"tag-europe","13":"tag-films","14":"tag-fr","15":"tag-france","16":"tag-grave","17":"tag-handicap","18":"tag-malentendante","19":"tag-nantes","20":"tag-news","21":"tag-pays-de-la-loire","22":"tag-republique-francaise","23":"tag-reve","24":"tag-sous-titres","25":"tag-souvent"},"share_on_mastodon":{"url":"https:\/\/pubeurope.com\/@fr\/114610758117913394","error":""},"_links":{"self":[{"href":"https:\/\/www.europesays.com\/fr\/wp-json\/wp\/v2\/posts\/145144","targetHints":{"allow":["GET"]}}],"collection":[{"href":"https:\/\/www.europesays.com\/fr\/wp-json\/wp\/v2\/posts"}],"about":[{"href":"https:\/\/www.europesays.com\/fr\/wp-json\/wp\/v2\/types\/post"}],"author":[{"embeddable":true,"href":"https:\/\/www.europesays.com\/fr\/wp-json\/wp\/v2\/users\/2"}],"replies":[{"embeddable":true,"href":"https:\/\/www.europesays.com\/fr\/wp-json\/wp\/v2\/comments?post=145144"}],"version-history":[{"count":0,"href":"https:\/\/www.europesays.com\/fr\/wp-json\/wp\/v2\/posts\/145144\/revisions"}],"wp:featuredmedia":[{"embeddable":true,"href":"https:\/\/www.europesays.com\/fr\/wp-json\/wp\/v2\/media\/145145"}],"wp:attachment":[{"href":"https:\/\/www.europesays.com\/fr\/wp-json\/wp\/v2\/media?parent=145144"}],"wp:term":[{"taxonomy":"category","embeddable":true,"href":"https:\/\/www.europesays.com\/fr\/wp-json\/wp\/v2\/categories?post=145144"},{"taxonomy":"post_tag","embeddable":true,"href":"https:\/\/www.europesays.com\/fr\/wp-json\/wp\/v2\/tags?post=145144"}],"curies":[{"name":"wp","href":"https:\/\/api.w.org\/{rel}","templated":true}]}}