{"id":145150,"date":"2025-06-01T23:45:16","date_gmt":"2025-06-01T23:45:16","guid":{"rendered":"https:\/\/www.europesays.com\/fr\/145150\/"},"modified":"2025-06-01T23:45:16","modified_gmt":"2025-06-01T23:45:16","slug":"insolite-le-tatouage-souvenir-de-ben-tameifuna-en-lhonneur-du-titre-de-bordeaux-en-champions-cup","status":"publish","type":"post","link":"https:\/\/www.europesays.com\/fr\/145150\/","title":{"rendered":"Insolite. Le tatouage souvenir de Ben Tameifuna en l&rsquo;honneur du titre de Bordeaux en Champions Cup"},"content":{"rendered":"<p>            Par<br \/>\n        <strong><br \/>\n            <a href=\"https:\/\/actu.fr\/auteur\/thomas-corbet-actu-fr\" title=\"Consulter tous les articles de Thomas Corbet\" target=\"_blank\" rel=\"noopener\">Thomas Corbet<\/a><br \/>\n        <\/strong><\/p>\n<p>        Publi\u00e9 le<\/p>\n<p>            1 juin 2025 \u00e0 21h29        <\/p>\n<p>Nombreuses furent les <a href=\"https:\/\/actu.fr\/nouvelle-aquitaine\/bordeaux_33063\/euphorique-un-joueur-de-l-ubb-annonce-sa-candidature-a-la-mairie-de-bordeaux-en-2026_62685600.html\" target=\"_blank\" rel=\"noopener\">c\u00e9l\u00e9brations loufoques<\/a> dans le sillages du titre acquis par <a href=\"https:\/\/actu.fr\/rugby\/equipe\/bordeaux-begles_64dd31517b8c09c4fec880dd\/\" target=\"_blank\" rel=\"noopener\">Bordeaux-B\u00e8gles<\/a> en Champions Cup. Dans le rayon des <strong>choix insolites<\/strong>, <a href=\"https:\/\/actu.fr\/rugby\/joueur\/tameifuna_6548b1d24481bf25852f3467\/\" target=\"_blank\" rel=\"noopener\">Ben Tameifuna<\/a> s\u2019est quant \u00e0 lui offert un <strong>joli tatouage souvenir<\/strong>.\u00a0<\/p>\n<p>Champions Cup : le tatouage souvenir de Ben Tameifuna<\/p>\n<p class=\" wall-content\">Apr\u00e8s avoir tout donn\u00e9 sur le terrain, il \u00e9tait tout naturel pour les joueurs de Bordeaux-B\u00e8gles de tout donner pour c\u00e9l\u00e9brer leur titre acquis de haute lutte en finale de Champions Cup contre Northampton.\u00a0<\/p>\n<p class=\" wall-content\">Rassurez-vous, Ben Tameifuna ne s\u2019est pas fait tatouer le portrait de Henry Pollock sur le torse. L\u00e0, ce serait sans doute all\u00e9 un peu loin.<\/p>\n<p>Une \u00e9toile sur le mollet, pas encore sur le maillot<\/p>\n<p class=\" wall-content\">Le colossal pilier droit a fait un autre choix afin d\u2019immortaliser le premier titre de l\u2019histoire de l\u2019UBB : le logo du club tatou\u00e9 sur le mollet, surmont\u00e9 de la traditionnelle \u00e9toile.\u00a0<\/p>\n<p>    <img   decoding=\"async\" loading=\"lazy\" src=\"https:\/\/www.europesays.com\/fr\/wp-content\/uploads\/2025\/06\/capture-tatouage-tameifuna-960x640.jpg\" alt=\"La premi\u00e8re \u00e9toile de l'Union Bordeaux-B\u00e8gles a trouv\u00e9 sa place sur le mollet de Ben Tameifuna.\" width=\"960\" height=\"640\"\/><br \/>\n    La premi\u00e8re \u00e9toile de l\u2019Union Bordeaux-B\u00e8gles a trouv\u00e9 sa place sur le mollet de Ben Tameifuna. (\u00a9Canal +)<\/p>\n<p class=\" wall-content\">\n<p>Vid\u00e9os : en ce moment sur Actu<\/p>\n<p class=\" wall-content\">Ben Tameifuna et son tatoueur sont ainsi all\u00e9s plus vite que l\u2019\u00e9quipementier de l\u2019UBB, puisque l\u2019\u00e9toile ne sera pr\u00e9sente sur les maillots girondins qu\u2019\u00e0 partir de la saison prochaine.<\/p>\n<p class=\" wall-content\">Suivez toute l\u2019actualit\u00e9 de vos villes et m\u00e9dias favoris en vous inscrivant \u00e0 <a href=\"https:\/\/moncompte.actu.fr\" title=\"D\u00e9couvez Mon Actu\" rel=\"nofollow noopener\" data-trk=\"{&quot;cta&quot;:{&quot;action&quot;:&quot;https:\\\/\\\/moncompte.actu.fr&quot;,&quot;category&quot;:&quot;mon compte&quot;,&quot;from&quot;:&quot;article footer&quot;,&quot;name&quot;:&quot;Mon actu&quot;,&quot;type&quot;:&quot;cta&quot;}}\" target=\"_blank\">Mon Actu<\/a>.<\/p>\n<ul class=\"ac-article-tag wall-content\">\n<li><a href=\"https:\/\/actu.fr\/tag\/champions-cup\" data-trk=\"{&quot;cta&quot;:{&quot;action&quot;:&quot;Champions Cup&quot;,&quot;category&quot;:&quot;tag&quot;,&quot;from&quot;:&quot;article footer&quot;,&quot;name&quot;:&quot;Champions Cup&quot;,&quot;type&quot;:&quot;cta&quot;}}\" target=\"_blank\" rel=\"noopener\">#Champions Cup<\/a><\/li>\n<li><a href=\"https:\/\/actu.fr\/tag\/usb-union-bordeaux-begles\" data-trk=\"{&quot;cta&quot;:{&quot;action&quot;:&quot;UBB Union Bordeaux B\\u00e8gles&quot;,&quot;category&quot;:&quot;tag&quot;,&quot;from&quot;:&quot;article footer&quot;,&quot;name&quot;:&quot;UBB Union Bordeaux B\\u00e8gles&quot;,&quot;type&quot;:&quot;cta&quot;}}\" target=\"_blank\" rel=\"noopener\">#UBB Union Bordeaux B\u00e8gles<\/a><\/li>\n<\/ul>\n","protected":false},"excerpt":{"rendered":"Par Thomas Corbet Publi\u00e9 le 1 juin 2025 \u00e0 21h29 Nombreuses furent les c\u00e9l\u00e9brations loufoques dans le sillages&hellip;\n","protected":false},"author":2,"featured_media":145151,"comment_status":"","ping_status":"","sticky":false,"template":"","format":"standard","meta":{"footnotes":""},"categories":[2817],"tags":[1111,11,1997,3460,1089,1777,674,1011,27,12,2219,3788,25,479,60,4435],"class_list":{"0":"post-145150","1":"post","2":"type-post","3":"status-publish","4":"format-standard","5":"has-post-thumbnail","7":"category-bordeaux","8":"tag-actu","9":"tag-actualites","10":"tag-bordeaux","11":"tag-champions-cup","12":"tag-coupe-deurope","13":"tag-eu","14":"tag-europe","15":"tag-fr","16":"tag-france","17":"tag-news","18":"tag-nouvelle-aquitaine","19":"tag-pro","20":"tag-republique-francaise","21":"tag-rugby","22":"tag-sports","23":"tag-ubb-union-bordeaux-begles"},"share_on_mastodon":{"url":"https:\/\/pubeurope.com\/@fr\/114610774041110799","error":""},"_links":{"self":[{"href":"https:\/\/www.europesays.com\/fr\/wp-json\/wp\/v2\/posts\/145150","targetHints":{"allow":["GET"]}}],"collection":[{"href":"https:\/\/www.europesays.com\/fr\/wp-json\/wp\/v2\/posts"}],"about":[{"href":"https:\/\/www.europesays.com\/fr\/wp-json\/wp\/v2\/types\/post"}],"author":[{"embeddable":true,"href":"https:\/\/www.europesays.com\/fr\/wp-json\/wp\/v2\/users\/2"}],"replies":[{"embeddable":true,"href":"https:\/\/www.europesays.com\/fr\/wp-json\/wp\/v2\/comments?post=145150"}],"version-history":[{"count":0,"href":"https:\/\/www.europesays.com\/fr\/wp-json\/wp\/v2\/posts\/145150\/revisions"}],"wp:featuredmedia":[{"embeddable":true,"href":"https:\/\/www.europesays.com\/fr\/wp-json\/wp\/v2\/media\/145151"}],"wp:attachment":[{"href":"https:\/\/www.europesays.com\/fr\/wp-json\/wp\/v2\/media?parent=145150"}],"wp:term":[{"taxonomy":"category","embeddable":true,"href":"https:\/\/www.europesays.com\/fr\/wp-json\/wp\/v2\/categories?post=145150"},{"taxonomy":"post_tag","embeddable":true,"href":"https:\/\/www.europesays.com\/fr\/wp-json\/wp\/v2\/tags?post=145150"}],"curies":[{"name":"wp","href":"https:\/\/api.w.org\/{rel}","templated":true}]}}