{"id":145156,"date":"2025-06-01T23:49:10","date_gmt":"2025-06-01T23:49:10","guid":{"rendered":"https:\/\/www.europesays.com\/fr\/145156\/"},"modified":"2025-06-01T23:49:10","modified_gmt":"2025-06-01T23:49:10","slug":"previsions-du-lundi-2-juin-2025-5","status":"publish","type":"post","link":"https:\/\/www.europesays.com\/fr\/145156\/","title":{"rendered":"pr\u00e9visions du lundi 2 juin 2025"},"content":{"rendered":"<p>Dans la journ\u00e9e, les temp\u00e9ratures avoisineront les 15\u00b0C \u00e0 Lille. Une modeste brise de nord-ouest sera ressentie par les habitants. Le matin, les perturbations seront toujours au rendez-vous avec des nuages. Il faudra pr\u00e9voir son parapluie pour \u00e9viter les pluies \u00e9parses. La ville aura quelques \u00e9claircies l&rsquo;apr\u00e8s-midi. Les valeurs afficheront entre 18 et 19\u00b0C. Durant la nuit de lundi \u00e0 mardi, le ciel sera limpide.<\/p>\n<p>Demain, c&rsquo;est une hausse de quelques degr\u00e9s que vont conna\u00eetre les temp\u00e9ratures dans la ville de Lille. Les valeurs s&rsquo;\u00e9chelonneront entre 9 et 23\u00b0C. C&rsquo;est un soleil radieux qui va briller le matin. Le mercure affichera 18\u00b0C en moyenne. Un vent de sud-ouest, atteignant 23 km\/h, soufflera. Petits et grands pourront passer leur apr\u00e8s-midi sous un ciel l\u00e9g\u00e8rement nuageux. Les valeurs s&rsquo;\u00e9chelonneront de 17 \u00e0 23\u00b0C. Il fera 16\u00b0C en moyenne demain soir. La ville sera touch\u00e9e par un vent de sud-ouest de 20 km\/h.<\/p>\n<p>Le temps va se d\u00e9grader dans les jours qui suivent. Le temps sera pluvieux avec des temp\u00e9ratures d&rsquo;environ 16\u00b0C.<\/p>\n<p><\/p>\n","protected":false},"excerpt":{"rendered":"Dans la journ\u00e9e, les temp\u00e9ratures avoisineront les 15\u00b0C \u00e0 Lille. Une modeste brise de nord-ouest sera ressentie par&hellip;\n","protected":false},"author":2,"featured_media":145157,"comment_status":"","ping_status":"","sticky":false,"template":"","format":"standard","meta":{"footnotes":""},"categories":[2815],"tags":[1111,11,1777,674,1011,27,811,1307,12,1308,1309,2119,25],"class_list":{"0":"post-145156","1":"post","2":"type-post","3":"status-publish","4":"format-standard","5":"has-post-thumbnail","7":"category-lille","8":"tag-actu","9":"tag-actualites","10":"tag-eu","11":"tag-europe","12":"tag-fr","13":"tag-france","14":"tag-hauts-de-france","15":"tag-lille","16":"tag-news","17":"tag-nord","18":"tag-nord-pas-de-calais","19":"tag-previsions-meteo","20":"tag-republique-francaise"},"share_on_mastodon":{"url":"https:\/\/pubeurope.com\/@fr\/114610789696597801","error":""},"_links":{"self":[{"href":"https:\/\/www.europesays.com\/fr\/wp-json\/wp\/v2\/posts\/145156","targetHints":{"allow":["GET"]}}],"collection":[{"href":"https:\/\/www.europesays.com\/fr\/wp-json\/wp\/v2\/posts"}],"about":[{"href":"https:\/\/www.europesays.com\/fr\/wp-json\/wp\/v2\/types\/post"}],"author":[{"embeddable":true,"href":"https:\/\/www.europesays.com\/fr\/wp-json\/wp\/v2\/users\/2"}],"replies":[{"embeddable":true,"href":"https:\/\/www.europesays.com\/fr\/wp-json\/wp\/v2\/comments?post=145156"}],"version-history":[{"count":0,"href":"https:\/\/www.europesays.com\/fr\/wp-json\/wp\/v2\/posts\/145156\/revisions"}],"wp:featuredmedia":[{"embeddable":true,"href":"https:\/\/www.europesays.com\/fr\/wp-json\/wp\/v2\/media\/145157"}],"wp:attachment":[{"href":"https:\/\/www.europesays.com\/fr\/wp-json\/wp\/v2\/media?parent=145156"}],"wp:term":[{"taxonomy":"category","embeddable":true,"href":"https:\/\/www.europesays.com\/fr\/wp-json\/wp\/v2\/categories?post=145156"},{"taxonomy":"post_tag","embeddable":true,"href":"https:\/\/www.europesays.com\/fr\/wp-json\/wp\/v2\/tags?post=145156"}],"curies":[{"name":"wp","href":"https:\/\/api.w.org\/{rel}","templated":true}]}}