{"id":145191,"date":"2025-06-02T00:09:09","date_gmt":"2025-06-02T00:09:09","guid":{"rendered":"https:\/\/www.europesays.com\/fr\/145191\/"},"modified":"2025-06-02T00:09:09","modified_gmt":"2025-06-02T00:09:09","slug":"un-homme-tue-son-voisin-tunisien-et-diffuse-des-videos-racistes","status":"publish","type":"post","link":"https:\/\/www.europesays.com\/fr\/145191\/","title":{"rendered":"un homme tue son voisin tunisien et diffuse des vid\u00e9os racistes"},"content":{"rendered":"<p>Dans le Var (sud de la France), un homme de nationalit\u00e9 fran\u00e7aise a tu\u00e9 samedi 31 mai dans la soir\u00e9e l&rsquo;un de ses voisins, de nationalit\u00e9 tunisienne, et en a bless\u00e9 un autre, de nationalit\u00e9 turque, tout en postant des vid\u00e9os racistes.<\/p>\n<p>Le drame a eu lieu \u00e0 Puget-sur-Argens, une petite ville de 8 000 habitants dans le d\u00e9partement du Var. Samedi 31 mai dans la soir\u00e9e, un homme a tir\u00e9 sur son voisin de nationalit\u00e9 tunisienne, le blessant mortellement. Selon une source cit\u00e9e par l&rsquo;AFP, l&rsquo;homme \u00e2g\u00e9 de 35 ans a \u00e9t\u00e9 atteint par cinq impacts de balle. Le tireur en a bless\u00e9 un autre, de nationalit\u00e9 turque, \u00e0 la main.<\/p>\n<p>Alert\u00e9 par la compagne du suspect de 53 ans, les militaires de la gendarmerie nationale ont fait appel \u00e0 l&rsquo;antenne GIGN d&rsquo;Orange pour interpeller l&rsquo;homme qui avait pris la fuite en voiture. Plusieurs armes ont \u00e9t\u00e9 retrouv\u00e9es dans son v\u00e9hicule, \u00ab de type pistolet automatique, fusil \u00e0 pompe et arme de poing \u00bb, a pr\u00e9cis\u00e9 le magistrat, Pierre Couttenier. Adepte du tir sportif, le mis en cause a \u00ab diffus\u00e9 avant et apr\u00e8s son passage \u00e0 l&rsquo;acte deux vid\u00e9os sur son compte d&rsquo;un r\u00e9seau social au contenu raciste et haineux \u00bb, a indiqu\u00e9 le procureur de la R\u00e9publique dans son communiqu\u00e9. Il a \u00e9t\u00e9 plac\u00e9 en garde \u00e0 vue.<\/p>\n<p>\u00ab Inf\u00e2me meurtre raciste dans le Var. Ne laissons pas l&rsquo;officialit\u00e9 attiser la haine raciste en la l\u00e9gitimant. Ceci est le message de compassion pour la famille agress\u00e9e. Tous les fran\u00e7ais inform\u00e9s pensent de m\u00eame et constatent la faillite dangereuse de Bruno Retailleau \u00bb, a de son c\u00f4t\u00e9 \u00e9crit sur X le leader LFI Jean-Luc M\u00e9lenchon.<\/p>\n<p><a href=\"https:\/\/www.rfi.fr\/fr\/france\/20250601-france-un-homme-tue-son-voisin-tunisien-et-diffuse-des-vid%C3%A9os-racistes\" rel=\"nofollow noopener\" target=\"_blank\" data-ylk=\"slk:Lire la suite sur RFI;elm:context_link;itc:0;sec:content-canvas\" class=\"link \">Lire la suite sur RFI<\/a><\/p>\n","protected":false},"excerpt":{"rendered":"Dans le Var (sud de la France), un homme de nationalit\u00e9 fran\u00e7aise a tu\u00e9 samedi 31 mai dans&hellip;\n","protected":false},"author":2,"featured_media":145192,"comment_status":"","ping_status":"","sticky":false,"template":"","format":"standard","meta":{"footnotes":""},"categories":[4],"tags":[11,27416,1011,27,4933,11683,12,27417,3764,25,1966],"class_list":{"0":"post-145191","1":"post","2":"type-post","3":"status-publish","4":"format-standard","5":"has-post-thumbnail","7":"category-france","8":"tag-actualites","9":"tag-departement-du-var","10":"tag-fr","11":"tag-france","12":"tag-homme","13":"tag-nationalite-francaise","14":"tag-news","15":"tag-pierre-couttenier","16":"tag-procureur-de-la-republique","17":"tag-republique-francaise","18":"tag-sud-de-la-france"},"share_on_mastodon":{"url":"https:\/\/pubeurope.com\/@fr\/114610868234979770","error":""},"_links":{"self":[{"href":"https:\/\/www.europesays.com\/fr\/wp-json\/wp\/v2\/posts\/145191","targetHints":{"allow":["GET"]}}],"collection":[{"href":"https:\/\/www.europesays.com\/fr\/wp-json\/wp\/v2\/posts"}],"about":[{"href":"https:\/\/www.europesays.com\/fr\/wp-json\/wp\/v2\/types\/post"}],"author":[{"embeddable":true,"href":"https:\/\/www.europesays.com\/fr\/wp-json\/wp\/v2\/users\/2"}],"replies":[{"embeddable":true,"href":"https:\/\/www.europesays.com\/fr\/wp-json\/wp\/v2\/comments?post=145191"}],"version-history":[{"count":0,"href":"https:\/\/www.europesays.com\/fr\/wp-json\/wp\/v2\/posts\/145191\/revisions"}],"wp:featuredmedia":[{"embeddable":true,"href":"https:\/\/www.europesays.com\/fr\/wp-json\/wp\/v2\/media\/145192"}],"wp:attachment":[{"href":"https:\/\/www.europesays.com\/fr\/wp-json\/wp\/v2\/media?parent=145191"}],"wp:term":[{"taxonomy":"category","embeddable":true,"href":"https:\/\/www.europesays.com\/fr\/wp-json\/wp\/v2\/categories?post=145191"},{"taxonomy":"post_tag","embeddable":true,"href":"https:\/\/www.europesays.com\/fr\/wp-json\/wp\/v2\/tags?post=145191"}],"curies":[{"name":"wp","href":"https:\/\/api.w.org\/{rel}","templated":true}]}}