{"id":145196,"date":"2025-06-02T00:15:19","date_gmt":"2025-06-02T00:15:19","guid":{"rendered":"https:\/\/www.europesays.com\/fr\/145196\/"},"modified":"2025-06-02T00:15:19","modified_gmt":"2025-06-02T00:15:19","slug":"alberto-puig-dement-une-volonte-de-prendre-sa-retraite-2","status":"publish","type":"post","link":"https:\/\/www.europesays.com\/fr\/145196\/","title":{"rendered":"Alberto Puig d\u00e9ment une volont\u00e9 de prendre sa retraite"},"content":{"rendered":"<p>Honda a multipli\u00e9 les changements dans son organigramme ces derni\u00e8res ann\u00e9es, pour tenter de retrouver le sommet. Les nominations ont principalement concern\u00e9 les bureaux de la marque au Japon, o\u00f9 est d\u00e9velopp\u00e9e la moto, et si l&rsquo;\u00e9quipe de course bas\u00e9e en Europe a \u00e9volu\u00e9, Alberto Puig est rest\u00e9 en plac\u00e9.<\/p>\n<p>L&rsquo;ancien pilote dirige la structure depuis 2018 mais <a href=\"https:\/\/www.speedweek.com\/motogp\/news\/236094\/Alberto-Puig-Rueckzug-von-vorderster-MotoGP-Front.html\" rel=\"nofollow noopener\" target=\"_blank\">\u00e0 en croire Speedweek<\/a>, il pourrait c\u00e9der la main en fin de saison. Le m\u00e9dia a \u00e9voqu\u00e9 des probl\u00e8mes de sant\u00e9 qui s&rsquo;aggraveraient, Puig souffrant de sa jambe gauche depuis sa grave chute au Mans en 1995. Il a \u00e9t\u00e9 op\u00e9r\u00e9 \u00e0 de nombreuses reprises, ce qui l&rsquo;a contraint \u00e0 manquer plusieurs courses ces derni\u00e8res ann\u00e9es.<\/p>\n<p>Speedweek pr\u00e9cise m\u00eame que Puig et Honda chercheraient ensemble un successeur et que le mieux plac\u00e9 serait Francesco Guidotti, ancien team manager de Pramac et de KTM, qu&rsquo;il a quitt\u00e9 \u00e0 la fin de la saison derni\u00e8re. Sauf que Puig, visiblement piqu\u00e9 par cette rumeur, a fermement d\u00e9menti une volont\u00e9 de quitter son poste et tout affaiblissement physique.<\/p>\n<p>\u00ab\u00a0Je ne sais pas d&rsquo;o\u00f9 \u00e7a sort\u00a0\u00bb, a confi\u00e9 l&rsquo;Espagnol au site officiel du MotoGP. \u00ab\u00a0Je ne sais pas pourquoi. J&rsquo;ai entendu un gars parler de ma condition physique mais j&rsquo;ai 58 ans, je fais 55kg, ce qui m&rsquo;am\u00e8ne \u00e0 un taux de masse graisseuse de 10%, qui est fantastique. [&#8230;] Oui, j&rsquo;ai une jambe bless\u00e9e, c&rsquo;est vrai, mais ce n&rsquo;est pas la fin du monde. Heureusement, aujourd&rsquo;hui quand on a un probl\u00e8me, ils le r\u00e8glent donc je ne sais pas d&rsquo;o\u00f9 \u00e7a sort.\u00a0\u00bb<\/p>\n<p>Espargar\u00f3 a choisi Honda pour travailler avec Puig<br \/>\n   <img decoding=\"async\" draggable=\"false\" src=\"https:\/\/www.europesays.com\/fr\/wp-content\/uploads\/2025\/05\/1748700972_145_aleix-espargaro-honda-hrc.jpg\" alt=\"Aleix Espargaro, Honda HRC\" width=\"1200\" height=\"800\" loading=\"lazy\"\/> <\/p>\n<p class=\"title\">Aleix Espargar\u00f3<\/p>\n<p class=\"photographer\">Photo de: HRC<\/p>\n<p>En interne, le travail d&rsquo;Alberto Puig a souvent \u00e9t\u00e9 lou\u00e9 par les pilotes des derni\u00e8res ann\u00e9es. <a href=\"https:\/\/fr.motorsport.com\/driver\/aleix-espargaro\/90382\/\" target=\"_blank\" rel=\"noopener nofollow\">Aleix Espargar\u00f3<\/a>, devenu pilote d&rsquo;essais de Honda et engag\u00e9 en wild-card \u00e0 Jerez et \u00e0 Silverstone, est ravi de pouvoir profiter des connaissances de son compatriote, dont son fr\u00e8re lui avait d\u00e9j\u00e0 dit le plus grand bien.<\/p>\n<p>\u00ab\u00a0Je dois dire que c&rsquo;est une des raisons pour lesquelles j&rsquo;ai choisi Honda, parce que j&rsquo;ai toujours ador\u00e9 Alberto Puig, c&rsquo;est vraiment quelqu&rsquo;un de direct\u00a0\u00bb, expliquait Aleix Espargar\u00f3 \u00e0 SIlverstone. \u00ab\u00a0J&rsquo;adore ce genre de personnes. La course que j&rsquo;ai faite avec eux \u00e0 Jerez a \u00e9t\u00e9 fantastique, il est venu dans mon stand et il \u00e9tait super direct dans ce qu&rsquo;il avait \u00e0 me dire.\u00a0\u00bb<\/p>\n<p>\u00ab\u00a0Et Pol m&rsquo;a dit qu&rsquo;il ne s&rsquo;est jamais senti aussi prot\u00e9g\u00e9 que quand il travaillait avec Alberto chez Honda, m\u00eame si \u00e7a a \u00e9t\u00e9 une p\u00e9riode tr\u00e8s dure. Je pense donc que les pilotes sont contents du management de Honda.\u00a0\u00bb<\/p>\n<p style=\"text-align: right;\">Avec L\u00e9na Buffa<\/p>\n<p>Lire aussi :<\/p>\n<p>Dans cet article<\/p>\n<p>    Vincent Lalanne-Sicaud\n<\/p>\n<p>    MotoGP\n<\/p>\n<p>    Honda HRC\n<\/p>\n<p>Soyez le premier inform\u00e9 et souscrivez aux alertes mails pour recevoir les infos en temps r\u00e9el<\/p>\n<p>    S&rsquo;abonner aux alertes de news<\/p>\n","protected":false},"excerpt":{"rendered":"Honda a multipli\u00e9 les changements dans son organigramme ces derni\u00e8res ann\u00e9es, pour tenter de retrouver le sommet. Les&hellip;\n","protected":false},"author":2,"featured_media":145197,"comment_status":"","ping_status":"","sticky":false,"template":"","format":"standard","meta":{"footnotes":""},"categories":[1413],"tags":[26993,1011,27,23124,3345,1457,1456,1458,23125,60],"class_list":{"0":"post-145196","1":"post","2":"type-post","3":"status-publish","4":"format-standard","5":"has-post-thumbnail","7":"category-moto","8":"tag-alberto-puig","9":"tag-fr","10":"tag-france","11":"tag-gp-de-grande-bretagne","12":"tag-honda-hrc","13":"tag-moto","14":"tag-motocycle","15":"tag-motogp","16":"tag-silverstone","17":"tag-sports"},"share_on_mastodon":{"url":"https:\/\/pubeurope.com\/@fr\/114610891907961029","error":""},"_links":{"self":[{"href":"https:\/\/www.europesays.com\/fr\/wp-json\/wp\/v2\/posts\/145196","targetHints":{"allow":["GET"]}}],"collection":[{"href":"https:\/\/www.europesays.com\/fr\/wp-json\/wp\/v2\/posts"}],"about":[{"href":"https:\/\/www.europesays.com\/fr\/wp-json\/wp\/v2\/types\/post"}],"author":[{"embeddable":true,"href":"https:\/\/www.europesays.com\/fr\/wp-json\/wp\/v2\/users\/2"}],"replies":[{"embeddable":true,"href":"https:\/\/www.europesays.com\/fr\/wp-json\/wp\/v2\/comments?post=145196"}],"version-history":[{"count":0,"href":"https:\/\/www.europesays.com\/fr\/wp-json\/wp\/v2\/posts\/145196\/revisions"}],"wp:featuredmedia":[{"embeddable":true,"href":"https:\/\/www.europesays.com\/fr\/wp-json\/wp\/v2\/media\/145197"}],"wp:attachment":[{"href":"https:\/\/www.europesays.com\/fr\/wp-json\/wp\/v2\/media?parent=145196"}],"wp:term":[{"taxonomy":"category","embeddable":true,"href":"https:\/\/www.europesays.com\/fr\/wp-json\/wp\/v2\/categories?post=145196"},{"taxonomy":"post_tag","embeddable":true,"href":"https:\/\/www.europesays.com\/fr\/wp-json\/wp\/v2\/tags?post=145196"}],"curies":[{"name":"wp","href":"https:\/\/api.w.org\/{rel}","templated":true}]}}