{"id":145206,"date":"2025-06-02T00:20:22","date_gmt":"2025-06-02T00:20:22","guid":{"rendered":"https:\/\/www.europesays.com\/fr\/145206\/"},"modified":"2025-06-02T00:20:22","modified_gmt":"2025-06-02T00:20:22","slug":"porteur-de-trisomie-21-le-fils-de-sebastiao-salgado-rodrigo-expose-ses-projets-de-vitraux-a-reims","status":"publish","type":"post","link":"https:\/\/www.europesays.com\/fr\/145206\/","title":{"rendered":"Porteur de trisomie 21, le fils de Sebasti\u00e3o Salgado, Rodrigo, expose ses projets de vitraux \u00e0 Reims"},"content":{"rendered":"<p>Le fils du photographe franco-br\u00e9silien, d\u00e9c\u00e9d\u00e9 vendredi 23 mai, pr\u00e9sente ses peintures dans l\u2019ancienne \u00e9glise du Sacr\u00e9-C\u0153ur. De la couleur aux tons assombris, elles refl\u00e8tent la m\u00e9lancolie qui a gagn\u00e9 sa vie en perdant de l\u2019autonomie.<\/p>\n<p class=\"fig-paragraph\">Quelques jours apr\u00e8s le d\u00e9c\u00e8s du photographe franco-br\u00e9silien\u00a0<a href=\"http:\/\/www.lefigaro.fr\/culture\/hommages-a-sebastiao-salgado-le-monument-bresilien-de-la-photo-20250524\" target=\"_blank\" data-fig-type=\"Article\" rel=\"noopener\" data-gtm-custom-categorie=\"navigation\" data-gtm-custom-action=\"crossclick\" data-gtm-custom-label=\"Contextuel\" data-gtm-event=\"customEventSPE\" data-fig-domain=\"LEFIGARO\">Sebasti\u00e3o Salgado<\/a>, son fils Rodrigo, artiste porteur de trisomie 21, a inaugur\u00e9 sa premi\u00e8re exposition mardi 27 mai dans l\u2019ancienne \u00e9glise du Sacr\u00e9-C\u0153ur \u00e0 Reims. Le vernissage samedi, en pr\u00e9sence notamment de L\u00e9lia Wanick Salgado, la veuve de Sebasti\u00e3o Salgado, et de leurs deux fils Rodrigo et Juliano, s&rsquo;est en partie transform\u00e9 en un dernier hommage au disparu.<\/p>\n<p class=\"fig-paragraph\">L\u00e9lia et Sebasti\u00e3o ont toujours \u00e9t\u00e9 des parents \u00ab\u00a0tr\u00e8s aimants\u00a0\u00bb et qui ont aid\u00e9 leurs enfants dans leurs choix, a soulign\u00e9 samedi Juliano Salgado dans un discours, \u00e9voquant \u00ab\u00a0une relation tr\u00e8s sp\u00e9ciale, tr\u00e8s forte\u00a0\u00bb dans leur famille. \u00c9voquer la mort de Sebasti\u00e3o est \u00ab\u00a0tr\u00e8s paradoxal\u00a0\u00bb parce qu&rsquo;il \u00e9tait \u00ab\u00a0le photographe de la vie, de l&rsquo;humanit\u00e9, de la r\u00e9sistance de la vie sur les forces barbares, celles qui d\u00e9truisent les hommes, celles qui d\u00e9truisent la nature\u00a0\u00bb, a encore estim\u00e9 Juliano Salgado.<\/p>\n<p>    Rodrigo Salgado (ici \u00e0 droite), 45 ans \u00e9tait entour\u00e9 de sa famille samedi 24 mai lors du vernissage de son exposition dans l\u2019ancienne \u00e9glise du Sacr\u00e9-C\u0153ur \u00e0 Reims.<br \/>\n                Atelier Simon-Marq<\/p>\n<p>Une amiti\u00e9 avec un sculpteur fran\u00e7ais<\/p>\n<p class=\"fig-paragraph\">Intitul\u00e9e Rodrigo, une vie d&rsquo;artiste, l&rsquo;exposition qui dure jusqu&rsquo;au 10\u00a0septembre t\u00e9moigne de l&rsquo;univers artistique singulier de Rodrigo Salgado, 45\u00a0ans. Ce dernier a commenc\u00e9 \u00e0 peindre d\u00e8s l&rsquo;enfance, quotidiennement, souvent d\u00e8s l&rsquo;aube, et parfois dans la nuit. Rodrigo a nou\u00e9 une profonde amiti\u00e9 avec le peintre et sculpteur fran\u00e7ais Michel Granger, qui l&rsquo;a accueilli pendant une vingtaine d&rsquo;ann\u00e9es dans son atelier parisien. \u00ab\u00a0Je n&rsquo;\u00e9tais pas son professeur car il n&rsquo;en avait pas besoin\u00a0\u00bb, a d\u00e9clar\u00e9 Michel Granger cette semaine \u00e0 l&rsquo;AFP. \u00ab\u00a0Son travail est vraiment pens\u00e9, il ne tient pas du hasard\u00a0\u00bb.<\/p>\n<p class=\"fig-paragraph\">Les cr\u00e9ations de Rodrigo Salgado dessinent son parcours int\u00e9rieur en plusieurs phases, de la premi\u00e8re pleine de couleurs et de joie de vivre, \u00e0 la derni\u00e8re aux tons assombris, refl\u00e9tant la m\u00e9lancolie qui a progressivement gagn\u00e9 l&rsquo;artiste en perdant son autonomie avec l&rsquo;\u00e2ge. \u00ab\u00a0Il perd un peu sa vie, sa libert\u00e9 de faire des choses\u00a0\u00bb, a confi\u00e9 L\u00e9lia Wanick Salgado, en \u00e9voquant le vieillissement pr\u00e9coce qui atteint d\u00e9sormais Rodrigo. Mais il n&rsquo;a jamais cess\u00e9 de dessiner car c&rsquo;est un \u00ab\u00a0artiste dans l&rsquo;\u00e2me\u00a0\u00bb, selon elle.<\/p>\n<p>    Des vitraux ont \u00e9t\u00e9 r\u00e9alis\u00e9s \u00e0 partir des cr\u00e9ations de Rodrigo.<br \/>\n                Atelier Simon-Marq<\/p>\n<p class=\"fig-paragraph\">Pour la premi\u00e8re fois, des vitraux ont \u00e9t\u00e9 r\u00e9alis\u00e9s \u00e0 partir de l&rsquo;\u0153uvre d&rsquo;un artiste porteur de trisomie 21\u00a0: seize vitraux ont \u00e9t\u00e9 con\u00e7us \u00e0 partir des premi\u00e8res cr\u00e9ations de Rodrigo, des peintures bariol\u00e9es aux motifs g\u00e9om\u00e9triques asym\u00e9triques. Ils ont \u00e9t\u00e9 d\u00e9finitivement pos\u00e9s dans l&rsquo;ancienne \u00e9glise du Sacr\u00e9-C\u0153ur \u00e0 Reims, qui accueille l&rsquo;exposition et h\u00e9berge aussi l&rsquo;atelier de ma\u00eetres-verriers\u00a0<a href=\"http:\/\/www.lefigaro.fr\/culture\/patrimoine\/les-vitraux-contemporains-de-notre-dame-seront-confies-a-la-peintre-claire-tabouret-20241218\" target=\"_blank\" data-fig-type=\"NewsFlash\" rel=\"noopener\" data-gtm-custom-categorie=\"navigation\" data-gtm-custom-action=\"crossclick\" data-gtm-custom-label=\"Contextuel\" data-gtm-event=\"customEventSPE\" data-fig-domain=\"LEFIGARO\">Simon-Marq<\/a>, qui les a r\u00e9alis\u00e9s.<\/p>\n","protected":false},"excerpt":{"rendered":"Le fils du photographe franco-br\u00e9silien, d\u00e9c\u00e9d\u00e9 vendredi 23 mai, pr\u00e9sente ses peintures dans l\u2019ancienne \u00e9glise du Sacr\u00e9-C\u0153ur. De&hellip;\n","protected":false},"author":2,"featured_media":145207,"comment_status":"","ping_status":"","sticky":false,"template":"","format":"standard","meta":{"footnotes":""},"categories":[1358],"tags":[1348,1384,1385,1386,58,59,2087,1349,638,10449,1011,27,4463,9692,7107,626,4243,510],"class_list":{"0":"post-145206","1":"post","2":"type-post","3":"status-publish","4":"format-standard","5":"has-post-thumbnail","7":"category-arts-et-design","8":"tag-arts","9":"tag-arts-and-design","10":"tag-arts-et-design","11":"tag-design","12":"tag-divertissement","13":"tag-entertainment","14":"tag-evenement","15":"tag-expositions","16":"tag-figaro","17":"tag-figaroscope","18":"tag-fr","19":"tag-france","20":"tag-guide","21":"tag-lieux","22":"tag-musees","23":"tag-paris","24":"tag-reims","25":"tag-visite"},"share_on_mastodon":{"url":"https:\/\/pubeurope.com\/@fr\/114610911595654612","error":""},"_links":{"self":[{"href":"https:\/\/www.europesays.com\/fr\/wp-json\/wp\/v2\/posts\/145206","targetHints":{"allow":["GET"]}}],"collection":[{"href":"https:\/\/www.europesays.com\/fr\/wp-json\/wp\/v2\/posts"}],"about":[{"href":"https:\/\/www.europesays.com\/fr\/wp-json\/wp\/v2\/types\/post"}],"author":[{"embeddable":true,"href":"https:\/\/www.europesays.com\/fr\/wp-json\/wp\/v2\/users\/2"}],"replies":[{"embeddable":true,"href":"https:\/\/www.europesays.com\/fr\/wp-json\/wp\/v2\/comments?post=145206"}],"version-history":[{"count":0,"href":"https:\/\/www.europesays.com\/fr\/wp-json\/wp\/v2\/posts\/145206\/revisions"}],"wp:featuredmedia":[{"embeddable":true,"href":"https:\/\/www.europesays.com\/fr\/wp-json\/wp\/v2\/media\/145207"}],"wp:attachment":[{"href":"https:\/\/www.europesays.com\/fr\/wp-json\/wp\/v2\/media?parent=145206"}],"wp:term":[{"taxonomy":"category","embeddable":true,"href":"https:\/\/www.europesays.com\/fr\/wp-json\/wp\/v2\/categories?post=145206"},{"taxonomy":"post_tag","embeddable":true,"href":"https:\/\/www.europesays.com\/fr\/wp-json\/wp\/v2\/tags?post=145206"}],"curies":[{"name":"wp","href":"https:\/\/api.w.org\/{rel}","templated":true}]}}