{"id":145225,"date":"2025-06-02T00:30:10","date_gmt":"2025-06-02T00:30:10","guid":{"rendered":"https:\/\/www.europesays.com\/fr\/145225\/"},"modified":"2025-06-02T00:30:10","modified_gmt":"2025-06-02T00:30:10","slug":"des-tirs-font-31-morts-pres-dun-centre-daide-selon-les-secours-israel-nie-tout-incident","status":"publish","type":"post","link":"https:\/\/www.europesays.com\/fr\/145225\/","title":{"rendered":"des tirs font 31 morts pr\u00e8s d&rsquo;un centre d&rsquo;aide, selon les secours, Isra\u00ebl nie tout incident"},"content":{"rendered":"<p>Les secours ont annonc\u00e9 qu&rsquo;au moins 31 personnes avaient \u00e9t\u00e9 tu\u00e9es par des tirs isra\u00e9liens dimanche pr\u00e8s d&rsquo;un centre de distribution d&rsquo;aide humanitaire dans la bande de Gaza, l&rsquo;organisation soutenue par les Etats-Unis et charg\u00e9e de la distribution ainsi que l&rsquo;arm\u00e9e isra\u00e9lienne niant tout incident.<\/p>\n<p>Isra\u00ebl fait face \u00e0 une pression internationale croissante pour mettre fin \u00e0 la guerre d\u00e9clench\u00e9e par l&rsquo;attaque sans pr\u00e9c\u00e9dent du mouvement islamiste palestinien Hamas sur son sol le 7 octobre 2023.<\/p>\n<p>La situation humanitaire est d\u00e9sastreuse dans le territoire palestinien, o\u00f9 Isra\u00ebl a impos\u00e9 un blocus complet pendant plus de deux mois, partiellement assoupli fin mai.<\/p>\n<p>La Fondation humanitaire de Gaza (GHF), officiellement une soci\u00e9t\u00e9 priv\u00e9e dot\u00e9e d&rsquo;un financement opaque, affirme avoir distribu\u00e9 des millions de repas depuis le d\u00e9but de ses op\u00e9rations la semaine derni\u00e8re, mais son d\u00e9ploiement a \u00e9t\u00e9 marqu\u00e9 par des sc\u00e8nes chaotiques et des informations faisant \u00e9tat de victimes de tirs isra\u00e9liens \u00e0 proximit\u00e9 des centres de distribution.<\/p>\n<p>La D\u00e9fense civile a indiqu\u00e9 que des tirs isra\u00e9liens avaient vis\u00e9 dimanche matin des personnes qui se dirigeaient vers un centre d&rsquo;aide alimentaire dans le gouvernorat de Rafah, dans le sud de la bande de Gaza, faisant au moins 31 morts et plus de 176 bless\u00e9s.<\/p>\n<p>L&rsquo;arm\u00e9e isra\u00e9lienne a ni\u00e9 avoir tir\u00e9 sur des civils tandis qu&rsquo;un porte-parole de la GHF a d\u00e9menti des informations \u00ab\u00a0fausses et fabriqu\u00e9es de toutes pi\u00e8ces\u00a0\u00bb.<\/p>\n<p>\u00ab\u00a0Les conclusions d&rsquo;une enqu\u00eate initiale indiquent que l&rsquo;arm\u00e9e n&rsquo;a pas tir\u00e9 sur des civils qui se trouvaient \u00e0 proximit\u00e9 ou \u00e0 l&rsquo;int\u00e9rieur du site\u00a0\u00bb, a d\u00e9clar\u00e9 l&rsquo;arm\u00e9e.<\/p>\n<p>\u00ab\u00a0Il y avait beaucoup de monde, c&rsquo;\u00e9tait le chaos\u00a0\u00bb et \u00ab\u00a0l&rsquo;arm\u00e9e a tir\u00e9 depuis des drones et des chars\u00a0\u00bb, a racont\u00e9 \u00e0 l&rsquo;AFP Abdallah Barbakh, 58 ans, disant s&rsquo;\u00eatre rendu sur place.<\/p>\n<p>R\u00e9agissant \u00e0 ces informations, Philippe Lazzarini, chef de l&rsquo;agence des Nations unies pour les r\u00e9fugi\u00e9s palestiniens (Unrwa), interdite en Isra\u00ebl depuis le d\u00e9but de l&rsquo;ann\u00e9e, a d\u00e9plor\u00e9 que la distribution d&rsquo;aide humanitaire \u00e0 Gaza soit devenue un \u00ab\u00a0pi\u00e8ge mortel\u00a0\u00bb.<\/p>\n<p>&#8211; \u00ab\u00a0Carnage absolu\u00a0\u00bb &#8211;<\/p>\n<p>Victoria Rose, une chirurgienne britannique se trouvant \u00e0 l&rsquo;h\u00f4pital Nasser de Khan Youn\u00e8s, o\u00f9 ont \u00e9t\u00e9 transport\u00e9s de nombreux bless\u00e9s, a d\u00e9crit dans un message vid\u00e9o une sc\u00e8ne de \u00ab\u00a0carnage absolu\u00a0\u00bb dans l&rsquo;\u00e9tablissement.<\/p>\n<p>Des images de l&rsquo;AFP montrent des habitants \u00e9vacuant des morts sur une charrette tir\u00e9e par un \u00e2ne et une foule compacte d&rsquo;hommes, certains charg\u00e9s de colis, revenant du centre, dans un paysage d\u00e9sertique et d\u00e9vast\u00e9.<\/p>\n<p>La D\u00e9fense civile a \u00e9galement d\u00e9clar\u00e9 que des tirs isra\u00e9liens avaient fait un mort et de nombreux bless\u00e9s pr\u00e8s d&rsquo;un autre site d&rsquo;aide humanitaire dans le centre du territoire.<\/p>\n<p>L&rsquo;ONG M\u00e9decins sans fronti\u00e8res (MSF) a indiqu\u00e9 de son c\u00f4t\u00e9 dimanche que des personnes qu&rsquo;elle a soign\u00e9es sur un site d&rsquo;aide \u00e0 Gaza avaient \u00e9t\u00e9 cibl\u00e9es par des tirs, qualifiant le syst\u00e8me de distribution de GHF de \u00ab\u00a0d\u00e9shumanisant, dangereux et s\u00e9v\u00e8rement inefficace\u00a0\u00bb.<\/p>\n<p>\u00ab\u00a0Les patients ont dit \u00e0 MSF qu&rsquo;on leur avait tir\u00e9 dessus de tous les c\u00f4t\u00e9s avec des drones, des h\u00e9licopt\u00e8res, des bateaux, des tanks et des soldats isra\u00e9liens au sol\u00a0\u00bb, a d\u00e9clar\u00e9 MSF dans un communiqu\u00e9.<\/p>\n<p>Pr\u00e8s de 20 mois apr\u00e8s le d\u00e9but de la guerre, les n\u00e9gociations en vue d&rsquo;un cessez-le-feu et d&rsquo;un accord pour la lib\u00e9ration des otages retenus dans la bande de Gaza n&rsquo;ont pas abouti.<\/p>\n<p>Sur 251 personnes enlev\u00e9es le 7 octobre 2023, 57 restent retenues \u00e0 Gaza, au moins 34 d&rsquo;entre elles \u00e9tant mortes, selon les autorit\u00e9s isra\u00e9liennes.<\/p>\n<p>Le Hamas a affirm\u00e9 samedi avoir r\u00e9pondu \u00ab\u00a0de mani\u00e8re positive\u00a0\u00bb \u00e0 une proposition am\u00e9ricaine pr\u00e9sent\u00e9e cette semaine, mais l&rsquo;\u00e9missaire des Etats-Unis pour le Moyen-Orient, Steve Witkoff, a jug\u00e9 cette r\u00e9ponse \u00ab\u00a0compl\u00e8tement inacceptable\u00a0\u00bb, critiquant un retour en arri\u00e8re.<\/p>\n<p>Le Premier ministre isra\u00e9lien, Benjamin Netanyahu, a lui aussi jug\u00e9 que la r\u00e9ponse du Hamas faisait \u00ab\u00a0reculer le processus\u00a0\u00bb.<\/p>\n<p>Dimanche, le ministre isra\u00e9lien de la D\u00e9fense, Isra\u00ebl Katz, a dit avoir ordonn\u00e9 \u00e0 l&rsquo;arm\u00e9e d&rsquo;aller de l&rsquo;avant dans la bande de Gaza, \u00ab\u00a0ind\u00e9pendamment de toute n\u00e9gociation\u00a0\u00bb, afin d&rsquo;accro\u00eetre la pression sur le Hamas pour qu&rsquo;il lib\u00e8re les otages.<\/p>\n<p>&#8211; \u00ab\u00a0Amendements\u00a0\u00bb du Hamas &#8211;<\/p>\n<p>De son c\u00f4t\u00e9, un dirigeant du Hamas a reproch\u00e9 aux Am\u00e9ricains d&rsquo;\u00eatre revenus sur ce qui avait \u00e9t\u00e9 convenu pr\u00e9c\u00e9demment.<\/p>\n<p>\u00ab\u00a0Nous avons exig\u00e9 des amendements aux clauses qui ne garantissent pas la fin des massacres\u00a0\u00bb ainsi que la fin de la guerre et le retrait d&rsquo;Isra\u00ebl de Gaza, a d\u00e9clar\u00e9 dimanche Mahmoud al-Mardawi.<\/p>\n<p>\u00ab\u00a0Ironiquement, les amendements que nous avons demand\u00e9s sont identiques, mot pour mot, \u00e0 ce qui avait \u00e9t\u00e9 convenu avec le m\u00e9diateur am\u00e9ricain au cours des derni\u00e8res semaines\u00a0\u00bb, a-t-il affirm\u00e9.<\/p>\n<p>Un autre dirigeant de Hamas, Bassem Na\u00efm, a d\u00e9clar\u00e9: \u00ab\u00a0Pourquoi, \u00e0 chaque fois, la r\u00e9ponse d&rsquo;Isra\u00ebl est-elle consid\u00e9r\u00e9e comme la seule r\u00e9ponse \u00e0 n\u00e9gocier ?\u00a0\u00bb.<\/p>\n<p>Dimanche, le Hamas s&rsquo;est dit pr\u00eat \u00e0 entamer \u00ab\u00a0imm\u00e9diatement\u00a0\u00bb un nouveau cycle de n\u00e9gociations pour \u00ab\u00a0parvenir \u00e0 un accord sur les points de discorde\u00a0\u00bb en vue d&rsquo;un cessez-le-feu.<\/p>\n<p>Le Qatar et l&rsquo;Egypte ont dit vouloir \u00ab\u00a0intensifier les efforts visant \u00e0 surmonter les obstacles\u00a0\u00bb, en coordination avec les Etats-Unis, le troisi\u00e8me pays m\u00e9diateur.<\/p>\n<p>Fin mai, M. Netanyahu avait conditionn\u00e9 la fin de la guerre \u00e0 l'\u00a0\u00bbexil\u00a0\u00bb du Hamas et au \u00ab\u00a0d\u00e9sarmement\u00a0\u00bb de Gaza, des exigences jusque-l\u00e0 rejet\u00e9es par le mouvement palestinien qui y a pris le pouvoir en 2007.<\/p>\n<p>L&rsquo;attaque du 7 octobre a entra\u00een\u00e9 la mort de 1.218 personnes c\u00f4t\u00e9 isra\u00e9lien, en majorit\u00e9 des civils, selon un d\u00e9compte de l&rsquo;AFP \u00e9tabli \u00e0 partir de donn\u00e9es officielles.<\/p>\n<p>Plus de 54.418 Palestiniens, majoritairement des civils, ont \u00e9t\u00e9 tu\u00e9s dans la campagne militaire isra\u00e9lienne de repr\u00e9sailles, selon des donn\u00e9es du minist\u00e8re de la Sant\u00e9 du gouvernement du Hamas, jug\u00e9es fiables par l&rsquo;ONU.<\/p>\n<p>bur-bfi\/sg\/lgo\/tmt<\/p>\n","protected":false},"excerpt":{"rendered":"Les secours ont annonc\u00e9 qu&rsquo;au moins 31 personnes avaient \u00e9t\u00e9 tu\u00e9es par des tirs isra\u00e9liens dimanche pr\u00e8s d&rsquo;un&hellip;\n","protected":false},"author":2,"featured_media":145226,"comment_status":"","ping_status":"","sticky":false,"template":"","format":"standard","meta":{"footnotes":""},"categories":[5],"tags":[11,1011,27,665,27420,3519,14,20288,15588,12,27419,28],"class_list":{"0":"post-145225","1":"post","2":"type-post","3":"status-publish","4":"format-standard","5":"has-post-thumbnail","7":"category-international","8":"tag-actualites","9":"tag-fr","10":"tag-france","11":"tag-gaza","12":"tag-gouvernorat-de-rafah","13":"tag-hamas","14":"tag-international","15":"tag-la-bande-de-gaza","16":"tag-liberation-des-otages","17":"tag-news","18":"tag-systeme-de-distribution","19":"tag-world"},"share_on_mastodon":{"url":"https:\/\/pubeurope.com\/@fr\/114610950873121038","error":""},"_links":{"self":[{"href":"https:\/\/www.europesays.com\/fr\/wp-json\/wp\/v2\/posts\/145225","targetHints":{"allow":["GET"]}}],"collection":[{"href":"https:\/\/www.europesays.com\/fr\/wp-json\/wp\/v2\/posts"}],"about":[{"href":"https:\/\/www.europesays.com\/fr\/wp-json\/wp\/v2\/types\/post"}],"author":[{"embeddable":true,"href":"https:\/\/www.europesays.com\/fr\/wp-json\/wp\/v2\/users\/2"}],"replies":[{"embeddable":true,"href":"https:\/\/www.europesays.com\/fr\/wp-json\/wp\/v2\/comments?post=145225"}],"version-history":[{"count":0,"href":"https:\/\/www.europesays.com\/fr\/wp-json\/wp\/v2\/posts\/145225\/revisions"}],"wp:featuredmedia":[{"embeddable":true,"href":"https:\/\/www.europesays.com\/fr\/wp-json\/wp\/v2\/media\/145226"}],"wp:attachment":[{"href":"https:\/\/www.europesays.com\/fr\/wp-json\/wp\/v2\/media?parent=145225"}],"wp:term":[{"taxonomy":"category","embeddable":true,"href":"https:\/\/www.europesays.com\/fr\/wp-json\/wp\/v2\/categories?post=145225"},{"taxonomy":"post_tag","embeddable":true,"href":"https:\/\/www.europesays.com\/fr\/wp-json\/wp\/v2\/tags?post=145225"}],"curies":[{"name":"wp","href":"https:\/\/api.w.org\/{rel}","templated":true}]}}