{"id":145238,"date":"2025-06-02T00:41:18","date_gmt":"2025-06-02T00:41:18","guid":{"rendered":"https:\/\/www.europesays.com\/fr\/145238\/"},"modified":"2025-06-02T00:41:18","modified_gmt":"2025-06-02T00:41:18","slug":"ladie-mobilisee-pour-lever-les-freins-a-lemploi-et-a-lentrepreneuriat","status":"publish","type":"post","link":"https:\/\/www.europesays.com\/fr\/145238\/","title":{"rendered":"l\u2019Adie mobilis\u00e9e pour lever les freins \u00e0 l\u2019emploi et \u00e0 l\u2019entrepreneuriat"},"content":{"rendered":"<p>            Par<br \/>\n        <strong><br \/>\n            <a href=\"https:\/\/actu.fr\/auteur\/metropoop\" title=\"Consulter tous les articles de R\u00e9daction M\u00e9tropolitain\" target=\"_blank\" rel=\"noopener\">R\u00e9daction M\u00e9tropolitain<\/a><br \/>\n        <\/strong><\/p>\n<p>        Publi\u00e9 le<\/p>\n<p>            1 juin 2025 \u00e0 13h26        <\/p>\n<p>Dans un d\u00e9partement o\u00f9 le ch\u00f4mage d\u00e9passe les 10 % et o\u00f9 pr\u00e8s d\u2019un habitant sur cinq vit sous le seuil de pauvret\u00e9, cr\u00e9er son activit\u00e9 ou simplement aller travailler rel\u00e8ve parfois du parcours du combattant. <strong>De ce lundi 2 au\u00a0vendredi\u00a06 juin 2025<\/strong>, l\u2019association Adie lance sa deuxi\u00e8me campagne nationale de sensibilisation. Objectif : informer, conseiller, et financer celles et ceux qui n\u2019entrent pas dans les cases du cr\u00e9dit bancaire classique.<\/p>\n<p class=\" wall-content\"><strong>Dans l\u2019H\u00e9rault<\/strong>, les \u00e9quipes de l\u2019association multiplient les actions de terrain. Elles iront \u00e0 la rencontre des porteurs de projets, souvent frein\u00e9s par des obstacles financiers ou administratifs. En partenariat avec France Travail, l\u2019<strong>Adie<\/strong> organise des ateliers et des webinaires pour pr\u00e9senter ses solutions de microcr\u00e9dit et son accompagnement personnalis\u00e9.<\/p>\n<p>Cr\u00e9er son activit\u00e9, malgr\u00e9 les obstacles<\/p>\n<p class=\" wall-content\">\u00c0 <strong>Lunel<\/strong>, un atelier est pr\u00e9vu <strong>ce jeudi 5 juin 2025<\/strong> de 8h \u00e0 12h dans les locaux de <strong>France Travail<\/strong>. Il s\u2019adresse \u00e0 tous ceux qui souhaitent se lancer dans la cr\u00e9ation d\u2019entreprise, mais qui manquent de financement ou de rep\u00e8res pour structurer leur projet. Pendant cette matin\u00e9e, les participants d\u00e9couvriront les solutions concr\u00e8tes propos\u00e9es par l\u2019Adie : pr\u00eats d\u2019honneur, microcr\u00e9dits professionnels, conseils juridiques ou encore aide \u00e0 la prospection commerciale.<\/p>\n<p>    <a href=\"https:\/\/www.google.com\/maps\/embed?pb=!1m18!1m12!1m3!1d5771.83900250484!2d4.126448076462861!3d43.67064397110131!2m3!1f0!2f0!3f0!3m2!1i1024!2i768!4f13.1!3m3!1m2!1s0x12b69ef34c11f7b5%3A0x2c81a7bdd8a45387!2sFrance%20Travail%20(ex%20P%C3%B4le%20emploi)!5e0!3m2!1sen!2sfr!4v1748763239824!5m2!1sen!2sfr\" title=\"Ouvrie le lien\" target=\"_blank\" rel=\"noopener\">Cliquez ici pour visualiser le contenu<\/a><\/p>\n<p class=\" wall-content\">Un autre frein, souvent moins m\u00e9diatis\u00e9, p\u00e8se lourd sur l\u2019insertion professionnelle : la mobilit\u00e9. L\u2019Adie finance depuis plusieurs ann\u00e9es les d\u00e9placements des travailleurs pr\u00e9caires, des ch\u00f4meurs et des micro-entrepreneurs. En 2024, un quart de ses financements nationaux ont concern\u00e9 la mobilit\u00e9. Dans l\u2019<strong>H\u00e9rault,<\/strong> 109 personnes ont pu b\u00e9n\u00e9ficier d\u2019un microcr\u00e9dit pour acheter un v\u00e9hicule, passer leur permis ou financer un d\u00e9m\u00e9nagement pour un emploi ou une formation. Pour r\u00e9pondre \u00e0 la demande croissante, l\u2019association organise <strong>un webinaire ce mardi 4 juin<\/strong> de 10h \u00e0 11h, anim\u00e9 par Hicham Alaoui, responsable r\u00e9gional du microcr\u00e9dit mobilit\u00e9. Le but : faire conna\u00eetre ces solutions encore trop m\u00e9connues.<\/p>\n<p>Vid\u00e9os : en ce moment sur ActuAppel aux citoyens engag\u00e9s<\/p>\n<p class=\" wall-content\">Pour \u00e9largir son impact, l\u2019Adie Occitanie lance aussi <strong>un appel aux b\u00e9n\u00e9voles<\/strong>. En 2025, l\u2019association souhaite en recruter six dans la r\u00e9gion pour renforcer ses actions autour de la mobilit\u00e9 inclusive. Ces missions b\u00e9n\u00e9voles permettent de participer concr\u00e8tement \u00e0 l\u2019insertion sociale et professionnelle sur le territoire. Une journ\u00e9e portes ouvertes est organis\u00e9e \u00e0 Montpellier <strong>ce lundi 2 juin<\/strong>, de 9 h \u00e0 12 h 30, dans les locaux de l\u2019agence Adie, rue de la Merci. Ce sera l\u2019occasion de d\u00e9couvrir les missions propos\u00e9es, de rencontrer l\u2019\u00e9quipe et d\u2019\u00e9changer avec d\u2019anciens b\u00e9n\u00e9voles.<\/p>\n<p>&gt; Tout savoir sur l\u2019Adie ici\u00a0<a href=\"https:\/\/www.adie.org\/notre-mission\" target=\"_blank\" rel=\"noopener\">https:\/\/www.adie.org\/notre-mission<\/a><\/p>\n<p class=\" wall-content\">Suivez toute l\u2019actualit\u00e9 de vos villes et m\u00e9dias favoris en vous inscrivant \u00e0 <a href=\"https:\/\/moncompte.actu.fr\" title=\"D\u00e9couvez Mon Actu\" rel=\"nofollow noopener\" data-trk=\"{&quot;cta&quot;:{&quot;action&quot;:&quot;https:\\\/\\\/moncompte.actu.fr&quot;,&quot;category&quot;:&quot;mon compte&quot;,&quot;from&quot;:&quot;article footer&quot;,&quot;name&quot;:&quot;Mon actu&quot;,&quot;type&quot;:&quot;cta&quot;}}\" target=\"_blank\">Mon Actu<\/a>.<\/p>\n","protected":false},"excerpt":{"rendered":"Par R\u00e9daction M\u00e9tropolitain Publi\u00e9 le 1 juin 2025 \u00e0 13h26 Dans un d\u00e9partement o\u00f9 le ch\u00f4mage d\u00e9passe les&hellip;\n","protected":false},"author":2,"featured_media":145239,"comment_status":"","ping_status":"","sticky":false,"template":"","format":"standard","meta":{"footnotes":""},"categories":[9599],"tags":[1111,11,1261,33,2855,1777,674,1011,27,2208,12,2680,25,216],"class_list":{"0":"post-145238","1":"post","2":"type-post","3":"status-publish","4":"format-standard","5":"has-post-thumbnail","7":"category-montpellier","8":"tag-actu","9":"tag-actualites","10":"tag-argent","11":"tag-economie","12":"tag-entrepreneuriat","13":"tag-eu","14":"tag-europe","15":"tag-fr","16":"tag-france","17":"tag-montpellier","18":"tag-news","19":"tag-occitanie","20":"tag-republique-francaise","21":"tag-vie-des-entreprises"},"share_on_mastodon":{"url":"https:\/\/pubeurope.com\/@fr\/114610994188719813","error":""},"_links":{"self":[{"href":"https:\/\/www.europesays.com\/fr\/wp-json\/wp\/v2\/posts\/145238","targetHints":{"allow":["GET"]}}],"collection":[{"href":"https:\/\/www.europesays.com\/fr\/wp-json\/wp\/v2\/posts"}],"about":[{"href":"https:\/\/www.europesays.com\/fr\/wp-json\/wp\/v2\/types\/post"}],"author":[{"embeddable":true,"href":"https:\/\/www.europesays.com\/fr\/wp-json\/wp\/v2\/users\/2"}],"replies":[{"embeddable":true,"href":"https:\/\/www.europesays.com\/fr\/wp-json\/wp\/v2\/comments?post=145238"}],"version-history":[{"count":0,"href":"https:\/\/www.europesays.com\/fr\/wp-json\/wp\/v2\/posts\/145238\/revisions"}],"wp:featuredmedia":[{"embeddable":true,"href":"https:\/\/www.europesays.com\/fr\/wp-json\/wp\/v2\/media\/145239"}],"wp:attachment":[{"href":"https:\/\/www.europesays.com\/fr\/wp-json\/wp\/v2\/media?parent=145238"}],"wp:term":[{"taxonomy":"category","embeddable":true,"href":"https:\/\/www.europesays.com\/fr\/wp-json\/wp\/v2\/categories?post=145238"},{"taxonomy":"post_tag","embeddable":true,"href":"https:\/\/www.europesays.com\/fr\/wp-json\/wp\/v2\/tags?post=145238"}],"curies":[{"name":"wp","href":"https:\/\/api.w.org\/{rel}","templated":true}]}}