{"id":145242,"date":"2025-06-02T00:47:39","date_gmt":"2025-06-02T00:47:39","guid":{"rendered":"https:\/\/www.europesays.com\/fr\/145242\/"},"modified":"2025-06-02T00:47:39","modified_gmt":"2025-06-02T00:47:39","slug":"deux-semaines-apres-les-fusillades-a-rennes-les-habitants-toujours-sous-le-choc","status":"publish","type":"post","link":"https:\/\/www.europesays.com\/fr\/145242\/","title":{"rendered":"deux semaines apr\u00e8s les fusillades \u00e0 Rennes, les habitants toujours sous le choc"},"content":{"rendered":"<p class=\"article-p mdl\">Deux semaines apr\u00e8s\u00a0une fusillade en plein jour dans un restaurant Subway\u00a0du quartier de Villejean, le 17 avril, l&rsquo;inqui\u00e9tude persiste parmi les habitants. Cet \u00e9v\u00e9nement, li\u00e9 au narcotrafic, a mis en lumi\u00e8re la violence croissante dans ce quartier de Rennes.<\/p>\n<p class=\"article-p mdl\"><strong>RTL est retourn\u00e9 sur place.\u00a0<\/strong>Charles Compagnon, \u00e9lu d&rsquo;opposition \u00e0 la mairie de Rennes, prend un caf\u00e9 dans ce fast-food du quartier. Quand quatre hommes entrent et tirent, bilan, trois bless\u00e9s par balle. Depuis, Charles Compagnon est sous le choc. Il a du mal \u00e0 dormir. \u00ab\u00a0<strong>D\u00e8s que je ferme les yeux, je vois la silhouette de l&rsquo;assaillant\u00a0\u00bb<\/strong>, confie-t-il.<\/p>\n<p class=\"article-p mdl\"><a class=\"link\" href=\"https:\/\/www.rtl.fr\/actu\/justice-faits-divers\/fusillade-a-rennes-ce-que-l-on-sait-sur-les-quatre-personnes-en-garde-a-vue-7900496003\" title=\"Fusillade \u00e0 Rennes : ce que l\u2019on sait sur les quatre personnes en garde \u00e0 vue\" target=\"_blank\" rel=\"noopener\">Les auteurs pr\u00e9sum\u00e9s de cette fusillade ont \u00e9t\u00e9 arr\u00eat\u00e9s.<\/a>\u00a0Quatre jeunes hommes de 20 \u00e0 23 ans, originaires de Paris, Tours, Marseille, mis en examen pour tentative de meurtre en bande organis\u00e9e.<\/p>\n<p>            Six fusillades depuis octobre<\/p>\n<p class=\"article-p mdl\">Depuis octobre dernier, six fusillades ont \u00e9clat\u00e9 dans le quartier, dont trois en plein apr\u00e8s-midi. R\u00e9gine Komokoli, habitante de longue date, exprime sa peur pour ses enfants et organise des rassemblements pour d\u00e9noncer la situation. \u00ab\u00a0On vit un cauchemar. Il y a les armes, les situations de guerre, les balles perdues. La violence a toujours exist\u00e9\u00a0\u00bb, d\u00e9clare-t-elle sur RTL.<\/p>\n<p class=\"article-p mdl\">L&rsquo;\u00e9lue de Villejean et conseill\u00e8re d\u00e9partementale d\u2019Ille-et-Vilaine organise r\u00e9guli\u00e8rement ici <strong>des rassemblements de mamans du quartier pour exprimer leur col\u00e8re<\/strong> et leurs inqui\u00e9tudes face au trafic de drogue et aux violences.<\/p>\n<p class=\"article-p mdl\">Le trafic de drogue s&rsquo;est intensifi\u00e9 \u00e0 Rennes, en partie \u00e0 cause du manque d&rsquo;effectifs policiers. Avec seulement 70 agents de la BAC et de la BST, les syndicats estiment qu&rsquo;il en manque une centaine. Rennes, porte d&rsquo;entr\u00e9e vers l&rsquo;ouest de la France, attire les narcotrafiquants, avec 28 fusillades et 35 points de deal recens\u00e9s en deux ans.<\/p>\n<p class=\"article-p mdl\">Face \u00e0 cette situation, la police nationale demande le classement de Rennes en secteur difficile, tandis que<strong> les policiers municipaux souhaitent \u00eatre arm\u00e9s pour mieux faire face \u00e0 la violence.<\/strong><\/p>\n<p>    La r\u00e9daction vous recommande<\/p>\n<p class=\"s-newsletter__title\">\n                L\u2019actualit\u00e9 par la r\u00e9daction de RTL dans votre bo\u00eete mail.\n            <\/p>\n<p class=\"s-newsletter__subtitle\">\n                Gr\u00e2ce \u00e0 votre compte RTL abonnez-vous \u00e0 la newsletter RTL info pour suivre toute l&rsquo;actualit\u00e9 au quotidien\n            <\/p>\n<p>\n                                    Lire la suite\n                                <\/p>\n","protected":false},"excerpt":{"rendered":"Deux semaines apr\u00e8s\u00a0une fusillade en plein jour dans un restaurant Subway\u00a0du quartier de Villejean, le 17 avril, l&rsquo;inqui\u00e9tude&hellip;\n","protected":false},"author":2,"featured_media":66222,"comment_status":"","ping_status":"","sticky":false,"template":"","format":"standard","meta":{"footnotes":""},"categories":[2821],"tags":[1111,11,829,1777,674,118,107,1011,27,3832,12,584,362,360,25],"class_list":{"0":"post-145242","1":"post","2":"type-post","3":"status-publish","4":"format-standard","5":"has-post-thumbnail","7":"category-rennes","8":"tag-actu","9":"tag-actualites","10":"tag-bretagne","11":"tag-eu","12":"tag-europe","13":"tag-faits-divers","14":"tag-fil-info","15":"tag-fr","16":"tag-france","17":"tag-fusillade","18":"tag-news","19":"tag-rennes","20":"tag-replay","21":"tag-replay-integral","22":"tag-republique-francaise"},"share_on_mastodon":{"url":"https:\/\/pubeurope.com\/@fr\/114611017715040126","error":""},"_links":{"self":[{"href":"https:\/\/www.europesays.com\/fr\/wp-json\/wp\/v2\/posts\/145242","targetHints":{"allow":["GET"]}}],"collection":[{"href":"https:\/\/www.europesays.com\/fr\/wp-json\/wp\/v2\/posts"}],"about":[{"href":"https:\/\/www.europesays.com\/fr\/wp-json\/wp\/v2\/types\/post"}],"author":[{"embeddable":true,"href":"https:\/\/www.europesays.com\/fr\/wp-json\/wp\/v2\/users\/2"}],"replies":[{"embeddable":true,"href":"https:\/\/www.europesays.com\/fr\/wp-json\/wp\/v2\/comments?post=145242"}],"version-history":[{"count":0,"href":"https:\/\/www.europesays.com\/fr\/wp-json\/wp\/v2\/posts\/145242\/revisions"}],"wp:featuredmedia":[{"embeddable":true,"href":"https:\/\/www.europesays.com\/fr\/wp-json\/wp\/v2\/media\/66222"}],"wp:attachment":[{"href":"https:\/\/www.europesays.com\/fr\/wp-json\/wp\/v2\/media?parent=145242"}],"wp:term":[{"taxonomy":"category","embeddable":true,"href":"https:\/\/www.europesays.com\/fr\/wp-json\/wp\/v2\/categories?post=145242"},{"taxonomy":"post_tag","embeddable":true,"href":"https:\/\/www.europesays.com\/fr\/wp-json\/wp\/v2\/tags?post=145242"}],"curies":[{"name":"wp","href":"https:\/\/api.w.org\/{rel}","templated":true}]}}