{"id":145266,"date":"2025-06-02T01:02:28","date_gmt":"2025-06-02T01:02:28","guid":{"rendered":"https:\/\/www.europesays.com\/fr\/145266\/"},"modified":"2025-06-02T01:02:28","modified_gmt":"2025-06-02T01:02:28","slug":"loeuvre-de-banksy-a-marseille-deja-degradee","status":"publish","type":"post","link":"https:\/\/www.europesays.com\/fr\/145266\/","title":{"rendered":"L&rsquo;\u0153uvre de Banksy \u00e0 Marseille d\u00e9j\u00e0 d\u00e9grad\u00e9e"},"content":{"rendered":"<p>            Par<br \/>\n        <strong><br \/>\n            <a href=\"https:\/\/actu.fr\/auteur\/redaction-marseille\" title=\"Consulter tous les articles de R\u00e9daction Marseille\" rel=\"nofollow noopener\" target=\"_blank\">R\u00e9daction Marseille<\/a><br \/>\n        <\/strong><\/p>\n<p>        Publi\u00e9 le<\/p>\n<p>            1 juin 2025 \u00e0 15h30        <\/p>\n<p>Deux testicules grossi\u00e8rement peints de chaque c\u00f4t\u00e9 de l\u2019\u0153uvre\u2026 Deux jours apr\u00e8s son apparition \u00e0 <a href=\"https:\/\/actu.fr\/marseille\/\" rel=\"nofollow noopener\" target=\"_blank\">Marseille<\/a>, <strong>un pochoir du street-artiste Banksy<\/strong> a \u00e9t\u00e9 d\u00e9grad\u00e9 dans la nuit de samedi \u00e0 ce dimanche 1er\u00a0juin 2025. De couleur violette, le barbouillage a \u00e9t\u00e9 ajout\u00e9 au pied d\u2019un phare, pour former un p\u00e9nis.<\/p>\n<p class=\" wall-content\">\n<p class=\" wall-content\">La d\u00e9gradation a \u00e9t\u00e9 rapidement nettoy\u00e9e dans la matin\u00e9e, de sorte que l\u2019\u0153uvre originale, accompagn\u00e9e d\u2019une phrase myst\u00e9rieuse \u00ab\u2009I want to be what you saw in me\u2009\u00bb (<strong>\u00abJe veux \u00eatre ce que tu as vu en moi\u2009\u00bb<\/strong>), \u00e9tait \u00e0 nouveau visible dimanche midi.<\/p>\n<p>\u00ab\u2009Un sport national\u2009\u00bb<\/p>\n<p class=\" wall-content\">\u00ab\u2009J\u2019ai tent\u00e9 de nettoyer des tags qui ont \u00e9t\u00e9 faits cette nuit, parce qu\u2019en fait, il faut un certain temps d\u2019attente pour que le vernis de protection anti-graffiti soit vraiment op\u00e9rationnel\u2009\u00bb, a expliqu\u00e9 <strong>Agn\u00e8s Perrone, peintre en d\u00e9cor du patrimoine<\/strong> venue \u00ab\u2009pour donner un coup de main\u2009\u00bb.<\/p>\n<p class=\" wall-content\">\u00ab\u2009<strong>Ils ont attendu que je sois all\u00e9e me coucher,<\/strong> m\u00eame tr\u00e8s tardivement, pour venir rajouter une belle paire de couilles autour du phare\u2009\u00bb, a-t-elle pest\u00e9 alors qu\u2019elle surveillait les environs pour \u00e9viter sa d\u00e9gradation.<\/p>\n<blockquote class=\"ac-article-quote wall-content\">\n<p>\u00ab\u00a0Je trouve \u00e7a tr\u00e8s con. Mais en m\u00eame temps, je suis habitu\u00e9e, je suis marseillaise: c&rsquo;est un sport national de combattre les tags, ici.\u00a0\u00bb<\/p>\n<p>    <strong>Agn\u00e8s Perrone<\/strong>\n            <\/p><\/blockquote>\n<p>Vid\u00e9os : en ce moment sur Actu\u00c9nigmatique et tr\u00e8s secret<\/p>\n<p class=\" wall-content\">L\u2019\u0153uvre de l\u2019\u00e9nigmatique et tr\u00e8s secret street-artiste avait \u00e9t\u00e9 d\u00e9couverte vendredi <strong>au niveau d\u2019un tunnel, situ\u00e9 rue F\u00e9lix-Fr\u00e9gier,<\/strong> tout pr\u00e8s de la plage des Catalans. C\u2019est l\u2019artiste lui-m\u00eame qui en avait r\u00e9v\u00e9l\u00e9 une photo sur son profil Instagram.<\/p>\n<p class=\" wall-content\">S\u2019il est aussi l\u2019auteur de tableaux et sculptures, Banksy, dont l\u2019identit\u00e9 reste toujours myst\u00e9rieuse, est principalement connu pour ses pochoirs percutants qu\u2019il s\u00e8me dans les rues du monde entier, <strong>provoquant souvent l\u2019hyst\u00e9rie du public.<\/strong> Dimanche encore, nombreux \u00e9taient les curieux venus observer l\u2019\u0153uvre en l\u2019immortalisant sur leur portable.<\/p>\n<p class=\" wall-content\">Les pochoirs de Banksy ont rapport\u00e9 plusieurs dizaines de millions de dollars, faisant de lui l\u2019un des artistes vivants les plus connus au monde. Elles portent souvent <strong>des messages puissants et provocateurs,<\/strong> sur des th\u00e8mes tels que la guerre, le capitalisme, le contr\u00f4le social ou encore les droits de l\u2019homme.<\/p>\n<p class=\" wall-content\"><strong>Avec AFP<\/strong><\/p>\n<p class=\" wall-content\">Suivez toute l\u2019actualit\u00e9 de vos villes et m\u00e9dias favoris en vous inscrivant \u00e0 <a href=\"https:\/\/moncompte.actu.fr\" title=\"D\u00e9couvez Mon Actu\" rel=\"nofollow noopener\" data-trk=\"{&quot;cta&quot;:{&quot;action&quot;:&quot;https:\\\/\\\/moncompte.actu.fr&quot;,&quot;category&quot;:&quot;mon compte&quot;,&quot;from&quot;:&quot;article footer&quot;,&quot;name&quot;:&quot;Mon actu&quot;,&quot;type&quot;:&quot;cta&quot;}}\" target=\"_blank\">Mon Actu<\/a>.<\/p>\n","protected":false},"excerpt":{"rendered":"Par R\u00e9daction Marseille Publi\u00e9 le 1 juin 2025 \u00e0 15h30 Deux testicules grossi\u00e8rement peints de chaque c\u00f4t\u00e9 de&hellip;\n","protected":false},"author":2,"featured_media":145267,"comment_status":"","ping_status":"","sticky":false,"template":"","format":"standard","meta":{"footnotes":""},"categories":[2814],"tags":[1111,11,1777,674,1011,27,1757,884,12,882,25,7189],"class_list":{"0":"post-145266","1":"post","2":"type-post","3":"status-publish","4":"format-standard","5":"has-post-thumbnail","7":"category-marseille","8":"tag-actu","9":"tag-actualites","10":"tag-eu","11":"tag-europe","12":"tag-fr","13":"tag-france","14":"tag-insolite","15":"tag-marseille","16":"tag-news","17":"tag-provence-alpes-cote-dazur","18":"tag-republique-francaise","19":"tag-street-art"},"share_on_mastodon":{"url":"https:\/\/pubeurope.com\/@fr\/114611076674260934","error":""},"_links":{"self":[{"href":"https:\/\/www.europesays.com\/fr\/wp-json\/wp\/v2\/posts\/145266","targetHints":{"allow":["GET"]}}],"collection":[{"href":"https:\/\/www.europesays.com\/fr\/wp-json\/wp\/v2\/posts"}],"about":[{"href":"https:\/\/www.europesays.com\/fr\/wp-json\/wp\/v2\/types\/post"}],"author":[{"embeddable":true,"href":"https:\/\/www.europesays.com\/fr\/wp-json\/wp\/v2\/users\/2"}],"replies":[{"embeddable":true,"href":"https:\/\/www.europesays.com\/fr\/wp-json\/wp\/v2\/comments?post=145266"}],"version-history":[{"count":0,"href":"https:\/\/www.europesays.com\/fr\/wp-json\/wp\/v2\/posts\/145266\/revisions"}],"wp:featuredmedia":[{"embeddable":true,"href":"https:\/\/www.europesays.com\/fr\/wp-json\/wp\/v2\/media\/145267"}],"wp:attachment":[{"href":"https:\/\/www.europesays.com\/fr\/wp-json\/wp\/v2\/media?parent=145266"}],"wp:term":[{"taxonomy":"category","embeddable":true,"href":"https:\/\/www.europesays.com\/fr\/wp-json\/wp\/v2\/categories?post=145266"},{"taxonomy":"post_tag","embeddable":true,"href":"https:\/\/www.europesays.com\/fr\/wp-json\/wp\/v2\/tags?post=145266"}],"curies":[{"name":"wp","href":"https:\/\/api.w.org\/{rel}","templated":true}]}}