{"id":145272,"date":"2025-06-02T01:07:09","date_gmt":"2025-06-02T01:07:09","guid":{"rendered":"https:\/\/www.europesays.com\/fr\/145272\/"},"modified":"2025-06-02T01:07:09","modified_gmt":"2025-06-02T01:07:09","slug":"dans-cette-ville-de-bretagne-le-magasin-de-chaussures-pille-apres-la-victoire-de-paris","status":"publish","type":"post","link":"https:\/\/www.europesays.com\/fr\/145272\/","title":{"rendered":"Dans cette ville de Bretagne, le magasin de chaussures pill\u00e9 apr\u00e8s la victoire de Paris"},"content":{"rendered":"<p>            Par<br \/>\n        <strong><br \/>\n            <a href=\"https:\/\/actu.fr\/auteur\/redaction-morbihan\" title=\"Consulter tous les articles de R\u00e9daction Morbihan\" rel=\"nofollow noopener\" target=\"_blank\">R\u00e9daction Morbihan<\/a><br \/>\n        <\/strong><\/p>\n<p>        Publi\u00e9 le<\/p>\n<p>            1 juin 2025 \u00e0 17h44        <\/p>\n<p>La f\u00eate a \u00e9t\u00e9 g\u00e2ch\u00e9e \u00e0 <b>Lorient <\/b>(<a href=\"https:\/\/actu.fr\/morbihan\/\" rel=\"nofollow noopener\" target=\"_blank\">Morbihan<\/a>) en Bretagne sud. Des <a href=\"https:\/\/actu.fr\/faits-divers\/un-ado-tue-des-pietons-fauches-un-magasin-pille-apres-la-victoire-du-psg-une-nuit-de-tension-en-france_62712887.html\" rel=\"nofollow noopener\" target=\"_blank\">incidents <\/a>ont \u00e9clat\u00e9 dans la ville aux cinq ports. Un magasin de chaussures a \u00e9t\u00e9 vandalis\u00e9.<\/p>\n<p>Un magasin pill\u00e9<\/p>\n<p class=\" wall-content\">Comme le rapporte <a href=\"https:\/\/www.ouest-france.fr\/societe\/faits-divers\/victoire-du-psg-a-lorient-des-bagarres-eclatent-et-le-magasin-foot-locker-pille-c29e8b20-3ebd-11f0-a72b-a30f16c34b2f\" rel=\"nofollow noopener\" target=\"_blank\">Ouest-France<\/a> qui a pu se rendre sur place, le magasin Foot Locker a \u00e9t\u00e9 forc\u00e9. <b>Les chaussures en exposition ont \u00e9t\u00e9 vol\u00e9es.<\/b> Un vol inutile car il n\u2019y a qu\u2019un pied par mod\u00e8le.<\/p>\n<p class=\" wall-content\">\u00ab\u2009Le PSG\u00a0a\u00a0gagn\u00e9, je ne comprends pas, \u00e7a ne devrait pas arriver\u2009\u00bb, a indiqu\u00e9 l\u2019agent de s\u00e9curit\u00e9 mandat\u00e9 par\u00a0Foot\u00a0Locker \u00e0 nos confr\u00e8res.<\/p>\n<p>Des d\u00e9gradations<\/p>\n<p class=\" wall-content\">Des riverains ont constat\u00e9 des voitures d\u00e9grad\u00e9es.<\/p>\n<p class=\" wall-content\">\u00ab\u2009Le football devrait rester une f\u00eate mais malheureusement certains s\u2019en servent comme pr\u00e9texte pour commettre des d\u00e9gradations ou provoquer des rixes. Je les condamne fermement et je demanderai qu\u2019on visionne les vid\u00e9os d\u00e8s demain pour identifier ces pseudos supporters\u2009\u00bb, a indiqu\u00e9 le maire Fabrice Loher \u00e0 nos confr\u00e8res.<\/p>\n<p class=\" wall-content\">Suivez toute l\u2019actualit\u00e9 de vos villes et m\u00e9dias favoris en vous inscrivant \u00e0 <a href=\"https:\/\/moncompte.actu.fr\" title=\"D\u00e9couvez Mon Actu\" rel=\"nofollow noopener\" data-trk=\"{&quot;cta&quot;:{&quot;action&quot;:&quot;https:\\\/\\\/moncompte.actu.fr&quot;,&quot;category&quot;:&quot;mon compte&quot;,&quot;from&quot;:&quot;article footer&quot;,&quot;name&quot;:&quot;Mon actu&quot;,&quot;type&quot;:&quot;cta&quot;}}\" target=\"_blank\">Mon Actu<\/a>.<\/p>\n","protected":false},"excerpt":{"rendered":"Par R\u00e9daction Morbihan Publi\u00e9 le 1 juin 2025 \u00e0 17h44 La f\u00eate a \u00e9t\u00e9 g\u00e2ch\u00e9e \u00e0 Lorient (Morbihan)&hellip;\n","protected":false},"author":2,"featured_media":145273,"comment_status":"","ping_status":"","sticky":false,"template":"","format":"standard","meta":{"footnotes":""},"categories":[1888],"tags":[1111,1928,11,1927,1777,674,118,1011,27,447,12,1926,626,1925,2332,1072,25],"class_list":{"0":"post-145272","1":"post","2":"type-post","3":"status-publish","4":"format-standard","5":"has-post-thumbnail","7":"category-paris","8":"tag-actu","9":"tag-actu-paris","10":"tag-actualites","11":"tag-actualites-paris","12":"tag-eu","13":"tag-europe","14":"tag-faits-divers","15":"tag-fr","16":"tag-france","17":"tag-ligue-des-champions","18":"tag-news","19":"tag-news-paris","20":"tag-paris","21":"tag-paris-news","22":"tag-paris-saint-germain-psg","23":"tag-police","24":"tag-republique-francaise"},"share_on_mastodon":{"url":"https:\/\/pubeurope.com\/@fr\/114611096478829276","error":""},"_links":{"self":[{"href":"https:\/\/www.europesays.com\/fr\/wp-json\/wp\/v2\/posts\/145272","targetHints":{"allow":["GET"]}}],"collection":[{"href":"https:\/\/www.europesays.com\/fr\/wp-json\/wp\/v2\/posts"}],"about":[{"href":"https:\/\/www.europesays.com\/fr\/wp-json\/wp\/v2\/types\/post"}],"author":[{"embeddable":true,"href":"https:\/\/www.europesays.com\/fr\/wp-json\/wp\/v2\/users\/2"}],"replies":[{"embeddable":true,"href":"https:\/\/www.europesays.com\/fr\/wp-json\/wp\/v2\/comments?post=145272"}],"version-history":[{"count":0,"href":"https:\/\/www.europesays.com\/fr\/wp-json\/wp\/v2\/posts\/145272\/revisions"}],"wp:featuredmedia":[{"embeddable":true,"href":"https:\/\/www.europesays.com\/fr\/wp-json\/wp\/v2\/media\/145273"}],"wp:attachment":[{"href":"https:\/\/www.europesays.com\/fr\/wp-json\/wp\/v2\/media?parent=145272"}],"wp:term":[{"taxonomy":"category","embeddable":true,"href":"https:\/\/www.europesays.com\/fr\/wp-json\/wp\/v2\/categories?post=145272"},{"taxonomy":"post_tag","embeddable":true,"href":"https:\/\/www.europesays.com\/fr\/wp-json\/wp\/v2\/tags?post=145272"}],"curies":[{"name":"wp","href":"https:\/\/api.w.org\/{rel}","templated":true}]}}