{"id":145278,"date":"2025-06-02T01:10:14","date_gmt":"2025-06-02T01:10:14","guid":{"rendered":"https:\/\/www.europesays.com\/fr\/145278\/"},"modified":"2025-06-02T01:10:14","modified_gmt":"2025-06-02T01:10:14","slug":"a-paris-un-gala-de-soutien-a-larmee-israelienne-rassemble-essayistes-et-journalistes-dextreme-droite-pour-rire-des-morts-a-gaza","status":"publish","type":"post","link":"https:\/\/www.europesays.com\/fr\/145278\/","title":{"rendered":"\u00c0 Paris, un gala de soutien \u00e0 l&rsquo;arm\u00e9e isra\u00e9lienne rassemble essayistes et journalistes d&rsquo;extr\u00eame droite pour rire des morts \u00e0 Gaza"},"content":{"rendered":"<p>Imaginez un quiz dont la question est\u00a0: \u00ab\u00a0Depuis le d\u00e9but de la guerre, si 55\u00a0000 personnes sont mortes \u00e0 Gaza, dont 55\u00a0% de civils, \u00e7a fait combien de Gazaouis qui sont morts\u00a0? 10,5\u00a0%, 24,6\u00a0%, 1,3\u00a0% ou 5,5\u00a0%\u00a0? Quel est le bon chiffre\u00a0?\u00a0\u00bb.\u00a0Sur l\u2019\u00e9cran o\u00f9 figure le graphique, le chrono d\u00e9file, le suspense est \u00e0 son comble. Qui va trouver la bonne r\u00e9ponse pour \u00eatre l\u2019heureux gagnant\u00a0? <\/p>\n<p>L\u2019ambiance est festive. L\u2019animatrice Barbara Lef\u00e8bvre, chroniqueuse \u00e0 RMC, pr\u00e9cise, avec une pointe d\u2019ironie, \u00ab\u00a0On compte les civils morts, on ne&#8230;<\/p>\n","protected":false},"excerpt":{"rendered":"Imaginez un quiz dont la question est\u00a0: \u00ab\u00a0Depuis le d\u00e9but de la guerre, si 55\u00a0000 personnes sont mortes&hellip;\n","protected":false},"author":2,"featured_media":145279,"comment_status":"","ping_status":"","sticky":false,"template":"","format":"standard","meta":{"footnotes":""},"categories":[1888],"tags":[11,27424,12376,1777,674,1011,27,665,12,626,25],"class_list":{"0":"post-145278","1":"post","2":"type-post","3":"status-publish","4":"format-standard","5":"has-post-thumbnail","7":"category-paris","8":"tag-actualites","9":"tag-armu00e9e-israu00e9lienne","10":"tag-diaspora","11":"tag-eu","12":"tag-europe","13":"tag-fr","14":"tag-france","15":"tag-gaza","16":"tag-news","17":"tag-paris","18":"tag-republique-francaise"},"share_on_mastodon":{"url":"https:\/\/pubeurope.com\/@fr\/114611108115060573","error":""},"_links":{"self":[{"href":"https:\/\/www.europesays.com\/fr\/wp-json\/wp\/v2\/posts\/145278","targetHints":{"allow":["GET"]}}],"collection":[{"href":"https:\/\/www.europesays.com\/fr\/wp-json\/wp\/v2\/posts"}],"about":[{"href":"https:\/\/www.europesays.com\/fr\/wp-json\/wp\/v2\/types\/post"}],"author":[{"embeddable":true,"href":"https:\/\/www.europesays.com\/fr\/wp-json\/wp\/v2\/users\/2"}],"replies":[{"embeddable":true,"href":"https:\/\/www.europesays.com\/fr\/wp-json\/wp\/v2\/comments?post=145278"}],"version-history":[{"count":0,"href":"https:\/\/www.europesays.com\/fr\/wp-json\/wp\/v2\/posts\/145278\/revisions"}],"wp:featuredmedia":[{"embeddable":true,"href":"https:\/\/www.europesays.com\/fr\/wp-json\/wp\/v2\/media\/145279"}],"wp:attachment":[{"href":"https:\/\/www.europesays.com\/fr\/wp-json\/wp\/v2\/media?parent=145278"}],"wp:term":[{"taxonomy":"category","embeddable":true,"href":"https:\/\/www.europesays.com\/fr\/wp-json\/wp\/v2\/categories?post=145278"},{"taxonomy":"post_tag","embeddable":true,"href":"https:\/\/www.europesays.com\/fr\/wp-json\/wp\/v2\/tags?post=145278"}],"curies":[{"name":"wp","href":"https:\/\/api.w.org\/{rel}","templated":true}]}}