{"id":145301,"date":"2025-06-02T01:25:08","date_gmt":"2025-06-02T01:25:08","guid":{"rendered":"https:\/\/www.europesays.com\/fr\/145301\/"},"modified":"2025-06-02T01:25:08","modified_gmt":"2025-06-02T01:25:08","slug":"laurore-vitre-retrogradee-en-regional-le-club-fait-appel","status":"publish","type":"post","link":"https:\/\/www.europesays.com\/fr\/145301\/","title":{"rendered":"l\u2019Aurore Vitr\u00e9 r\u00e9trograd\u00e9e en r\u00e9gional, le club fait appel"},"content":{"rendered":"<p>            Par<br \/>\n        <strong><br \/>\n            <a href=\"https:\/\/actu.fr\/auteur\/maxime-turberville\" title=\"Consulter tous les articles de Maxime Turberville\" target=\"_blank\" rel=\"noopener\">Maxime Turberville<\/a><br \/>\n        <\/strong><\/p>\n<p>        Publi\u00e9 le<\/p>\n<p>            27 mai 2025 \u00e0 17h48        <\/p>\n<p>C\u2019est un sacr\u00e9 coup de tonnerre.<\/p>\n<p class=\" wall-content\">Mardi 27\u00a0mai 2025, la <b>F\u00e9d\u00e9ration fran\u00e7aise de basket-ball<\/b> a annonc\u00e9 la r\u00e9trogradation de l<b>\u2019Aurore Vitr\u00e9 Basket Bretagne<\/b>\u00a0en <b>championnat r\u00e9gional<\/b>. Une d\u00e9cision provisoire, mais lourde pour le club de <b>NM1<\/b> qui a termin\u00e9 sa saison le 9\u00a0mai.<\/p>\n<p>L\u2019Aurore a fait appel<\/p>\n<p class=\" wall-content\">Dans un communiqu\u00e9, la FFBB explique que la Commission de contr\u00f4le de gestion a auditionn\u00e9 les <b>50 clubs <\/b>engag\u00e9s dans les championnats LBWL, LF2 et NM1 en 2024-25.<\/p>\n<p class=\" wall-content\">Pour l\u2019AVBB, la sentence est tomb\u00e9e\u2009: c\u2019est une r\u00e9trogradation en championnat de ligue r\u00e9gionale.<\/p>\n<p class=\" wall-content\">L\u2019Aurore Vitr\u00e9 a <b>d\u00e9pos\u00e9 un recours<\/b>. Il sera \u00e9tudi\u00e9 par la Chambre d\u2019appel de la FFBB le jeudi 5\u00a0juin prochain.<\/p>\n<p>Vid\u00e9os : en ce moment sur ActuLe club r\u00e9agit<\/p>\n<p class=\" wall-content\">Dans la soir\u00e9e, le club a r\u00e9agi \u00e0 cette nouvelle dans un communiqu\u00e9.<\/p>\n<p class=\" wall-content\">\u00ab\u2009Il a \u00e9t\u00e9 constat\u00e9 que certains \u00e9l\u00e9ments financiers essentiels n\u2019avaient pas \u00e9t\u00e9 fournis dans les d\u00e9lais requis. Comme le veut la proc\u00e9dure de la CCG, cette derni\u00e8re a d\u00e9cid\u00e9 de ne pas nous mettre en d\u00e9lib\u00e9r\u00e9, mais de nous r\u00e9trograder en ligue r\u00e9gionale en <b>premi\u00e8re d\u00e9cision<\/b>.\u2009\u00bb<\/p>\n<p class=\" wall-content\">Sur le recours engag\u00e9, les dirigeants de l\u2019AVBB disent rester \u00ab\u2009confiants quant \u00e0 l\u2019issue de cette proc\u00e9dure, ayant d\u00e9sormais fourni tous les documents manquants et r\u00e9tabli la transparence\u2009\u00bb sur la situation financi\u00e8re.<\/p>\n<p class=\" wall-content\">Le club conclut son communiqu\u00e9 en indiquant\u2009: \u00ab\u2009Nous tenons \u00e0 assurer nos partenaires, nos supporters et l\u2019ensemble de la communaut\u00e9 que nous avons pris toutes <b>les mesures n\u00e9cessaires pour r\u00e9gulariser notre situation<\/b>. Nous vous remercions chaleureusement pour votre soutien dans cette p\u00e9riode d\u00e9licate. Votre engagement et votre aide sont essentiels pour continuer \u00e0 repr\u00e9senter fi\u00e8rement notre territoire sur les parquets de la <b>NM1.\u2009\u00bb<\/b><\/p>\n<p>Une situation financi\u00e8re compliqu\u00e9e<\/p>\n<p class=\" wall-content\">L\u2019AVBB a connu des derniers mois agit\u00e9s en coulisses. En <a href=\"https:\/\/actu.fr\/bretagne\/vitre_35360\/vitre-le-club-de-basket-en-difficulte-financiere-sa-presidente-repond_61345630.html\" target=\"_blank\" rel=\"noopener\">juillet\u00a02024<\/a>, sa situation financi\u00e8re \u2013 jug\u00e9e \u00ab\u2009critique\u2009\u00bb \u00e0 l\u2019\u00e9poque \u2013 \u00e9tait d\u00e9voil\u00e9e au grand jour lors d\u2019un conseil municipal.<\/p>\n<p class=\" wall-content\">Si l\u2019ancienne pr\u00e9sidente Gilda Francquembergue avait voulu temp\u00e9rer sur le sujet, la situation n\u2019avait pas manqu\u00e9 de cr\u00e9er du remous \u00e0 Vitr\u00e9.<\/p>\n<p class=\" wall-content\">Quelques mois plus tard, <a href=\"https:\/\/actu.fr\/bretagne\/vitre_35360\/basket-laurore-vitre-sanctionnee-par-la-federation-le-club-reagit_62102072.html\" target=\"_blank\" rel=\"noopener\">en janvier\u00a02025<\/a>, la commission de contr\u00f4le de gestion de la FFBB avait sanctionn\u00e9 l\u2019Aurore Vitr\u00e9 d\u2019une p\u00e9nalit\u00e9 de 2\u2009000\u00a0euros et d\u2019un point de retrait.<\/p>\n<p class=\" wall-content\">Plusieurs arguments \u00e9taient avanc\u00e9s par la commission, notamment celui \u00ab\u2009non-respect du budget valid\u00e9 sur la saison 2023-2024\u2009\u00bb.<\/p>\n<p class=\" wall-content\">Gilda Francquembergue avait ensuite d\u00e9missionn\u00e9 et un nouveau pr\u00e9sident avait \u00e9t\u00e9 \u00e9lu le 5\u00a0f\u00e9vrier. Il s\u2019agit d\u2019<a href=\"https:\/\/actu.fr\/bretagne\/vitre_35360\/aurore-vitre-basket-avec-un-nouveau-president-quels-objectifs-pour-les-dirigeants_62277060.html\" target=\"_blank\" rel=\"noopener\">Yvan Blin<\/a>.<\/p>\n<p class=\" wall-content\">Suivez toute l\u2019actualit\u00e9 de vos villes et m\u00e9dias favoris en vous inscrivant \u00e0 <a href=\"https:\/\/moncompte.actu.fr\" title=\"D\u00e9couvez Mon Actu\" rel=\"nofollow noopener\" data-trk=\"{&quot;cta&quot;:{&quot;action&quot;:&quot;https:\\\/\\\/moncompte.actu.fr&quot;,&quot;category&quot;:&quot;mon compte&quot;,&quot;from&quot;:&quot;article footer&quot;,&quot;name&quot;:&quot;Mon actu&quot;,&quot;type&quot;:&quot;cta&quot;}}\" target=\"_blank\">Mon Actu<\/a>.<\/p>\n","protected":false},"excerpt":{"rendered":"Par Maxime Turberville Publi\u00e9 le 27 mai 2025 \u00e0 17h48 C\u2019est un sacr\u00e9 coup de tonnerre. Mardi 27\u00a0mai&hellip;\n","protected":false},"author":2,"featured_media":145302,"comment_status":"","ping_status":"","sticky":false,"template":"","format":"standard","meta":{"footnotes":""},"categories":[1414],"tags":[27426,1465,1464,1011,27,60],"class_list":{"0":"post-145301","1":"post","2":"type-post","3":"status-publish","4":"format-standard","5":"has-post-thumbnail","7":"category-basket","8":"tag-aurore-basket","9":"tag-basket","10":"tag-basketball","11":"tag-fr","12":"tag-france","13":"tag-sports"},"share_on_mastodon":{"url":"https:\/\/pubeurope.com\/@fr\/114611167176983401","error":""},"_links":{"self":[{"href":"https:\/\/www.europesays.com\/fr\/wp-json\/wp\/v2\/posts\/145301","targetHints":{"allow":["GET"]}}],"collection":[{"href":"https:\/\/www.europesays.com\/fr\/wp-json\/wp\/v2\/posts"}],"about":[{"href":"https:\/\/www.europesays.com\/fr\/wp-json\/wp\/v2\/types\/post"}],"author":[{"embeddable":true,"href":"https:\/\/www.europesays.com\/fr\/wp-json\/wp\/v2\/users\/2"}],"replies":[{"embeddable":true,"href":"https:\/\/www.europesays.com\/fr\/wp-json\/wp\/v2\/comments?post=145301"}],"version-history":[{"count":0,"href":"https:\/\/www.europesays.com\/fr\/wp-json\/wp\/v2\/posts\/145301\/revisions"}],"wp:featuredmedia":[{"embeddable":true,"href":"https:\/\/www.europesays.com\/fr\/wp-json\/wp\/v2\/media\/145302"}],"wp:attachment":[{"href":"https:\/\/www.europesays.com\/fr\/wp-json\/wp\/v2\/media?parent=145301"}],"wp:term":[{"taxonomy":"category","embeddable":true,"href":"https:\/\/www.europesays.com\/fr\/wp-json\/wp\/v2\/categories?post=145301"},{"taxonomy":"post_tag","embeddable":true,"href":"https:\/\/www.europesays.com\/fr\/wp-json\/wp\/v2\/tags?post=145301"}],"curies":[{"name":"wp","href":"https:\/\/api.w.org\/{rel}","templated":true}]}}