{"id":145305,"date":"2025-06-02T01:27:12","date_gmt":"2025-06-02T01:27:12","guid":{"rendered":"https:\/\/www.europesays.com\/fr\/145305\/"},"modified":"2025-06-02T01:27:12","modified_gmt":"2025-06-02T01:27:12","slug":"je-me-serais-senti-coupable-alcaraz-revient-sur-son-acte-fair-play","status":"publish","type":"post","link":"https:\/\/www.europesays.com\/fr\/145305\/","title":{"rendered":"\u00ab Je me serais senti coupable \u00bb, Alcaraz revient sur son acte fair-play"},"content":{"rendered":"<p>L\u2019Espagnol a, lors de son match contre Ben Shelton, demand\u00e9 \u00e0 l\u2019arbitre d\u2019annuler un point inscrit alors qu\u2019il avait l\u00e2ch\u00e9 sa raquette.<\/p>\n<p class=\"fig-paragraph\">Insolite. Carlos Alcaraz venait d\u2019empocher le 1er set contre Ben Shelton au terme d\u2019un tie-break de tr\u00e8s haut niveau quand, en ouvrant le 2e set au service, \u00e0 30-30, l\u2019Espagnol a, d\u2019une vol\u00e9e, inscrit le point en laissant tomber sa raquette.<\/p>\n<p class=\"fig-paragraph\">Il a imm\u00e9diatement demand\u00e9 \u00e0 l\u2019arbitre que le point soit annul\u00e9 parce qu\u2019il n\u2019avait plus la raquette en main. En conf\u00e9rence de presse, il a expliqu\u00e9\u00a0: \u00ab C\u2019est vrai que j\u2019aurais pu ne rien dire, mais je me serais senti coupable, honn\u00eatement, si je n\u2019avais rien dit. En fait, il s\u2019agit de la chose suivante\u00a0: si je sais que j\u2019avais fait quelque chose de mal, que j\u2019ai eu un comportement ill\u00e9gal ou anormal, je me dis qu\u2019il faut que je sois honn\u00eate avec moi-m\u00eame, avec Ben, avec tout le monde. C\u2019est le sport ou c\u2019est comme cela que cela devrait se passer, en tout cas. Il faut \u00eatre juste avec son adversaire, avec soi-m\u00eame. Donc, je l\u2019ai dit parce que je savais que je n\u2019avais pas frapp\u00e9 le point correctement et ce n\u2019est pas autoris\u00e9. C\u2019est pourquoi je l\u2019ai dit. Au d\u00e9but du premier set, je crois, Ben a servi et cela a accroch\u00e9 le filet ; cela n\u2019a pas \u00e9t\u00e9 signal\u00e9 par l\u2019arbitre. Il m\u2019a propos\u00e9 que l\u2019on rejoue le point. Il s\u2019agit d\u2019\u00eatre honn\u00eates et fair-play l\u2019un envers l\u2019autre et le sport doit se passer comme cela. C\u2019est souhaitable.\u00a0\u00bb<\/p>\n<p class=\"fig-paragraph\">Dans ce qui est, pour l\u2019instant, le plus beau match du tournoi, Carlos Alcaraz a fini par s\u2019imposer\u00a0<a href=\"http:\/\/www.lefigaro.fr\/sports\/tennis\/roland-garros\/roland-garros-malmene-par-shelton-alcaraz-remporte-un-somptueux-bras-de-fer-20250601\" data-fig-type=\"NewsFlash\" data-gtm-custom-categorie=\"navigation\" data-gtm-custom-action=\"crossclick\" data-gtm-custom-label=\"Contextuel\" data-gtm-event=\"customEventSPE\" data-fig-domain=\"LEFIGARO\" target=\"_blank\" rel=\"noopener\">7-6 (10\/8), 6-3, 4-6, 6-4<\/a>. En quarts de finale, le tenant du titre sera oppos\u00e9 \u00e0 l\u2019Am\u00e9ricain Tommy Paul.<\/p>\n","protected":false},"excerpt":{"rendered":"L\u2019Espagnol a, lors de son match contre Ben Shelton, demand\u00e9 \u00e0 l\u2019arbitre d\u2019annuler un point inscrit alors qu\u2019il&hellip;\n","protected":false},"author":2,"featured_media":145306,"comment_status":"","ping_status":"","sticky":false,"template":"","format":"standard","meta":{"footnotes":""},"categories":[1412],"tags":[4169,105,1451,2199,1452,1453,1454,1455,1011,27,24473,1960,24472,4171,60,1467,4170],"class_list":{"0":"post-145305","1":"post","2":"type-post","3":"status-publish","4":"format-standard","5":"has-post-thumbnail","7":"category-f1","8":"tag-atp","9":"tag-djokovic","10":"tag-f1","11":"tag-federer","12":"tag-formula-1","13":"tag-formula1","14":"tag-formule-1","15":"tag-formule1","16":"tag-fr","17":"tag-france","18":"tag-internationaux-de-france","19":"tag-nadal","20":"tag-rg","21":"tag-roland-garros","22":"tag-sports","23":"tag-tennis","24":"tag-wta"},"share_on_mastodon":{"url":"https:\/\/pubeurope.com\/@fr\/114611174959377306","error":""},"_links":{"self":[{"href":"https:\/\/www.europesays.com\/fr\/wp-json\/wp\/v2\/posts\/145305","targetHints":{"allow":["GET"]}}],"collection":[{"href":"https:\/\/www.europesays.com\/fr\/wp-json\/wp\/v2\/posts"}],"about":[{"href":"https:\/\/www.europesays.com\/fr\/wp-json\/wp\/v2\/types\/post"}],"author":[{"embeddable":true,"href":"https:\/\/www.europesays.com\/fr\/wp-json\/wp\/v2\/users\/2"}],"replies":[{"embeddable":true,"href":"https:\/\/www.europesays.com\/fr\/wp-json\/wp\/v2\/comments?post=145305"}],"version-history":[{"count":0,"href":"https:\/\/www.europesays.com\/fr\/wp-json\/wp\/v2\/posts\/145305\/revisions"}],"wp:featuredmedia":[{"embeddable":true,"href":"https:\/\/www.europesays.com\/fr\/wp-json\/wp\/v2\/media\/145306"}],"wp:attachment":[{"href":"https:\/\/www.europesays.com\/fr\/wp-json\/wp\/v2\/media?parent=145305"}],"wp:term":[{"taxonomy":"category","embeddable":true,"href":"https:\/\/www.europesays.com\/fr\/wp-json\/wp\/v2\/categories?post=145305"},{"taxonomy":"post_tag","embeddable":true,"href":"https:\/\/www.europesays.com\/fr\/wp-json\/wp\/v2\/tags?post=145305"}],"curies":[{"name":"wp","href":"https:\/\/api.w.org\/{rel}","templated":true}]}}