{"id":145311,"date":"2025-06-02T01:30:09","date_gmt":"2025-06-02T01:30:09","guid":{"rendered":"https:\/\/www.europesays.com\/fr\/145311\/"},"modified":"2025-06-02T01:30:09","modified_gmt":"2025-06-02T01:30:09","slug":"que-les-amateurs-de-polemiques-ne-perdent-pas-leur-temps-jai-paye-moi-meme-le-voyage-2","status":"publish","type":"post","link":"https:\/\/www.europesays.com\/fr\/145311\/","title":{"rendered":"\u00ab Que les amateurs de pol\u00e9miques ne perdent pas leur temps, j\u2019ai pay\u00e9 moi-m\u00eame le voyage \u00bb"},"content":{"rendered":"<p>\u00ab De retour d\u2019un voyage officiel en Asie o\u00f9 j\u2019ai accompagn\u00e9 le pr\u00e9sident de la R\u00e9publique, je voulais absolument soutenir les joueurs du PSG. J\u2019ai d\u2019abord pens\u00e9 me rendre au Parc des Princes puis j\u2019ai vu qu\u2019il restait encore quelques billets d\u2019avion disponibles pour Munich. J\u2019ai saut\u00e9 sur l\u2019occasion. Que les amateurs de pol\u00e9miques ne perdent pas leur temps, j\u2019ai pay\u00e9 moi-m\u00eame le voyage ainsi que ma nuit d\u2019h\u00f4tel\u2026 Dans l\u2019avion j\u2019ai discut\u00e9 avec le staff de <a data-i13n=\"cpos:1;pos:1\" href=\"https:\/\/www.parismatch.com\/actu\/sport\/un-homme-dans-le-match-marcus-thuram-vaillant-fer-de-lance-de-lattaque-bleue-238801\" rel=\"nofollow noopener\" target=\"_blank\" data-ylk=\"slk:Marcus Thuram;cpos:1;pos:1;elm:context_link;itc:0;sec:content-canvas\" class=\"link \">Marcus Thuram<\/a>. Ils m\u2019ont expliqu\u00e9 avec moults arguments que sur le papier le PSG \u00e9tait peut-\u00eatre favori mais que, techniquement, c\u2019est l\u2019Inter qui allait gagner. J\u2019avoue qu\u2019ils m\u2019ont fait douter un instant.<\/p>\n<p>\u00c0 lire aussi <a data-i13n=\"cpos:2;pos:1\" href=\"https:\/\/www.parismatch.com\/actu\/sport\/ici-cest-paris-emmanuel-macron-honore-les-joueurs-du-psg-a-lelysee-pour-leur-victoire-monstrueuse-252185\" rel=\"nofollow noopener\" target=\"_blank\" data-ylk=\"slk:\u00ab Ici c\u2019est Paris \u00bb : Emmanuel Macron honore les joueurs du PSG \u00e0 l\u2019Elys\u00e9e pour leur victoire \u00ab monstrueuse \u00bb;cpos:2;pos:1;elm:context_link;itc:0;sec:content-canvas\" class=\"link \">\u00ab Ici c\u2019est Paris \u00bb : Emmanuel Macron honore les joueurs du PSG \u00e0 l\u2019Elys\u00e9e pour leur victoire \u00ab monstrueuse \u00bb<\/a><\/p>\n<p>Finalement, on peut comparer cette finale \u00e0 l\u2019inauguration de Notre Dame l\u2019ann\u00e9e derni\u00e8re : un d\u00e9fi que l\u2019on croyait impossible mais qui, \u00e0 force de courage, de travail et d\u2019abn\u00e9gation, on a relev\u00e9.<\/p>\n<p>\u00c0 lire aussi <a data-i13n=\"cpos:3;pos:1\" href=\"https:\/\/www.parismatch.com\/actu\/sport\/la-parade-historique-du-psg-sur-les-champs-elysees-en-direct-et-en-images-252178\" rel=\"nofollow noopener\" target=\"_blank\" data-ylk=\"slk:Kimpembe ambianceur, Marquinhos fier capitaine... Les plus belles images de la parade historique du PSG;cpos:3;pos:1;elm:context_link;itc:0;sec:content-canvas\" class=\"link \">Kimpembe ambianceur, Marquinhos fier capitaine&#8230; Les plus belles images de la parade historique du PSG<\/a><\/p>\n<p>Paris nous a fait vivre en grand<\/p>\n<p>Une fois de plus, j\u2019ai constat\u00e9 que le football \u00e9tait l\u2019un des rares sports qui r\u00e9unit toute une population : du chef d\u2019entreprise \u00e0 l\u2019ouvrier ! J\u2019ai crois\u00e9 un jeune homme qui est en BTS et a consacr\u00e9 un mois de salaire \u00e0 ce match. D\u2019autres avaient lou\u00e9 une camionnette pour venir \u00e0 Munich et coucher dans leur v\u00e9hicule.<\/p>\n<p>Dans la tribun&#8230;<\/p>\n<p><a data-i13n=\"cpos:4;pos:1\" href=\"https:\/\/www.parismatch.com\/actu\/sport\/rachida-dati-que-les-amateurs-de-polemiques-ne-perdent-pas-leur-temps-jai-paye-moi-meme-le-voyage-252187?at_medium=affiliate&amp;at_campaign=Yahoo\" rel=\"nofollow noopener\" target=\"_blank\" data-ylk=\"slk:Lire la suite sur ParisMatch;cpos:4;pos:1;elm:context_link;itc:0;sec:content-canvas\" class=\"link \">Lire la suite sur ParisMatch<\/a><\/p>\n","protected":false},"excerpt":{"rendered":"\u00ab De retour d\u2019un voyage officiel en Asie o\u00f9 j\u2019ai accompagn\u00e9 le pr\u00e9sident de la R\u00e9publique, je voulais&hellip;\n","protected":false},"author":2,"featured_media":145312,"comment_status":"","ping_status":"","sticky":false,"template":"","format":"standard","meta":{"footnotes":""},"categories":[1359],"tags":[27428,58,59,1011,27,4787,973,10253,93,27427],"class_list":{"0":"post-145311","1":"post","2":"type-post","3":"status-publish","4":"format-standard","5":"has-post-thumbnail","7":"category-people","8":"tag-cest-paris","9":"tag-divertissement","10":"tag-entertainment","11":"tag-fr","12":"tag-france","13":"tag-marcus-thuram","14":"tag-people","15":"tag-president-de-la-republique","16":"tag-psg","17":"tag-voyage-officiel"},"share_on_mastodon":{"url":"https:\/\/pubeurope.com\/@fr\/114611186803474069","error":""},"_links":{"self":[{"href":"https:\/\/www.europesays.com\/fr\/wp-json\/wp\/v2\/posts\/145311","targetHints":{"allow":["GET"]}}],"collection":[{"href":"https:\/\/www.europesays.com\/fr\/wp-json\/wp\/v2\/posts"}],"about":[{"href":"https:\/\/www.europesays.com\/fr\/wp-json\/wp\/v2\/types\/post"}],"author":[{"embeddable":true,"href":"https:\/\/www.europesays.com\/fr\/wp-json\/wp\/v2\/users\/2"}],"replies":[{"embeddable":true,"href":"https:\/\/www.europesays.com\/fr\/wp-json\/wp\/v2\/comments?post=145311"}],"version-history":[{"count":0,"href":"https:\/\/www.europesays.com\/fr\/wp-json\/wp\/v2\/posts\/145311\/revisions"}],"wp:featuredmedia":[{"embeddable":true,"href":"https:\/\/www.europesays.com\/fr\/wp-json\/wp\/v2\/media\/145312"}],"wp:attachment":[{"href":"https:\/\/www.europesays.com\/fr\/wp-json\/wp\/v2\/media?parent=145311"}],"wp:term":[{"taxonomy":"category","embeddable":true,"href":"https:\/\/www.europesays.com\/fr\/wp-json\/wp\/v2\/categories?post=145311"},{"taxonomy":"post_tag","embeddable":true,"href":"https:\/\/www.europesays.com\/fr\/wp-json\/wp\/v2\/tags?post=145311"}],"curies":[{"name":"wp","href":"https:\/\/api.w.org\/{rel}","templated":true}]}}