{"id":145317,"date":"2025-06-02T01:33:12","date_gmt":"2025-06-02T01:33:12","guid":{"rendered":"https:\/\/www.europesays.com\/fr\/145317\/"},"modified":"2025-06-02T01:33:12","modified_gmt":"2025-06-02T01:33:12","slug":"michel-drucker-revele-etre-fan-des-anges-de-la-tele-realite-je-suis-accro","status":"publish","type":"post","link":"https:\/\/www.europesays.com\/fr\/145317\/","title":{"rendered":"Michel Drucker r\u00e9v\u00e8le \u00eatre fan\u2026 des Anges de la t\u00e9l\u00e9-r\u00e9alit\u00e9 : \u00ab\u00a0Je suis accro\u00a0\u00bb"},"content":{"rendered":"<p>      R\u00e9sum\u00e9<\/p>\n<p>Michel Drucker confie son engouement pour Les Anges de la t\u00e9l\u00e9-r\u00e9alit\u00e9 et partage ses go\u00fbts t\u00e9l\u00e9visuels, \u00e9voquant aussi ses liens avec Jordan de Luxe et Cyril Hanouna.<\/p>\n<p>        Sommaire<\/p>\n<p><strong>Michel Drucker a tout connu<\/strong>&#8230; Les Carpentier, les Jeux sans fronti\u00e8res, <a href=\"https:\/\/vsd.fr\/70514-deces-dun-membre-du-club-dorothee-lanimatrice-et-les-fans-devastes\/\" target=\"_blank\" rel=\"noopener\">le Club Doroth\u00e9e<\/a>, les t\u00e9l\u00e9s-crochets, les d\u00e9buts de la t\u00e9l\u00e9-r\u00e9alit\u00e9. Loft Story, il conna\u00eet par c\u0153ur. <strong>C&rsquo;est son fr\u00e8re, Jean Drucker, <a href=\"https:\/\/www.public.fr\/le-drame-de-ma-vie-michel-drucker-revient-sur-la-mort-de-son-frere-a-61-ans\" target=\"_blank\" rel=\"noopener\">mort en 2003<\/a><\/strong>, qui a lanc\u00e9 le programme sur M6. Invit\u00e9 de C m\u00e9diatique ce dimanche 1er juin, Michel Drucker est revenu sur sa long\u00e9vit\u00e9, et a fait d&rsquo;\u00e9tonnantes r\u00e9v\u00e9lations.<\/p>\n<p>Interrog\u00e9 par M\u00e9lanie Taravant sur ses p\u00each\u00e9s mignons t\u00e9l\u00e9vis\u00e9s, Michel Drucker a r\u00e9v\u00e9l\u00e9 adorer un programme de t\u00e9l\u00e9-r\u00e9alit\u00e9 culte&#8230; <strong>Les Anges de la t\u00e9l\u00e9-r\u00e9alit\u00e9<\/strong>. En effet, si le programme n&rsquo;existe plus puisque <a href=\"https:\/\/www.public.fr\/c8-cest-fini\" target=\"_blank\" rel=\"noopener\">la cha\u00eene NRJ12 a cess\u00e9 d&rsquo;\u00e9mettre<\/a>, il est toujours possible de le visionner. Toutes les saisons sont disponibles sur TF1+, et <strong>un retour du programme a m\u00eame un temps \u00e9t\u00e9 \u00e9voqu\u00e9 sur TFX<\/strong>. Pour le plus grand bonheur de Michel Drucker tr\u00e8s certainement !<\/p>\n<p><strong>\u00ab\u00a0Je suis accro \u00e0 \u00e7a ! Je rigole du d\u00e9but \u00e0 la fin\u00a0\u00bb<\/strong> a assur\u00e9 celui qui est de retour sur France 3 avec une toute nouvelle \u00e9mission baptis\u00e9e Famille, je vous aime. L&rsquo;animateur de Vivement dimanche a \u00e9galement r\u00e9v\u00e9l\u00e9 consommer une autre \u00e9mission qui a disparu : Chez Jordan. Cette \u00e9mission matinale \u00e9tait propos\u00e9e sur C8 du lundi au vendredi,<strong> et \u00e9tait anim\u00e9e par Jordan de Luxe<\/strong>.<\/p>\n<blockquote class=\"twitter-tweet\"><p>&#13;<\/p>\n<p>Tweet relatif \u00e0 Michel Drucker r\u00e9v\u00e8le \u00eatre fan\u2026 des Anges de la t\u00e9l\u00e9-r\u00e9alit\u00e9 : \u00ab\u00a0Je suis accro\u00a0\u00bb<\/p>\n<p>&#13;<br \/>\n        <a href=\"https:\/\/twitter.com\/cmediatique\/status\/1929117719913537734%20\" target=\"_blank\" rel=\"noopener\">&#13;<br \/>\n            Voir cette publication sur Twitter&#13;<br \/>\n        <\/a>&#13;\n    <\/p><\/blockquote>\n<p>Michel Drucker est aussi fan de Jordan de Luxe<\/p>\n<p>Michel Drucker a d&rsquo;ailleurs r\u00e9v\u00e9l\u00e9 avoir \u00e9t\u00e9 \u00ab\u00a0le premier invit\u00e9\u00a0\u00bb du jeune journaliste au n\u0153ud-papillon. Depuis la fin de C8, Jordan de Luxe s&rsquo;est r\u00e9invent\u00e9 et propose Le Jet de Luxe. Il devrait en outre rebondir sur W9, aux c\u00f4t\u00e9s de Cyril Hanouna, <strong>dans la nouvelle bande qu&rsquo;il constitue<\/strong><strong> Tout beau tout 9<\/strong>. A ses c\u00f4t\u00e9s, <a href=\"https:\/\/www.public.fr\/matthieu-delormeau-bientot-sur-w9-cyril-hanouna-laurait-rappele-pour-son-nouveau-tpmp\" target=\"_blank\" rel=\"noopener\">il pourrait retrouver Matthieu Delormeau<\/a>, mais \u00e9galement l&rsquo;influenceuse X rep\u00e9r\u00e9e apr\u00e8s avoir \u00e9t\u00e9 <a href=\"https:\/\/www.public.fr\/une-jeune-femme-interdite-de-monter-dans-un-bus-ratp-a-cause-de-sa-jupe-courte-son-passage-sur-bfmtv-fait-le-buzz\" target=\"_blank\" rel=\"noopener\">cong\u00e9di\u00e9e par la RATP<\/a>. Michel Drucker pourrait peut-\u00eatre \u00eatre le premier invit\u00e9 de Cyril Hanouna en septembre prochain, au vu des belles relations qu&rsquo;il a toujours conserv\u00e9es avec l&rsquo;animateur.<\/p>\n<p>      Mentionn\u00e9s dans cet article<\/p>\n<p>\u00c0 lire aussi<\/p>\n<p><script async src=\"https:\/\/platform.twitter.com\/widgets.js\" charset=\"utf-8\"><\/script><\/p>\n","protected":false},"excerpt":{"rendered":"R\u00e9sum\u00e9 Michel Drucker confie son engouement pour Les Anges de la t\u00e9l\u00e9-r\u00e9alit\u00e9 et partage ses go\u00fbts t\u00e9l\u00e9visuels, \u00e9voquant&hellip;\n","protected":false},"author":2,"featured_media":145318,"comment_status":"","ping_status":"","sticky":false,"template":"","format":"standard","meta":{"footnotes":""},"categories":[1356],"tags":[4641,58,59,1011,27,4467,27429,877,252,1364],"class_list":{"0":"post-145317","1":"post","2":"type-post","3":"status-publish","4":"format-standard","5":"has-post-thumbnail","7":"category-television","8":"tag-c-mediatique","9":"tag-divertissement","10":"tag-entertainment","11":"tag-fr","12":"tag-france","13":"tag-france-5","14":"tag-les-anges","15":"tag-michel-drucker","16":"tag-television","17":"tag-tv"},"share_on_mastodon":{"url":"https:\/\/pubeurope.com\/@fr\/114611198623573616","error":""},"_links":{"self":[{"href":"https:\/\/www.europesays.com\/fr\/wp-json\/wp\/v2\/posts\/145317","targetHints":{"allow":["GET"]}}],"collection":[{"href":"https:\/\/www.europesays.com\/fr\/wp-json\/wp\/v2\/posts"}],"about":[{"href":"https:\/\/www.europesays.com\/fr\/wp-json\/wp\/v2\/types\/post"}],"author":[{"embeddable":true,"href":"https:\/\/www.europesays.com\/fr\/wp-json\/wp\/v2\/users\/2"}],"replies":[{"embeddable":true,"href":"https:\/\/www.europesays.com\/fr\/wp-json\/wp\/v2\/comments?post=145317"}],"version-history":[{"count":0,"href":"https:\/\/www.europesays.com\/fr\/wp-json\/wp\/v2\/posts\/145317\/revisions"}],"wp:featuredmedia":[{"embeddable":true,"href":"https:\/\/www.europesays.com\/fr\/wp-json\/wp\/v2\/media\/145318"}],"wp:attachment":[{"href":"https:\/\/www.europesays.com\/fr\/wp-json\/wp\/v2\/media?parent=145317"}],"wp:term":[{"taxonomy":"category","embeddable":true,"href":"https:\/\/www.europesays.com\/fr\/wp-json\/wp\/v2\/categories?post=145317"},{"taxonomy":"post_tag","embeddable":true,"href":"https:\/\/www.europesays.com\/fr\/wp-json\/wp\/v2\/tags?post=145317"}],"curies":[{"name":"wp","href":"https:\/\/api.w.org\/{rel}","templated":true}]}}