{"id":145330,"date":"2025-06-02T01:42:27","date_gmt":"2025-06-02T01:42:27","guid":{"rendered":"https:\/\/www.europesays.com\/fr\/145330\/"},"modified":"2025-06-02T01:42:27","modified_gmt":"2025-06-02T01:42:27","slug":"quel-temps-fera-t-il-cet-ete-les-premieres-tendances-de-meteo-france-pour-juin-juillet-et-aout","status":"publish","type":"post","link":"https:\/\/www.europesays.com\/fr\/145330\/","title":{"rendered":"Quel temps fera-t-il cet \u00e9t\u00e9\u00a0? Les premi\u00e8res tendances de M\u00e9t\u00e9o France pour juin, juillet et ao\u00fbt"},"content":{"rendered":"<p>        <img decoding=\"async\" loading=\"lazy\" src=\"https:\/\/www.europesays.com\/fr\/wp-content\/uploads\/2025\/06\/27603a9_1692583555369-gettyimages-1157624648.jpg\"  width=\"728\" height=\"409\" alt=\"Si les tendances doivent encore \u00eatre affin\u00e9es au fil de l\u2019\u00e9t\u00e9, un \u00e9t\u00e9 relativement plus chaud que les normales de saison est anticip\u00e9 par M\u00e9t\u00e9o-France pour la p\u00e9riode juin-ao\u00fbt.\"\/>  <\/p>\n<p>NurPhoto \/ NurPhoto via Getty Images<\/p>\n<p>Si les tendances doivent encore \u00eatre affin\u00e9es au fil de l\u2019\u00e9t\u00e9, un \u00e9t\u00e9 relativement plus chaud que les normales de saison est anticip\u00e9 par M\u00e9t\u00e9o-France pour la p\u00e9riode juin-ao\u00fbt.<\/p>\n<p class=\"asset asset-text\">M\u00c9T\u00c9O &#8211; L\u2019\u00e9t\u00e9 sera beau, l\u2019\u00e9t\u00e9 sera chaud\u00a0? Normalement oui, selon M\u00e9t\u00e9o-France. Le service m\u00e9t\u00e9orologique fran\u00e7ais a d\u00e9voil\u00e9 comme \u00e0 son habitude un bulletin des grandes tendances m\u00e9t\u00e9o pour les mois \u00e0 venir. Et <a href=\"https:\/\/www.huffingtonpost.fr\/environnement\/article\/ce-1er-mai-a-ete-le-plus-chaud-jamais-mesure-a-paris-des-temperatures-records-ailleurs-en-france_249511.html\" target=\"_blank\" rel=\"noopener\">\u00e0 l\u2019approche de la saison estivale 2025<\/a>, difficile de passer \u00e0 c\u00f4t\u00e9 des pr\u00e9visions anticip\u00e9es par M\u00e9t\u00e9o-France pour les mois de juin, juillet et ao\u00fbt.<\/p>\n<p class=\"asset asset-text\">Sur l\u2019ensemble du trimestre, le pr\u00e9visionniste s\u2019attend surtout \u00e0 des temp\u00e9ratures align\u00e9es avec \u00ab\u00a0la tendance du changement climatique sur l\u2019Europe\u00a0\u00bb. En d\u2019autres termes, il risque de faire chaud, <a href=\"https:\/\/www.huffingtonpost.fr\/environnement\/article\/climat-le-record-du-jour-le-plus-chaud-sur-terre-etabli-dimanche-n-a-pas-tenu-24-heures_237382.html\" target=\"_blank\" rel=\"noopener\">voire tr\u00e8s chaud<\/a> cet \u00e9t\u00e9.<\/p>\n<p class=\"asset asset-text\">Ainsi, \u00ab\u00a0le sc\u00e9nario plus chaud que les normales de saison est le plus probable pour la France\u00a0\u00bb, est-il indiqu\u00e9, avec 50\u00a0% de chance de se produire, contre 30\u00a0% pour un sc\u00e9nario conforme aux normales de saison et 20\u00a0% pour un sc\u00e9nario plus froid.<\/p>\n<p> La lecture de ce contenu est susceptible d\u2019entra\u00eener un d\u00e9p\u00f4t de cookies de la part de l\u2019op\u00e9rateur tiers qui l\u2019h\u00e9berge. Compte-tenu des choix que vous avez exprim\u00e9s en mati\u00e8re de d\u00e9p\u00f4t de cookies, nous avons bloqu\u00e9 l\u2019affichage de ce contenu. Si vous souhaitez y acc\u00e9der, vous devez accepter la cat\u00e9gorie de cookies \u201cContenus tiers\u201d en cliquant sur le bouton ci-dessous. <\/p>\n<p> Lire la Vid\u00e9o        <\/p>\n<p class=\"asset asset-text\">Le sc\u00e9nario d\u2019un \u00e9t\u00e9 plus chaud est d\u2019ailleurs accentu\u00e9 \u00ab\u00a0sur le bassin M\u00e9diterran\u00e9en et la r\u00e9gion des Balkans\u00a0\u00bb, m\u00eame si des \u00ab\u00a0\u00e9pisodes ponctuels plus frais ne sont pas exclus\u00a0\u00bb par M\u00e9t\u00e9o-France. Selon les probabilit\u00e9s d\u00e9voil\u00e9es, la Corse voit le risque d\u2019un \u00e9t\u00e9 plus chaud que la normale s\u2019\u00e9lever \u00e0 60\u00a0% ces trois prochains mois.<\/p>\n<p>                     \u00ab\u00a0Aucun sc\u00e9nario privil\u00e9gi\u00e9\u00a0\u00bb pour la pluie    <\/p>\n<p class=\"asset asset-text\">Et qu\u2019en est-il du c\u00f4t\u00e9 des pr\u00e9cipitations\u00a0? Pour M\u00e9t\u00e9o-France, le flou persiste largement sur cette donn\u00e9e \u00e0 la fois pour la France mais aussi pour \u00ab\u00a0une tr\u00e8s large partie de l\u2019Europe\u00a0\u00bb, \u00e9voquant \u00e0 ce titre \u00ab\u00a0une pr\u00e9visibilit\u00e9 tr\u00e8s limit\u00e9e pour ce trimestre\u00a0\u00bb. La prudence est donc de mise du c\u00f4t\u00e9 de l\u2019\u00e9tablissement public, qui \u00e9voque 33\u00a0% de chance pour chaque sc\u00e9nario. \u00c0 savoir un \u00e9t\u00e9 m\u00e9t\u00e9orologique plus sec que les normales de saison, un \u00e9t\u00e9 conforme aux normales de saison ou un \u00e9t\u00e9 plus humique que les normales de saison.<\/p>\n<p class=\"asset asset-text\">Comme le rappelle M\u00e9t\u00e9o-France lors de la publication de ces bulletins, \u00ab\u00a0ces tendances moyennes \u00e0 trois mois, mises \u00e0 jour mensuellement, ne sont pas des pr\u00e9visions et ne pr\u00e9jugent pas de canicules ou de records\u00a0\u00bb \u00e0 venir. Ce bulletin ne permet donc pas de pr\u00e9voir le d\u00e9tail des conditions m\u00e9t\u00e9orologiques des prochains mois jour par jour ou m\u00eame semaine par semaine, mais s\u2019efforce seulement de \u00ab\u00a0d\u00e9terminer les tendances attendues en moyenne sur le trimestre\u00a0\u00bb.<\/p>\n","protected":false},"excerpt":{"rendered":"NurPhoto \/ NurPhoto via Getty Images Si les tendances doivent encore \u00eatre affin\u00e9es au fil de l\u2019\u00e9t\u00e9, un&hellip;\n","protected":false},"author":2,"featured_media":145331,"comment_status":"","ping_status":"","sticky":false,"template":"","format":"standard","meta":{"footnotes":""},"categories":[4],"tags":[11,1129,2883,1011,27,2487,2357,12,25],"class_list":{"0":"post-145330","1":"post","2":"type-post","3":"status-publish","4":"format-standard","5":"has-post-thumbnail","7":"category-france","8":"tag-actualites","9":"tag-climat","10":"tag-ete","11":"tag-fr","12":"tag-france","13":"tag-meteo","14":"tag-meteo-france","15":"tag-news","16":"tag-republique-francaise"},"share_on_mastodon":{"url":"https:\/\/pubeurope.com\/@fr\/114611233978020693","error":""},"_links":{"self":[{"href":"https:\/\/www.europesays.com\/fr\/wp-json\/wp\/v2\/posts\/145330","targetHints":{"allow":["GET"]}}],"collection":[{"href":"https:\/\/www.europesays.com\/fr\/wp-json\/wp\/v2\/posts"}],"about":[{"href":"https:\/\/www.europesays.com\/fr\/wp-json\/wp\/v2\/types\/post"}],"author":[{"embeddable":true,"href":"https:\/\/www.europesays.com\/fr\/wp-json\/wp\/v2\/users\/2"}],"replies":[{"embeddable":true,"href":"https:\/\/www.europesays.com\/fr\/wp-json\/wp\/v2\/comments?post=145330"}],"version-history":[{"count":0,"href":"https:\/\/www.europesays.com\/fr\/wp-json\/wp\/v2\/posts\/145330\/revisions"}],"wp:featuredmedia":[{"embeddable":true,"href":"https:\/\/www.europesays.com\/fr\/wp-json\/wp\/v2\/media\/145331"}],"wp:attachment":[{"href":"https:\/\/www.europesays.com\/fr\/wp-json\/wp\/v2\/media?parent=145330"}],"wp:term":[{"taxonomy":"category","embeddable":true,"href":"https:\/\/www.europesays.com\/fr\/wp-json\/wp\/v2\/categories?post=145330"},{"taxonomy":"post_tag","embeddable":true,"href":"https:\/\/www.europesays.com\/fr\/wp-json\/wp\/v2\/tags?post=145330"}],"curies":[{"name":"wp","href":"https:\/\/api.w.org\/{rel}","templated":true}]}}