{"id":145345,"date":"2025-06-02T01:57:42","date_gmt":"2025-06-02T01:57:42","guid":{"rendered":"https:\/\/www.europesays.com\/fr\/145345\/"},"modified":"2025-06-02T01:57:42","modified_gmt":"2025-06-02T01:57:42","slug":"rennes-une-grenade-repechee-dans-la-vilaine-en-plein-centre-ville","status":"publish","type":"post","link":"https:\/\/www.europesays.com\/fr\/145345\/","title":{"rendered":"Rennes : une grenade rep\u00each\u00e9e dans la Vilaine en plein centre-ville"},"content":{"rendered":"<p><img decoding=\"async\" class=\"\" style=\"width:100%;max-width:100%\" src=\"https:\/\/www.europesays.com\/fr\/wp-content\/uploads\/2025\/06\/Capture_d_e_cran_2025_04_29_a__15_47_061745934604235-format16by9.png\" alt=\"Aimant\"\/><\/p>\n<p>La passerelle Zola-Chateaubriand, \u00e0 Rennes, o\u00f9 la grenade a \u00e9t\u00e9 rep\u00each\u00e9e<\/p>\n<p>Cr\u00e9dit : capture d&rsquo;\u00e9cran Google Maps<\/p>\n<p>Ce qui devait \u00eatre une activit\u00e9 ludique s\u2019est transform\u00e9 en intervention de s\u00e9curit\u00e9. Trois amateurs de p\u00eache \u00e0 l\u2019aimant s\u2019\u00e9taient install\u00e9s sur les quais de la Vilaine, au niveau de la passerelle Zola-Chateaubriand, pour r\u00e9cup\u00e9rer des objets m\u00e9talliques immerg\u00e9s. Apr\u00e8s avoir remont\u00e9 divers \u00e9l\u00e9ments, dont des v\u00e9los et une poussette, c\u2019est une grenade encore \u00e9quip\u00e9e de sa goupille qui a \u00e9t\u00e9 extraite du fleuve.<\/p>\n<p>Alert\u00e9es imm\u00e9diatement, les autorit\u00e9s ont mis en place un large p\u00e9rim\u00e8tre de s\u00e9curit\u00e9, interdisant l\u2019acc\u00e8s \u00e0 la passerelle. Une \u00e9quipe de d\u00e9mineurs en provenance de Nantes est intervenue sur place. L\u2019op\u00e9ration s\u2019est achev\u00e9e dans le calme en d\u00e9but d\u2019apr\u00e8s-midi, apr\u00e8s s\u00e9curisation de l\u2019engin explosif.<\/p>\n<p><strong>Une pratique l\u00e9gale sous certaines conditions<\/strong><\/p>\n<p>La p\u00eache \u00e0 l\u2019aimant conna\u00eet un regain d\u2019int\u00e9r\u00eat, notamment pour son aspect \u00e9cologique de d\u00e9pollution. N\u00e9anmoins, cette activit\u00e9 est encadr\u00e9e par la loi. En Ille-et-Vilaine, elle est consid\u00e9r\u00e9e comme ill\u00e9gale si elle est pratiqu\u00e9e sans autorisation des autorit\u00e9s comp\u00e9tentes, telles que la R\u00e9gion ou l\u2019\u00c9tat, selon la localisation.<\/p>\n","protected":false},"excerpt":{"rendered":"La passerelle Zola-Chateaubriand, \u00e0 Rennes, o\u00f9 la grenade a \u00e9t\u00e9 rep\u00each\u00e9e Cr\u00e9dit : capture d&rsquo;\u00e9cran Google Maps Ce&hellip;\n","protected":false},"author":2,"featured_media":145346,"comment_status":"","ping_status":"","sticky":false,"template":"","format":"standard","meta":{"footnotes":""},"categories":[2821],"tags":[1111,11,829,15975,1777,674,1011,27,15974,848,12,27431,27430,584,25,7009],"class_list":{"0":"post-145345","1":"post","2":"type-post","3":"status-publish","4":"format-standard","5":"has-post-thumbnail","7":"category-rennes","8":"tag-actu","9":"tag-actualites","10":"tag-bretagne","11":"tag-demineurs","12":"tag-eu","13":"tag-europe","14":"tag-fr","15":"tag-france","16":"tag-grenade","17":"tag-ille-et-vilaine","18":"tag-news","19":"tag-objets-metalliques","20":"tag-peche-a-laimant","21":"tag-rennes","22":"tag-republique-francaise","23":"tag-vilaine"},"share_on_mastodon":{"url":"https:\/\/pubeurope.com\/@fr\/114611293093866262","error":""},"_links":{"self":[{"href":"https:\/\/www.europesays.com\/fr\/wp-json\/wp\/v2\/posts\/145345","targetHints":{"allow":["GET"]}}],"collection":[{"href":"https:\/\/www.europesays.com\/fr\/wp-json\/wp\/v2\/posts"}],"about":[{"href":"https:\/\/www.europesays.com\/fr\/wp-json\/wp\/v2\/types\/post"}],"author":[{"embeddable":true,"href":"https:\/\/www.europesays.com\/fr\/wp-json\/wp\/v2\/users\/2"}],"replies":[{"embeddable":true,"href":"https:\/\/www.europesays.com\/fr\/wp-json\/wp\/v2\/comments?post=145345"}],"version-history":[{"count":0,"href":"https:\/\/www.europesays.com\/fr\/wp-json\/wp\/v2\/posts\/145345\/revisions"}],"wp:featuredmedia":[{"embeddable":true,"href":"https:\/\/www.europesays.com\/fr\/wp-json\/wp\/v2\/media\/145346"}],"wp:attachment":[{"href":"https:\/\/www.europesays.com\/fr\/wp-json\/wp\/v2\/media?parent=145345"}],"wp:term":[{"taxonomy":"category","embeddable":true,"href":"https:\/\/www.europesays.com\/fr\/wp-json\/wp\/v2\/categories?post=145345"},{"taxonomy":"post_tag","embeddable":true,"href":"https:\/\/www.europesays.com\/fr\/wp-json\/wp\/v2\/tags?post=145345"}],"curies":[{"name":"wp","href":"https:\/\/api.w.org\/{rel}","templated":true}]}}