{"id":145351,"date":"2025-06-02T02:05:50","date_gmt":"2025-06-02T02:05:50","guid":{"rendered":"https:\/\/www.europesays.com\/fr\/145351\/"},"modified":"2025-06-02T02:05:50","modified_gmt":"2025-06-02T02:05:50","slug":"incendie-dans-une-decheterie-pres-de-nantes-aucun-element-toxique-releve","status":"publish","type":"post","link":"https:\/\/www.europesays.com\/fr\/145351\/","title":{"rendered":"Incendie dans une d\u00e9ch\u00e8terie pr\u00e8s de Nantes : \u00ab\u00a0aucun \u00e9l\u00e9ment toxique relev\u00e9\u00a0\u00bb"},"content":{"rendered":"<p>            Par<br \/>\n        <strong><br \/>\n            <a href=\"https:\/\/actu.fr\/auteur\/thomas-bernard\" title=\"Consulter tous les articles de Thomas Bernard\" rel=\"nofollow noopener\" target=\"_blank\">Thomas Bernard<\/a><br \/>\n        <\/strong><\/p>\n<p>        Publi\u00e9 le<\/p>\n<p>            28 mai 2025 \u00e0 9h29        <\/p>\n<p>Le nuage de fum\u00e9e \u00e9tait impressionnant \u00e0 l\u2019ouest de <strong>Nantes<\/strong> dans la soir\u00e9e du mardi 27\u00a0mai 2025. Aux alentours de 18h30 d\u2019importants moyens de pompiers ont \u00e9t\u00e9 d\u00e9ploy\u00e9s <strong>sur le site de l\u2019usine de traitements de d\u00e9chets Veolia \u00e0 Cou\u00ebron<\/strong> pour un incendie.<\/p>\n<p class=\" wall-content\">Selon le centre op\u00e9rationnel d\u00e9partemental d\u2019incendie et de secours (Codis), le feu serait parti de palettes de bois d\u2019un volume de 100 m3\u00a0r\u00e9parties dans une alv\u00e9ole de 600 m3.<\/p>\n<p>\u00ab\u2009Aucun \u00e9l\u00e9ment toxique\u2009\u00bb<\/p>\n<p class=\" wall-content\">Dans la soir\u00e9e, <strong>les fum\u00e9es de l\u2019incendie se sont d\u00e9gag\u00e9es vers les communes<\/strong> de <a href=\"https:\/\/actu.fr\/pays-de-la-loire\/saint-herblain_44162\" rel=\"nofollow noopener\" target=\"_blank\">Saint-Herblain<\/a> et de La Chabossi\u00e8re.<\/p>\n<p class=\" wall-content\">\u00ab\u2009Par prudence, il est recommand\u00e9 aux habitants concern\u00e9s de se calfeutrer chez eux le temps de l\u2019intervention\u2009\u00bb, avait \u00e9crit dans la soir\u00e9e <a href=\"https:\/\/www.facebook.com\/photo\/?fbid=698821442841929&amp;set=a.234905972566814\" rel=\"nofollow noopener\" target=\"_blank\">la mairie de Cou\u00ebron sur sa page Facebook<\/a>.<\/p>\n<p class=\" wall-content\">Des<strong> analyses de la toxicit\u00e9<\/strong> ont \u00e9t\u00e9 r\u00e9alis\u00e9es sur le site de l\u2019incendie. D\u2019apr\u00e8s la Ville de Cou\u00ebron, \u00ab\u2009aucun \u00e9l\u00e9ment toxique\u2009\u00bb n\u2019a \u00e9t\u00e9 relev\u00e9 sur les pr\u00e9l\u00e8vements r\u00e9alis\u00e9s sur le site de l\u2019incendie et dans les communes limitrophes.<\/p>\n<p>Vid\u00e9os : en ce moment sur Actu<\/p>\n<p class=\" wall-content\">Ce mercredi 28\u00a0mai, le Codis indique, dans son bulletin op\u00e9rationnel de 7h, que l\u2019incendie est<strong> en cours d\u2019extinction tout comme la phase de d\u00e9blaiement<\/strong>.<\/p>\n<p class=\" wall-content\">Suivez toute l\u2019actualit\u00e9 de vos villes et m\u00e9dias favoris en vous inscrivant \u00e0 <a href=\"https:\/\/moncompte.actu.fr\" title=\"D\u00e9couvez Mon Actu\" rel=\"nofollow noopener\" data-trk=\"{&quot;cta&quot;:{&quot;action&quot;:&quot;https:\\\/\\\/moncompte.actu.fr&quot;,&quot;category&quot;:&quot;mon compte&quot;,&quot;from&quot;:&quot;article footer&quot;,&quot;name&quot;:&quot;Mon actu&quot;,&quot;type&quot;:&quot;cta&quot;}}\" target=\"_blank\">Mon Actu<\/a>.<\/p>\n","protected":false},"excerpt":{"rendered":"Par Thomas Bernard Publi\u00e9 le 28 mai 2025 \u00e0 9h29 Le nuage de fum\u00e9e \u00e9tait impressionnant \u00e0 l\u2019ouest&hellip;\n","protected":false},"author":2,"featured_media":145352,"comment_status":"","ping_status":"","sticky":false,"template":"","format":"standard","meta":{"footnotes":""},"categories":[2818],"tags":[1111,11,1777,674,118,1011,27,1310,766,12,2636,1311,25],"class_list":{"0":"post-145351","1":"post","2":"type-post","3":"status-publish","4":"format-standard","5":"has-post-thumbnail","7":"category-nantes","8":"tag-actu","9":"tag-actualites","10":"tag-eu","11":"tag-europe","12":"tag-faits-divers","13":"tag-fr","14":"tag-france","15":"tag-incendie","16":"tag-nantes","17":"tag-news","18":"tag-pays-de-la-loire","19":"tag-pompiers","20":"tag-republique-francaise"},"share_on_mastodon":{"url":"https:\/\/pubeurope.com\/@fr\/114611328321908107","error":""},"_links":{"self":[{"href":"https:\/\/www.europesays.com\/fr\/wp-json\/wp\/v2\/posts\/145351","targetHints":{"allow":["GET"]}}],"collection":[{"href":"https:\/\/www.europesays.com\/fr\/wp-json\/wp\/v2\/posts"}],"about":[{"href":"https:\/\/www.europesays.com\/fr\/wp-json\/wp\/v2\/types\/post"}],"author":[{"embeddable":true,"href":"https:\/\/www.europesays.com\/fr\/wp-json\/wp\/v2\/users\/2"}],"replies":[{"embeddable":true,"href":"https:\/\/www.europesays.com\/fr\/wp-json\/wp\/v2\/comments?post=145351"}],"version-history":[{"count":0,"href":"https:\/\/www.europesays.com\/fr\/wp-json\/wp\/v2\/posts\/145351\/revisions"}],"wp:featuredmedia":[{"embeddable":true,"href":"https:\/\/www.europesays.com\/fr\/wp-json\/wp\/v2\/media\/145352"}],"wp:attachment":[{"href":"https:\/\/www.europesays.com\/fr\/wp-json\/wp\/v2\/media?parent=145351"}],"wp:term":[{"taxonomy":"category","embeddable":true,"href":"https:\/\/www.europesays.com\/fr\/wp-json\/wp\/v2\/categories?post=145351"},{"taxonomy":"post_tag","embeddable":true,"href":"https:\/\/www.europesays.com\/fr\/wp-json\/wp\/v2\/tags?post=145351"}],"curies":[{"name":"wp","href":"https:\/\/api.w.org\/{rel}","templated":true}]}}