{"id":145369,"date":"2025-06-02T02:16:13","date_gmt":"2025-06-02T02:16:13","guid":{"rendered":"https:\/\/www.europesays.com\/fr\/145369\/"},"modified":"2025-06-02T02:16:13","modified_gmt":"2025-06-02T02:16:13","slug":"des-tags-antisemites-et-des-croix-gammees-retrouves-sur-une-ecole-touchee-par-un-debut-dincendie","status":"publish","type":"post","link":"https:\/\/www.europesays.com\/fr\/145369\/","title":{"rendered":"des tags antis\u00e9mites et des croix gamm\u00e9es retrouv\u00e9s sur une \u00e9cole touch\u00e9e par un d\u00e9but d\u2019incendie"},"content":{"rendered":"<p>Le feu est rest\u00e9 circonscrit aux toilettes ext\u00e9rieures de l\u2019\u00e9cole, mais plusieurs salles de classe ont \u00e9t\u00e9 vandalis\u00e9es et recouvertes de croix gamm\u00e9es, d\u2019\u00e9toiles de David et de tags pro-palestiniens.<\/p>\n<p class=\"fig-paragraph\">Une \u00e9cole primaire du troisi\u00e8me arrondissement de\u00a0<a href=\"http:\/\/www.lefigaro.fr\/lyon\/a-lyon-une-nouvelle-strategie-coups-de-poing-contre-l-insecurite-dans-des-quartiers-de-centre-ville-20250321\" target=\"_blank\" data-fig-type=\"NewsFlash\" rel=\"noopener nofollow\" data-gtm-custom-categorie=\"navigation\" data-gtm-custom-action=\"crossclick\" data-gtm-custom-label=\"Contextuel\" data-gtm-event=\"customEventSPE\" data-fig-domain=\"LEFIGARO\">Lyon<\/a>\u00a0a \u00e9t\u00e9 prise pour cible, samedi 31 mai dans la soir\u00e9e. Un d\u00e9but d\u2019incendie s\u2019y est d\u00e9clar\u00e9, et des tags antis\u00e9mites et des croix gamm\u00e9es ont \u00e9t\u00e9 d\u00e9couverts sur ses murs, a appris l\u2019AFP dimanche de sources concordantes.<\/p>\n<p class=\"fig-paragraph\">Le feu est rest\u00e9 circonscrit aux toilettes ext\u00e9rieures de l&rsquo;\u00e9cole, mais plusieurs salles de classe ont \u00e9t\u00e9 vandalis\u00e9es et recouvertes de croix gamm\u00e9es, d&rsquo;\u00e9toiles de David et de tags pro-palestiniens. \u00abLes d\u00e9gradations perp\u00e9tr\u00e9es dans l&rsquo;\u00e9cole Nov\u00e9 Josserand sont d&rsquo;une extr\u00eame gravit\u00e9. Tags antis\u00e9mites, croix gamm\u00e9es, tentative d&rsquo;incendie\u00a0: ces actes visent notre \u00e9cole, donc notre R\u00e9publique\u00bb, a r\u00e9agi Mohamed Chichi, adjoint \u00e0 la tranquillit\u00e9, s\u00fbret\u00e9 et s\u00e9curit\u00e9 \u00e0 la mairie de Lyon.<\/p>\n<p>\u00abNos \u00e9tablissements scolaires doivent rester des sanctuaires\u00bb<\/p>\n<p class=\"fig-paragraph\">Une enqu\u00eate a \u00e9t\u00e9 ouverte, a indiqu\u00e9 la pr\u00e9fecture, qui \u00abdevra permettre de pr\u00e9senter les auteurs devant la justice et apporter une r\u00e9ponse p\u00e9nale ferme\u00bb. Dans un communiqu\u00e9, la pr\u00e9f\u00e8te du Rh\u00f4ne,\u00a0<a href=\"http:\/\/www.lefigaro.fr\/bordeaux\/je-pars-avec-le-sentiment-du-devoir-accompli-la-prefete-fabienne-buccio-fait-ses-adieux-a-la-gironde-20230119\" target=\"_blank\" data-fig-type=\"NewsFlash\" rel=\"noopener nofollow\" data-gtm-custom-categorie=\"navigation\" data-gtm-custom-action=\"crossclick\" data-gtm-custom-label=\"Contextuel\" data-gtm-event=\"customEventSPE\" data-fig-domain=\"LEFIGARO\">Fabienne Buccio<\/a>, a \u00abcondamn\u00e9 ces d\u00e9gradations abjectes\u00bb, assurant \u00able personnel de l&rsquo;\u00c9ducation nationale et municipale de son soutien\u00bb. \u00abNos \u00e9tablissements scolaires doivent rester des sanctuaires pour nos enfants\u00bb, a-t-elle ajout\u00e9.<\/p>\n<p class=\"fig-paragraph\">Mohamed Chichi a de son c\u00f4t\u00e9 assur\u00e9 que \u00ables salles endommag\u00e9es seront remises en \u00e9tat rapidement afin de pouvoir accueillir les \u00e9l\u00e8ves d\u00e8s lundi\u00bb. \u00abLa Ville condamne avec la plus grande fermet\u00e9 ces agissements. Elle d\u00e9posera plainte\u00bb, a-t-il promis. La raison pour laquelle cette \u00e9cole a \u00e9t\u00e9 vis\u00e9e reste myst\u00e9rieuse, selon l&rsquo;adjoint, cet \u00e9tablissement n&rsquo;ayant pas de liens particuliers avec la communaut\u00e9 juive.<\/p>\n<p class=\"fig-paragraph\">Dans un communiqu\u00e9 intitul\u00e9 \u00abLa R\u00e9publique attaqu\u00e9e\u00bb, l\u2019antenne r\u00e9gionale du Conseil repr\u00e9sentatif des institutions juives de France (Crif), fait le lien avec le M\u00e9morial de la Shoah, trois synagogues et un restaurant qui ont \u00e9t\u00e9 asperg\u00e9s de peinture verte dans la nuit de vendredi \u00e0 samedi \u00e0 Paris. \u00ab\u00c0 Paris, des synagogues et le M\u00e9morial de la Shoah profan\u00e9s. \u00c0 Lyon, une \u00e9cole incendi\u00e9e et souill\u00e9e de croix gamm\u00e9es\u00bb, \u00e9crit le Conseil. Le Crif Auvergne-Rh\u00f4ne-Alpes \u00abcondamne avec la plus grande fermet\u00e9 cette agression haineuse\u00bb. \u00abIl ne s\u2019agit pas d\u2019un tag de trop, ni d\u2019un acte isol\u00e9. C\u2019est un signal. Un passage \u00e0 l\u2019acte. Ceux qui r\u00eavent d\u2019une France sans Juifs allument d\u00e9sormais le feu dans les \u00e9coles\u00bb, ajoute le communiqu\u00e9.<\/p>\n","protected":false},"excerpt":{"rendered":"Le feu est rest\u00e9 circonscrit aux toilettes ext\u00e9rieures de l\u2019\u00e9cole, mais plusieurs salles de classe ont \u00e9t\u00e9 vandalis\u00e9es&hellip;\n","protected":false},"author":2,"featured_media":145370,"comment_status":"","ping_status":"","sticky":false,"template":"","format":"standard","meta":{"footnotes":""},"categories":[1889],"tags":[1111,11,5273,6155,2430,5299,5272,5312,5296,5285,1777,674,5293,1011,27,5303,5311,1310,5301,5279,5275,5313,5276,5300,5302,5280,5298,5281,5306,5305,5308,5309,5284,5294,5297,5269,5271,5268,5270,5267,2428,5295,5307,5277,5304,5283,12,978,5274,25,2431,5314,5288,5292,5289,5291,5290,5315,5282,5286,5310,5287,5278],"class_list":{"0":"post-145369","1":"post","2":"type-post","3":"status-publish","4":"format-standard","5":"has-post-thumbnail","7":"category-lyon","8":"tag-actu","9":"tag-actualites","10":"tag-ainay","11":"tag-antisemitisme","12":"tag-auvergne-rhone-alpes","13":"tag-bellecombe","14":"tag-bellecour","15":"tag-champvert-nord","16":"tag-champvert-sud","17":"tag-clos-jouve","18":"tag-eu","19":"tag-europe","20":"tag-fourviere","21":"tag-fr","22":"tag-france","23":"tag-gerland","24":"tag-gorge-de-loup","25":"tag-incendie","26":"tag-jean-mace","27":"tag-la-buire","28":"tag-la-confluence","29":"tag-la-duchere","30":"tag-la-guillotiere-nord-prefecture","31":"tag-la-guillotiere-sud","32":"tag-la-mouche","33":"tag-la-part-dieu","34":"tag-la-tete-dor","35":"tag-la-villette","36":"tag-laennec","37":"tag-le-bachut","38":"tag-le-grand-trou","39":"tag-le-moulin-a-vent","40":"tag-le-plateau-de-la-croix-rousse","41":"tag-le-point-du-jour","42":"tag-les-brotteaux","43":"tag-les-chartreux","44":"tag-les-cordeliers","45":"tag-les-pentes-de-la-croix-rousse","46":"tag-les-terreaux","47":"tag-les-traboules","48":"tag-lyon","49":"tag-menival","50":"tag-mermoz","51":"tag-moncey","52":"tag-monplaisir","53":"tag-montchat","54":"tag-news","55":"tag-olympique-lyonnais","56":"tag-perrache","57":"tag-republique-francaise","58":"tag-rhone-alpes","59":"tag-rochecardon-industrie","60":"tag-saint-georges","61":"tag-saint-irenee","62":"tag-saint-jean","63":"tag-saint-just","64":"tag-saint-paul","65":"tag-saint-rambert-lile-barbe","66":"tag-sans-souci-dauphine","67":"tag-serin-saint-charles","68":"tag-vaise","69":"tag-vieux-lyon","70":"tag-voltaire"},"share_on_mastodon":{"url":"","error":"Validation failed: Text character limit of 500 exceeded"},"_links":{"self":[{"href":"https:\/\/www.europesays.com\/fr\/wp-json\/wp\/v2\/posts\/145369","targetHints":{"allow":["GET"]}}],"collection":[{"href":"https:\/\/www.europesays.com\/fr\/wp-json\/wp\/v2\/posts"}],"about":[{"href":"https:\/\/www.europesays.com\/fr\/wp-json\/wp\/v2\/types\/post"}],"author":[{"embeddable":true,"href":"https:\/\/www.europesays.com\/fr\/wp-json\/wp\/v2\/users\/2"}],"replies":[{"embeddable":true,"href":"https:\/\/www.europesays.com\/fr\/wp-json\/wp\/v2\/comments?post=145369"}],"version-history":[{"count":0,"href":"https:\/\/www.europesays.com\/fr\/wp-json\/wp\/v2\/posts\/145369\/revisions"}],"wp:featuredmedia":[{"embeddable":true,"href":"https:\/\/www.europesays.com\/fr\/wp-json\/wp\/v2\/media\/145370"}],"wp:attachment":[{"href":"https:\/\/www.europesays.com\/fr\/wp-json\/wp\/v2\/media?parent=145369"}],"wp:term":[{"taxonomy":"category","embeddable":true,"href":"https:\/\/www.europesays.com\/fr\/wp-json\/wp\/v2\/categories?post=145369"},{"taxonomy":"post_tag","embeddable":true,"href":"https:\/\/www.europesays.com\/fr\/wp-json\/wp\/v2\/tags?post=145369"}],"curies":[{"name":"wp","href":"https:\/\/api.w.org\/{rel}","templated":true}]}}