{"id":145373,"date":"2025-06-02T02:19:23","date_gmt":"2025-06-02T02:19:23","guid":{"rendered":"https:\/\/www.europesays.com\/fr\/145373\/"},"modified":"2025-06-02T02:19:23","modified_gmt":"2025-06-02T02:19:23","slug":"en-direct-le-psg-champion-deurope-les-parisiens-presentent-le-trophee-au-parc-des-princes","status":"publish","type":"post","link":"https:\/\/www.europesays.com\/fr\/145373\/","title":{"rendered":"EN DIRECT &#8211; Le PSG champion d&rsquo;Europe : les Parisiens pr\u00e9sentent le troph\u00e9e au Parc des Princes"},"content":{"rendered":"<p>Pour la premi\u00e8re fois de son histoire, le PSG a remport\u00e9 la Ligue des champions.Les Parisiens ont battu l&rsquo;Inter Milan en finale, samedi, \u00e0 Munich.Pour c\u00e9l\u00e9brer ce titre in\u00e9dit, d&rsquo;importantes c\u00e9l\u00e9brations ont \u00e9t\u00e9 organis\u00e9es dans la capitale.<a href=\"https:\/\/www.tf1info.fr\/actualite\/football-ligue-des-champions-2024-2025-une-nouvelle-ere-s-ouvre-psg-lille-monaco-brest-real-madrid-machester-city-13795\/\" rel=\"noopener\" class=\"jsx-3118104007 Link jsx-1428418400 jsx-2089987738\" target=\"_blank\"><\/p>\n<p style=\"font-weight:400\" class=\"jsx-1837267516\">Suivez la couverture compl\u00e8te<\/p>\n<p style=\"font-weight:800\" class=\"jsx-1837267516\">Le PSG remporte sa premi\u00e8re Ligue des champions<\/p>\n<p><\/a>Minute par minute23:58<br class=\"jsx-494582681\"\/> 1 juin 2025<\/p>\n<p><strong>Ce live est \u00e0 pr\u00e9sent termin\u00e9.\u00a0<\/strong><\/p>\n<p>Suivez notre dernier direct dans l&rsquo;article ci-dessous.<\/p>\n<p>Police, justice et faits divers<img decoding=\"async\" src=\"https:\/\/www.europesays.com\/fr\/wp-content\/uploads\/2025\/06\/emmanuel-macron-a-l-elysee-felicite-les-joueurs-du-psg-ca0912-1@1x.jpeg\" alt=\"Titre europ\u00e9en du PSG : &quot;Le football ce n'est pas \u00e7a&quot;, condamne Emmanuel Macron\" loading=\"lazy\" importance=\"low\" fetchpriority=\"low\" class=\"\" aria-hidden=\"true\"\/><\/p>\n<p>Publi\u00e9 hier \u00e0 19h09<\/p>\n<p>23:18<br class=\"jsx-494582681\"\/> 1 juin 2025C&rsquo;EST LA FIN <\/p>\n<p>C&rsquo;est la fin de ce moment de communion entre le PSG et ses supporters.\u00a0<\/p>\n<p>22:56<br class=\"jsx-494582681\"\/> 1 juin 2025LA COUPE N&rsquo;EN FINIT PLUS D&rsquo;\u00caTRE LEV\u00c9E<\/p>\n<p>La Coupe aux grandes oreilles n&rsquo;en finit plus d&rsquo;\u00eatre soulev\u00e9e par les Parisiens.\u00a0<\/p>\n<p><img decoding=\"async\" src=\"https:\/\/www.europesays.com\/fr\/wp-content\/uploads\/2025\/06\/les-parisiens-soulevent-leur-trophee-devant-leur-public-du-parc-des-princes-b6b22b-0@1x.jpeg\" alt=\"Les Parisiens soul\u00e8vent leur troph\u00e9e devant leur public du Parc des Princes.  - FRANCK FIFE \/ AFP\" loading=\"lazy\" importance=\"low\" fetchpriority=\"low\" class=\"\"\/>Les Parisiens soul\u00e8vent leur troph\u00e9e devant leur public du Parc des Princes.  &#8211; FRANCK FIFE \/ AFP22:46<br class=\"jsx-494582681\"\/> 1 juin 2025TOUR D&rsquo;HONNEUR<\/p>\n<p>Les Parisiens entament un tour d&rsquo;honneur avec la coupe aux grandes oreilles.\u00a0<\/p>\n<p>22:30<br class=\"jsx-494582681\"\/> 1 juin 2025MARQUI ET \u00ab\u00a0NAK\u00a0\u00bb CONCLUENT LA PROCESSION<\/p>\n<p>Le capitaine Marquinho et le pr\u00e9sident Nasser Al-Khela\u00effi p\u00e9n\u00e8trent en dernier sur la pelouse avec la coupe aux grandes oreilles. Le capitaine prend la parole avec le troph\u00e9e dans les bras !\u00a0<\/p>\n<p>22:03<br class=\"jsx-494582681\"\/> 1 juin 2025AU TOUR DES JOUEURS D&rsquo;ENTRER SUR LA PELOUSE<\/p>\n<p>Au tour des joueurs du PSG de faire leur entr\u00e9e, chacun \u00e0 leur tour, sur la pelouse.\u00a0<\/p>\n<p>22:02<br class=\"jsx-494582681\"\/> 1 juin 2025LE PSG DANS LA PLACE<\/p>\n<p>\u00c7a y est, le PSG fait son entr\u00e9e dans l&rsquo;enceinte du Parc des Princes sous les acclamations des milliers de supporters. C&rsquo;est d&rsquo;abord le staff qui est mis en valeur.\u00a0<\/p>\n<p>21:55<br class=\"jsx-494582681\"\/> 1 juin 2025LE PARC S&rsquo;ENFLAMME<\/p>\n<p>Le Parc des Princes est debout et s&rsquo;enflamme en attendant ses champions, qui ne devraient plus tarder d\u00e9sormais.\u00a0<\/p>\n<p>21:46<br class=\"jsx-494582681\"\/> 1 juin 2025DJOKO ET RINER<\/p>\n<p>De nombreux sportifs, comme Novak Djokovic ou encore Teddy Riner, garnissent \u00e9galement les trav\u00e9es du Parc des princes.\u00a0<\/p>\n<p>21:27<br class=\"jsx-494582681\"\/> 1 juin 2025C&rsquo;EST PARTI POUR LE SHOW<\/p>\n<p>Le show commence au Parc des Princes, avec DJ Snake qui p\u00e9n\u00e8tre sur la pelouse. L&rsquo;artiste se met aux platine et chauffe l&rsquo;enceinte avec un chant \u00ab\u00a0Ousmane Ballon d&rsquo;Or\u00a0\u00bb, puis \u00ab\u00a0ici c&rsquo;est Paris\u00a0\u00bb.\u00a0<\/p>\n<p>21:22<br class=\"jsx-494582681\"\/> 1 juin 2025AMBIANCE AU PARC<\/p>\n<p>L&rsquo;ambiance monte dans un Parc des Princes, qui se remplit progressivement.\u00a0<\/p>\n<p>21:14<br class=\"jsx-494582681\"\/> 1 juin 2025LES IMAGES DE L&rsquo;ARRIV\u00c9E DES PARISIENS AU PARC <\/p>\n<p>Les supporters et salari\u00e9s du PSG ont acclam\u00e9 les membres du PSG lors de leur arriv\u00e9e au Parc de Princes.\u00a0<\/p>\n<blockquote data-testid=\"EmbedTwitter\" id=\"tweet-1929252859834442108-:R3j32cmamij9n79m:\" class=\"jsx-aeff1a1c40f54d7a twitter-tweet flex justify-center items-center\"><p>Les champions de retour \u00e0 la maison ! \ud83c\udfe1 Supporters et salari\u00e9s du Club ont acclam\u00e9 les Rouge et Bleu \u00e0 leur arriv\u00e9e au Parc des Princes ! \u2764\ufe0f\ud83d\udc99  pic.twitter.com\/kKvpHzLfF0 \u2014 Paris Saint-Germain (@PSG_inside)  June 1, 2025<\/p><\/blockquote>\n<p>20:54<br class=\"jsx-494582681\"\/> 1 juin 2025LA POSE DEVANT LE PARC <\/p>\n<p>Les membres du PSG ont pos\u00e9 devant les affiches \u00e0 leur effigie au Parc des Princes. Pour l&rsquo;heure, ils dinent en petit comit\u00e9, avec leurs proches, avant d&rsquo;aller communier avec leurs supporters dans leur antre f\u00e9tiche.\u00a0<\/p>\n<p><img decoding=\"async\" src=\"https:\/\/www.europesays.com\/fr\/wp-content\/uploads\/2025\/06\/les-membres-du-psg-ont-pose-devant-les-affiches-a-leur-effigie-au-parc-des-princes-fef175-0@1x.jpeg\" alt=\"Les membres du PSG ont pos\u00e9 devant les affiches \u00e0 leur effigie au Parc des Princes.  - AFP\" loading=\"lazy\" importance=\"low\" fetchpriority=\"low\" class=\"\"\/>Les membres du PSG ont pos\u00e9 devant les affiches \u00e0 leur effigie au Parc des Princes.  &#8211; AFP20:37<br class=\"jsx-494582681\"\/> 1 juin 2025DANS L&rsquo;ANTRE&#8230;<\/p>\n<p>Le Parc des princes se remplit progressivement en attendant l&rsquo;arriv\u00e9e de ses champions.\u00a0Les groupes de musique se succ\u00e8dent sur sc\u00e8ne, en attendant les festivit\u00e9s avec les joueurs et membres du staff du PSG.\u00a0En attendant, on a aper\u00e7u d&rsquo;anciens joueurs parisiens comme Ludovic Giuly, Christophe Jallet ou encore Javier Pastore&#8230;<\/p>\n<p>19:25<br class=\"jsx-494582681\"\/> 1 juin 2025PARC DES PRINCES<\/p>\n<p>Apr\u00e8s cette r\u00e9ception \u00e0 l&rsquo;\u00c9lys\u00e9e, le PSG retrouvera ses supporters au Parc des Princes pour un nouveau moment de communion. Les Parisiens sont attendus sur place \u00e0 partir de 21h30.\u00a0<\/p>\n<p>19:23<br class=\"jsx-494582681\"\/> 1 juin 2025MACRON ET \u00ab\u00a0NAK\u00a0\u00bb<\/p>\n<p>Emmanuel Macron a \u00e9galement eu un mot pour le pr\u00e9sident du PSG, Nasser El-Khela\u00effi, et le Qatar. \u00ab\u00a0Il y a eu des heures heureuses, il y a eu des heures malheureuses, mais vous n&rsquo;avez jamais l\u00e2ch\u00e9\u00a0\u00bb, f\u00e9licite le pr\u00e9sident fran\u00e7ais.\u00a0<\/p>\n<blockquote data-testid=\"EmbedTwitter\" id=\"tweet-1929226782344921209-:R3j42cmamij9n79m:\" class=\"jsx-aeff1a1c40f54d7a twitter-tweet flex justify-center items-center\"><p>\ud83d\udd34 Emmanuel Macron f\u00e9licite \u00e0 l&rsquo;\u00c9lys\u00e9e le pr\u00e9sident du PSG, Nasser Al-Khela\u00effi : \u00ab\u00a0Il y a eu des heures heureuses, il y a eu des heures malheureuses, mais vous n&rsquo;avez jamais l\u00e2ch\u00e9\u00a0\u00bb  pic.twitter.com\/2piI4i8iYw \u2014 LCI (@LCI)  June 1, 2025<\/p><\/blockquote>\n<p>19:19<br class=\"jsx-494582681\"\/> 1 juin 2025JEUNESSE FRAN\u00c7AISE <\/p>\n<p>\u00ab\u00a0Vous n&rsquo;avez pas simplement fait vibrer les Parisiens et Parisiennes mais vous avez fait r\u00eaver \u00e9norm\u00e9ment de jeunes. Je voulais vous remercier tr\u00e8s sinc\u00e8rement de faire vivre \u00e7a \u00e0 nos jeunes, d&rsquo;avoir fait r\u00eaver notre jeunesse fran\u00e7aise et au-del\u00e0 nos fronti\u00e8res. \u00c7a n&rsquo;a pas de prix\u00a0\u00bb, lance Emmanuel Macron.\u00a0\u00ab\u00a0Vive le PSG, vive la R\u00e9publique, vive la France\u00a0\u00bb, continue-t-il.\u00a0<\/p>\n<p>19:07<br class=\"jsx-494582681\"\/> 1 juin 2025&Prime;ICI C&rsquo;EST PARIS\u00a0\u00bb<\/p>\n<p>\u00ab\u00a0Ici, c&rsquo;est Paris. Je dirais m\u00eame, enfin, c&rsquo;est Paris. Vous avez remport\u00e9 cette Ligue des champions et vous l&rsquo;avez fait de mani\u00e8re magnifique et monstrueuse. C&rsquo;\u00e9tait magnifique et on a tous vibr\u00e9\u00a0\u00bb, lance Emmanuel Macron. \u00ab\u00a0C&rsquo;est la victoire d&rsquo;une \u00e9quip\u00e9e soud\u00e9e, (&#8230;) c&rsquo;est \u00e7a le football qu&rsquo;on aime voir\u00a0\u00bb, poursuit-il.\u00a0\u00ab\u00a0Vous aviez faim, vous aviez envie et vous l&rsquo;avez fait\u00a0\u00bb, s&rsquo;exclame encore le chef d&rsquo;\u00c9tat, qui f\u00e9licite individuellement chaque acteur de ce succ\u00e8s.\u00a0<\/p>\n<p>19:05<br class=\"jsx-494582681\"\/> 1 juin 2025MACRON PREND LA PAROLE A L&rsquo;\u00c9LYS\u00c9E<\/p>\n<p>\u00ab\u00a0Avant toute chose, on se retrouve dans un moment de joie formidable et rien ne peut justifier ce qu&rsquo;il s&rsquo;est pass\u00e9 ces derni\u00e8res heures\u00a0\u00bb, affirme Emmanuel Macron depuis le palais de l&rsquo;\u00c9lys\u00e9e. \u00ab\u00a0Ces incidents sont tr\u00e8s graves, inacceptables et ont priv\u00e9 beaucoup de nos compatriotes d&rsquo;un moment de joie. Le football, ce n&rsquo;est pas \u00e7a, en aucun cas\u00a0\u00bb, mart\u00e8le le pr\u00e9sident de la R\u00e9publique, selon qui la \u00ab\u00a0nation est endeuill\u00e9e\u00a0\u00bb.\u00a0<\/p>\n<p>18:48<br class=\"jsx-494582681\"\/> 1 juin 2025UNE PARADE \u00ab\u00a0INCROYABLE\u00a0\u00bb<\/p>\n<p>\u00ab\u00a0C&rsquo;\u00e9tait rapide mais je ne regrette pas d&rsquo;\u00eatre venue. Voir la coupe en vrai permet de r\u00e9aliser qu&rsquo;on est vraiment champions d\u2019Europe. C\u2019\u00e9tait presque trop beau pour \u00eatre vrai hier tellement on a domin\u00e9, je n&rsquo;y croyais pas vraiment\u00a0\u00bb savoure Camille, 22 ans, \u00e9tudiante en Staps, au sujet de la parade du PSG. \u00a0\u00ab\u00a0C&rsquo;\u00e9tait incroyable ! Respect et bonheur (&#8230;) c&rsquo;\u00e9tait bien organis\u00e9, il n&rsquo;y a pas eu de d\u00e9bordements\u00a0\u00bb, abonde Abderrahmane, 20 ans, \u00ab\u00a0fan depuis tout petit du PSG\u00a0\u00bb.\u00a0<\/p>\n<p>18:39<br class=\"jsx-494582681\"\/> 1 juin 2025L&rsquo;ARC DE TRIOMPHE AUX COULEURS DU PSG<\/p>\n<p>\u00c0 la fin de la parade, l&rsquo;Arc de Triomphe s&rsquo;est par\u00e9 des couleurs du PSG.<\/p>\n<p><img decoding=\"async\" src=\"https:\/\/www.europesays.com\/fr\/wp-content\/uploads\/2025\/06\/a-la-fin-de-la-parade-l-arc-de-triomphe-s-est-pare-des-couleurs-du-psg-a1c4ac-0@1x.jpeg\" alt=\"\u00c0 la fin de la parade, l'Arc de Triomphe s'est par\u00e9 des couleurs du PSG. - Thibaud MORITZ \/ AFP\" loading=\"lazy\" importance=\"low\" fetchpriority=\"low\" class=\"\"\/>\u00c0 la fin de la parade, l&rsquo;Arc de Triomphe s&rsquo;est par\u00e9 des couleurs du PSG. &#8211; Thibaud MORITZ \/ AFP18:35<br class=\"jsx-494582681\"\/> 1 juin 2025DANS LA COUR DE L&rsquo;\u00c9LYS\u00c9E<\/p>\n<p>Le PSG p\u00e9n\u00e8tre dans la cour de l&rsquo;\u00c9lys\u00e9e, Marquinhos, Nasser El-Khela\u00effi et Luis Enrique en t\u00eate. Ils p\u00e9n\u00e8trent au sein du palais pour rencontrer Emmanuel Macron.\u00a0<\/p>\n<p>18:32<br class=\"jsx-494582681\"\/> 1 juin 2025LE PSG BIENT\u00d4T \u00c0 L&rsquo;\u00c9LYS\u00c9E<\/p>\n<p>Le PSG est attendu dans les prochaines minutes au palais de l&rsquo;\u00c9lys\u00e9e. \u00c0 noter que le tapis rouge ne sera pas d\u00e9ploy\u00e9 sur place, car il est r\u00e9serv\u00e9 aux joueurs de l&rsquo;\u00e9quipe de France. \u00a0<\/p>\n<p>18:30<br class=\"jsx-494582681\"\/> 1 juin 2025L&rsquo;\u00c9MOTION DE \u00ab\u00a0NAK\u00a0\u00bb<\/p>\n<p>Avant de prendre la direction du palais de l&rsquo;\u00c9lys\u00e9e, Nasser Al-Khela\u00effi a confi\u00e9 son \u00e9motion de voir le PSG enfin remporter la Ligue des champions.\u00a0<\/p>\n<p>L&rsquo;\u00e9motion du pr\u00e9sident du PSG apr\u00e8s le titre de son clubSource : Edition sp\u00e9ciale &#8211; Paris en f\u00eate<\/p>\n<p><img decoding=\"async\" src=\"https:\/\/www.europesays.com\/fr\/wp-content\/uploads\/2025\/06\/l-emotion-du-president-du-psg-apres-le-titre-de-son-club-b0e1ac-0@1x.jpeg\" alt=\"L'\u00e9motion du pr\u00e9sident du PSG apr\u00e8s le titre de son club\" loading=\"lazy\" importance=\"low\" fetchpriority=\"low\" class=\"\"\/><img decoding=\"async\" src=\"https:\/\/www.europesays.com\/fr\/wp-content\/uploads\/2025\/04\/player-logo-play.svg.svg+xml\" alt=\"Logo lecture\" class=\"jsx-d0de44c05fe3042c PlayerLazyload__Play\"\/>18:24<br class=\"jsx-494582681\"\/> 1 juin 2025AVEC LES POMPIER ET POLICIERS<\/p>\n<p>Avant de prendre la direction du palais de l&rsquo;\u00c9lys\u00e9e, les joueurs et le staff du PSG ont pris quelques minutes pour poser avec les forces de l&rsquo;ordre.\u00a0<\/p>\n<p>Le moment de communion du PSG avec les policiers et pompiersSource : Edition sp\u00e9ciale &#8211; Paris en f\u00eate<\/p>\n<p><img decoding=\"async\" src=\"https:\/\/www.europesays.com\/fr\/wp-content\/uploads\/2025\/06\/le-moment-de-communion-du-psg-avec-les-policiers-et-pompiers-93dc94-0@1x.jpeg\" alt=\"Le moment de communion du PSG avec les policiers et pompiers\" loading=\"lazy\" importance=\"low\" fetchpriority=\"low\" class=\"\"\/><img decoding=\"async\" src=\"https:\/\/www.europesays.com\/fr\/wp-content\/uploads\/2025\/04\/player-logo-play.svg.svg+xml\" alt=\"Logo lecture\" class=\"jsx-d0de44c05fe3042c PlayerLazyload__Play\"\/>18:16<br class=\"jsx-494582681\"\/> 1 juin 2025QUAND LE CAPITAINE HARANGUE LA FOULE&#8230; <\/p>\n<p>\u00ab\u00a0Marqui\u00a0\u00bb a pris le micro pour haranguer les supporters du PSG.<\/p>\n<blockquote data-testid=\"EmbedTwitter\" id=\"tweet-1929209149818126735-:R3j6icmamij9n79m:\" class=\"jsx-aeff1a1c40f54d7a twitter-tweet flex justify-center items-center\"><p>Marqui\u2019 au micro \ud83e\udd29\u2764\ufe0f\ud83d\udc99  pic.twitter.com\/E9o5BzMXGq \u2014 Paris Saint-Germain (@PSG_inside)  June 1, 2025<\/p><\/blockquote>\n<p>18:15<br class=\"jsx-494582681\"\/> 1 juin 2025CHANGEMENTS DE BUS<\/p>\n<p>La parade finie, les joueurs et le taff du PSG quittent leurs bus \u00e0 imp\u00e9riale pour retrouver leurs bus ferm\u00e9s. Ils vont ensuite prendre la direction du palais de l&rsquo;\u00c9lys\u00e9e pour rencontrer Emmanuel Macron.\u00a0<\/p>\n<p>18:13<br class=\"jsx-494582681\"\/> 1 juin 2025BLEU ET ROUGE<\/p>\n<p>Les Champs sont tout de bleu et de rouge v\u00eatus.\u00a0<\/p>\n<p><img decoding=\"async\" src=\"https:\/\/www.europesays.com\/fr\/wp-content\/uploads\/2025\/06\/les-champs-elysees-tout-de-bleu-et-rouge-vetus-7ac80a-0@1x.jpeg\" alt=\"Les Champs-\u00c9lys\u00e9es tout de bleu et rouge v\u00eatus.  - Thibaud MORITZ \/ AFP\" loading=\"lazy\" importance=\"low\" fetchpriority=\"low\" class=\"\"\/>Les Champs-\u00c9lys\u00e9es tout de bleu et rouge v\u00eatus.  &#8211; Thibaud MORITZ \/ AFP18:11<br class=\"jsx-494582681\"\/> 1 juin 2025LA FI\u00c8VRE SUR LES CHAMPS<\/p>\n<p>C&rsquo;en est termin\u00e9 de la parade ! Les bus parisiens quittent la plus belle avenue du monde.\u00a0<\/p>\n<p><img decoding=\"async\" src=\"https:\/\/www.europesays.com\/fr\/wp-content\/uploads\/2025\/06\/les-champions-parisiens-sur-les-champs-elysees-e78e63-0@1x.jpeg\" alt=\"Les champions parisiens sur les Champs-\u00c9lys\u00e9es.  - Thibaud MORITZ \/ AFP\" loading=\"lazy\" importance=\"low\" fetchpriority=\"low\" class=\"\"\/>Les champions parisiens sur les Champs-\u00c9lys\u00e9es.  &#8211; Thibaud MORITZ \/ AFP18:03<br class=\"jsx-494582681\"\/> 1 juin 2025LA PARADE TOUCHE \u00c0 SA FIN<\/p>\n<p>La parade touche \u00e0 la fin, les bus se rapprochant de l&rsquo;Arc de Triomphe. Mais l&rsquo;ambiance, elle, est toujours au beau fixe.\u00a0Les fumig\u00e8nes sont de sortie, tandis que le troph\u00e9e continue de passer de mains en mains&#8230;\u00a0<\/p>\n<p>18:00<br class=\"jsx-494582681\"\/> 1 juin 2025LES IMAGES DE LA COMMUNION<\/p>\n<p>Les joueurs se passent la coupe et pr\u00e9sentent le troph\u00e9e \u00e0 leurs supporters. L&rsquo;ambiance est \u00e9lectrique sur les Champs-\u00c9lys\u00e9es<\/p>\n<p>Les Parisiens communient avec leurs supportersSource : Edition sp\u00e9ciale &#8211; Paris en f\u00eate<\/p>\n<p><img decoding=\"async\" src=\"https:\/\/www.europesays.com\/fr\/wp-content\/uploads\/2025\/06\/les-parisiens-communient-avec-leurs-supporters-41de23-0@1x.jpeg\" alt=\"Les Parisiens communient avec leurs supporters\" loading=\"lazy\" importance=\"low\" fetchpriority=\"low\" class=\"\"\/><img decoding=\"async\" src=\"https:\/\/www.europesays.com\/fr\/wp-content\/uploads\/2025\/04\/player-logo-play.svg.svg+xml\" alt=\"Logo lecture\" class=\"jsx-d0de44c05fe3042c PlayerLazyload__Play\"\/>17:58<br class=\"jsx-494582681\"\/> 1 juin 2025&Prime;MARQUI\u00a0\u00bb PREND LE MICRO <\/p>\n<p>La capitaine Marquinhos prend le micro et harangue le public avec le \u00ab\u00a0champion mon fr\u00e8re\u00a0\u00bb. \u00ab\u00a0On est champions\u00a0\u00bb, reprennent les fans extatiques.\u00a0<\/p>\n<p>17:51<br class=\"jsx-494582681\"\/> 1 juin 2025LES JOUEURS VIBRENT <\/p>\n<p>Aux c\u00f4t\u00e9s de leur pr\u00e9sident Nasser Al-Khela\u00effi, les joueurs et membre du staff du PSG savourent cette communion avec leurs supporters.<\/p>\n<blockquote data-testid=\"EmbedTwitter\" id=\"tweet-1929203343223656836-:R3j8acmamij9n79m:\" class=\"jsx-aeff1a1c40f54d7a twitter-tweet flex justify-center items-center\"><p>\ud83e\udd29\ud83e\udd29\ud83e\udd29\ud83e\udd29\ud83e\udd29  pic.twitter.com\/uD6QUmdZfP \u2014 Paris Saint-Germain (@PSG_inside)  June 1, 2025<\/p><\/blockquote>\n<p>17:35<br class=\"jsx-494582681\"\/> 1 juin 2025LE TEMPS DE PRENDRE SON TEMPS<\/p>\n<p>Contrairement \u00e0 2018, lors du sacre mondial des Bleus, les bus parisiens remontent lentement la plus grande avenue du monde. Les joueurs et membres du staff parisien savourent ce moment avec leurs supporters.\u00a0<\/p>\n<p>17:31<br class=\"jsx-494582681\"\/> 1 juin 2025UN TITRE IN\u00c9DIT POUR L&rsquo;OCCASION <\/p>\n<p>Le DJ fan du PSG a sorti un titre in\u00e9dit avec Niska, apr\u00e8s la victoire du club parisien, samedi soir. Les artistes sont pressentis pour animer le show au Parc des Princes ce dimanche soir, en pr\u00e9sence des joueurs.<\/p>\n<p>Culture, m\u00e9dias et divertissement<img decoding=\"async\" src=\"https:\/\/www.europesays.com\/fr\/wp-content\/uploads\/2025\/06\/dj-snake-et-nasser-a-munich-86975c-0@1x.jpeg\" alt=\"DJ Snake et Nasser al-Khelaifi \u00e0 Munich, le 31 mai 2025 apr\u00e8s la victoire du PSG\" loading=\"lazy\" importance=\"low\" fetchpriority=\"low\" class=\"\" aria-hidden=\"true\"\/><\/p>\n<p>Publi\u00e9 hier \u00e0 14h39<\/p>\n<p>17:25<br class=\"jsx-494582681\"\/> 1 juin 2025LES PARISIENS REMONTENT LES CHAMPS<\/p>\n<p>Les Parisiens remontent la plus belle avenue du monde et pr\u00e9sentent la coupe aux grandes oreilles \u00e0 leurs supporters.\u00a0<\/p>\n<p>17:24<br class=\"jsx-494582681\"\/> 1 juin 2025BUS \u00c0 IMP\u00c9RIALE<\/p>\n<p>Les Parisiens sont mont\u00e9s dans deux bus \u00e0 imp\u00e9riale et commencent \u00e0 remonter les Champs-\u00c9lys\u00e9es. Un important dispositif policier est d\u00e9ploy\u00e9 autour des v\u00e9hicules.\u00a0<\/p>\n<p>17:18<br class=\"jsx-494582681\"\/> 1 juin 2025LES CARS EN APPROCHE<\/p>\n<p>Le cort\u00e8ge du PSG est entr\u00e9 dans Paris et n&rsquo;est plus qu&rsquo;\u00e0 quelques rues des Champs-\u00c9lys\u00e9es.\u00a0<\/p>\n<p>17:13<br class=\"jsx-494582681\"\/> 1 juin 2025DEMB\u00c9L\u00c9 MEILLEUR JOUEUR DE LA C1<\/p>\n<p>Encore brillant hier, Ousmane Demb\u00e9l\u00e9 a \u00e9t\u00e9 sacr\u00e9 meilleur joueur de cette saison de Ligue des champions. Une \u00e9tape suppl\u00e9mentaire dans sa qu\u00eate d&rsquo;un possible Ballon d&rsquo;Or.<\/p>\n<p>En plus de l&rsquo;ailier fran\u00e7ais, six autres joueurs du club de la capitale figurent dans le XI type de la comp\u00e9tition : Donnarumma, Hakimi, Marquinhos, Nuno Mendes, Vitinha et D\u00e9sir\u00e9 Dou\u00e9.\u00a0Rice (Arsenal), Raphinha et Yamal (Barcelone) ainsi que Acerbi (Inter Milan) compl\u00e8tent cette formation.\u00a0<\/p>\n<blockquote data-testid=\"EmbedTwitter\" id=\"tweet-1929190212820754824-:R3j9qcmamij9n79m:\" class=\"jsx-aeff1a1c40f54d7a twitter-tweet flex justify-center items-center\"><p>\ud83c\udfc6 UEFA Champions League Player of the Season: Ousmane Demb\u00e9l\u00e9! \ud83d\udc4f #UCL |  @PSG_inside pic.twitter.com\/1BQFl4Ficf \u2014 UEFA Champions League (@ChampionsLeague)  June 1, 2025<\/p><\/blockquote>\n<p>16:58<br class=\"jsx-494582681\"\/> 1 juin 2025LA PLUS BELLE AVENUE DU MONDE<\/p>\n<p>Alors que les bus sont en route, la fan zone des Champs-\u00c9lys\u00e9es continue de se remplir avant la parade du PSG.\u00a0<\/p>\n<p><img decoding=\"async\" src=\"https:\/\/www.europesays.com\/fr\/wp-content\/uploads\/2025\/06\/des-dizaines-de-milliers-de-personnes-se-massent-sur-le-champs-elysees-253cf8-0@1x.jpeg\" alt=\"Des dizaines de milliers de personnes se massent sur le Champs-\u00c9lys\u00e9es.  - Guillaume SOUVANT \/ AFP\" loading=\"lazy\" importance=\"low\" fetchpriority=\"low\" class=\"\"\/>Des dizaines de milliers de personnes se massent sur le Champs-\u00c9lys\u00e9es.  &#8211; Guillaume SOUVANT \/ AFP16:53<br class=\"jsx-494582681\"\/> 1 juin 2025UN \u00c9QUIPAGE AUX ANGES<\/p>\n<p>L&rsquo;\u00e9quipage de l&rsquo;avion affr\u00e9t\u00e9 pour ramener le PSG en France a \u00e9galement pu profiter de la coupe aux grandes oreilles&#8230;\u00a0<\/p>\n<blockquote data-testid=\"EmbedTwitter\" id=\"tweet-1929187010805129246-:R3jaacmamij9n79m:\" class=\"jsx-aeff1a1c40f54d7a twitter-tweet flex justify-center items-center\"><p>Un vol historique \u2708\ufe0f\ud83c\udfc6 @qatarairways pic.twitter.com\/wgcG4toTnC \u2014 Paris Saint-Germain (@PSG_inside)  June 1, 2025<\/p><\/blockquote>\n<p>16:45<br class=\"jsx-494582681\"\/> 1 juin 2025LE CONVOI A QUITT\u00c9 ROISSY<\/p>\n<p>Le convoi du PSG &#8211; deux bus et un important dispositif de s\u00e9curit\u00e9 &#8211; a quitt\u00e9 Roissy. Pour l&rsquo;occasion, les forces de l&rsquo;ordre ont neutralis\u00e9 la circulation sur l&rsquo;itin\u00e9raire.\u00a0De nombreux supporters, drapeaux et fumig\u00e8nes en main, suivent ce v\u00e9hicules.\u00a0<\/p>\n<p>16:36<br class=\"jsx-494582681\"\/> 1 juin 2025LA COUPE AUX GRANDES OREILLES BIEN ACCROCH\u00c9E<\/p>\n<p>La coupe aux grandes oreilles a voyag\u00e9 entre Allemagne et France en toute s\u00e9curit\u00e9&#8230;\u00a0<\/p>\n<blockquote data-testid=\"EmbedTwitter\" id=\"tweet-1929181453583085816-:R3jaqcmamij9n79m:\" class=\"jsx-aeff1a1c40f54d7a twitter-tweet flex justify-center items-center\"><p>Attachez votre ceinture \ud83c\udfc6 @qatarairways pic.twitter.com\/KmbUlDpHwI \u2014 Paris Saint-Germain (@PSG_inside)  June 1, 2025<\/p><\/blockquote>\n<p>16:35<br class=\"jsx-494582681\"\/> 1 juin 2025LA DESCENTE DE L&rsquo;AVION<\/p>\n<p>Voici les images de la descente de l&rsquo;avion des Parisiens, avec Marquinhos et Nasser Al-Khela\u00effi pour ouvrir la voie.\u00a0<\/p>\n<p>Victoire du PSG : la sortie de l&rsquo;avion des championsSource : Edition sp\u00e9ciale &#8211; Paris en f\u00eate<\/p>\n<p><img decoding=\"async\" src=\"https:\/\/www.europesays.com\/fr\/wp-content\/uploads\/2025\/06\/victoire-du-psg-la-sortie-de-l-avion-des-champions-e37544-0@1x.jpeg\" alt=\"Victoire du PSG : la sortie de l'avion des champions\" loading=\"lazy\" importance=\"low\" fetchpriority=\"low\" class=\"\"\/><img decoding=\"async\" src=\"https:\/\/www.europesays.com\/fr\/wp-content\/uploads\/2025\/04\/player-logo-play.svg.svg+xml\" alt=\"Logo lecture\" class=\"jsx-d0de44c05fe3042c PlayerLazyload__Play\"\/>16:34<br class=\"jsx-494582681\"\/> 1 juin 2025LA JAUGE \u00c0 MOITI\u00c9 PLEINE <\/p>\n<p>\u00ab\u00a0La jauge des Champs \u00c9lys\u00e9es pour la parade est \u00e0 moiti\u00e9 pleine : pour des raisons de s\u00e9curit\u00e9, celle-ci est limit\u00e9e \u00e0 un nombre de places restreint\u00a0\u00bb, indique la pr\u00e9fecture de police de Paris. Pour rappel, 110.000 personnes sont attendues sur place.\u00a0<\/p>\n<blockquote data-testid=\"EmbedTwitter\" id=\"tweet-1929182419170586870-:R3jbacmamij9n79m:\" class=\"jsx-aeff1a1c40f54d7a twitter-tweet flex justify-center items-center\"><p>#PSG | La jauge des  #ChampsElysees pour la parade est \u00e0 moiti\u00e9 pleine : pour des raisons de s\u00e9curit\u00e9, celle-ci est limit\u00e9e \u00e0 un nombre de places restreint.  pic.twitter.com\/ounRPtn0Am \u2014 Pr\u00e9fecture de Police (@prefpolice)  June 1, 2025<\/p><\/blockquote>\n<p>16:30<br class=\"jsx-494582681\"\/> 1 juin 2025DESCENTE DE L&rsquo;AVION<\/p>\n<p>Les joueurs et les membres du staff du PSG sont descendus de l&rsquo;avion \u00e0 Roissy. Ce sont le capitaine Marquinhos et le pr\u00e9sident Nasser Al-Khela\u00effi ont touch\u00e9 le sol en premier, avec la coupe aux grandes oreilles.\u00a0<\/p>\n<p>16:19<br class=\"jsx-494582681\"\/> 1 juin 2025IMAGES DES CHAMPS \u00c9LYS\u00c9ES<\/p>\n<p>Des milliers de personnes se massent sur les Champs-\u00c9lys\u00e9es pour la parade \u00e0 venir du PSG. Une jauge de 110.000 individus est pr\u00e9vue sur place pour l&rsquo;occasion.\u00a0<\/p>\n<p><img decoding=\"async\" src=\"https:\/\/www.europesays.com\/fr\/wp-content\/uploads\/2025\/06\/parade-pour-paris-champions-d-europe-football-1-juin-2025-17f978-0@1x.jpeg\" alt=\"Guillaume Souvant \/ AFP\" loading=\"lazy\" importance=\"low\" fetchpriority=\"low\" class=\"\"\/>Guillaume Souvant \/ AFP16:03<br class=\"jsx-494582681\"\/> 1 juin 2025LE PSG \u00c0 ROISSY<\/p>\n<p>L&rsquo;avion du PSG a atterri peu avant 16h \u00e0 Roissy-Charles de Gaulle.\u00a0<\/p>\n<blockquote data-testid=\"EmbedTwitter\" id=\"tweet-1929169672101896370-:R3jc2cmamij9n79m:\" class=\"jsx-aeff1a1c40f54d7a twitter-tweet flex justify-center items-center\"><p>Munich \u27a1\ufe0f Paris \u2708\ufe0f\ud83c\udfc6 @qatarairways pic.twitter.com\/JLgNn4Kuux \u2014 Paris Saint-Germain (@PSG_inside)  June 1, 2025<\/p><\/blockquote>\n<p>15:48<br class=\"jsx-494582681\"\/> 1 juin 2025\u00c9DITION SP\u00c9CIALE<\/p>\n<p>Une \u00e9dition sp\u00e9ciale est pr\u00e9vue \u00e0 partir de 16h sur TF1 et LCI pour suivre les festivit\u00e9s apr\u00e8s le sacre du PSG.\u00a0<\/p>\n<blockquote data-testid=\"EmbedTwitter\" id=\"tweet-1928917006037758366-:R3jcacmamij9n79m:\" class=\"jsx-aeff1a1c40f54d7a twitter-tweet flex justify-center items-center\"><p>\ud83d\udd34 Ce dimanche 1er juin \u00e0 partir de 16h \ud83d\udcfa\ud83d\udcf2 En direct sur  @TF1 @LCI &amp;  @tf1plus \u26bd\ud83c\udfc6\ud83c\udf89 Suivez notre \u00e9dition sp\u00e9ciale \u00ab\u00a0Paris en f\u00eate\u00a0\u00bb pr\u00e9sent\u00e9e par  @ACCoudray &amp;  @Bruce_Toussaint , avec de prestigieux invit\u00e9s et tous nos envoy\u00e9s sp\u00e9ciaux  pic.twitter.com\/eSqKFm8EnV \u2014 TF1Info (@TF1Info)  May 31, 2025<\/p><\/blockquote>\n<p>15:37<br class=\"jsx-494582681\"\/> 1 juin 2025LES SUPPORTERS ATTENDENT LEURS H\u00c9ROS<\/p>\n<p>Les Champs \u00c9lys\u00e9es se remplissent progressivement dans une chaude ambiance.\u00a0<\/p>\n<blockquote data-testid=\"EmbedTwitter\" id=\"tweet-1929167239598535095-:R3jcicmamij9n79m:\" class=\"jsx-aeff1a1c40f54d7a twitter-tweet flex justify-center items-center\"><p>#PsgInter Les Champs vibrent pour PSG, les supporters attendent l\u2019arriv\u00e9e des joueurs en chantant. C\u2019est \u00e0 16h, \u00e0 suivre en \u00e9dition sp\u00e9ciale sur  #TF1 @TF1Info #ParisSaintGermain pic.twitter.com\/JOH3sJofcL \u2014 Charline Hurel (@Charlinehurel)  June 1, 2025<\/p><\/blockquote>\n<p>Voir plus<\/p>\n<p>15:24<br class=\"jsx-494582681\"\/> 1 juin 2025LES INTERNATIONAUX DU PSG ATTENDUS LUNDI \u00c0 CLAIREFONTAINE<\/p>\n<p>Ousmane Demb\u00e9l\u00e9, Bradley Barcola, Lucas Hernandez, D\u00e9sir\u00e9 Dou\u00e9 et Warren Za\u00efre-Emery sont attendus lundi soir \u00e0 Clairefontaine, rapporte Saber Desfarges. C\u00f4t\u00e9 Inter Milan, Marcus Thuram et Benjamin Pavard doivent \u00e9galement rejoindre les Bleus demain.\u00a0<\/p>\n<blockquote data-testid=\"EmbedTwitter\" id=\"tweet-1929115873022722059-:R1pgad6amij9n79m:\" class=\"jsx-aeff1a1c40f54d7a twitter-tweet flex justify-center items-center\"><p>La f\u00eate puis les Bleus! Ousmane Dembele, Bradley Barcola, Lucas Hernandez, Desire Dou\u00e9 et Warren Za\u00efre-Emery sont attendus lundi soir \u00e0 Clairefontaine.  Tout comme Marcus Thuram et Benjamin Pavard.  @telefoot_TF1 #PsgInter \u2014 Saber Desfarges (@SaberDesfa)  June 1, 2025<\/p><\/blockquote>\n<p>15:22<br class=\"jsx-494582681\"\/> 1 juin 2025&Prime;BANDE DE PILLEURS\u00a0\u00bb<\/p>\n<p>Le pr\u00e9fet de police de Paris, Laurent Nunez, a fait un point ce dimanche apr\u00e8s les festivit\u00e9s de la nuit cons\u00e9cutives au sacre du PSG en Ligue des champions, contre l&rsquo;Inter Milan, \u00e0 Munich. Il a regrett\u00e9 que de nombreuses personnes soient \u00ab\u00a0manifestement\u00a0\u00bb venues \u00ab\u00a0pour s&rsquo;en prendre aux forces de l&rsquo;ordre\u00a0\u00bb.<\/p>\n<p>Police, justice et faits divers<img decoding=\"async\" src=\"https:\/\/www.europesays.com\/fr\/wp-content\/uploads\/2025\/06\/laurent-nunuez-1er-juin-2025-lci-51d022-0@1x.jpeg\" alt=\"D\u00e9bordements \u00e0 Paris apr\u00e8s la victoire du PSG : le pr\u00e9fet de police d\u00e9nonce &quot;des bandes de pilleurs&quot;\" loading=\"lazy\" importance=\"low\" fetchpriority=\"low\" class=\"\" aria-hidden=\"true\"\/><\/p>\n<p>Publi\u00e9 hier \u00e0 14h47<\/p>\n<p>15:09<br class=\"jsx-494582681\"\/> 1 juin 2025LA COUPE BIENT\u00d4T \u00c0 LA MAISON<\/p>\n<p>La coupe aux grandes oreilles a bien pass\u00e9 les contr\u00f4les de s\u00e9curit\u00e9 \u00e0 l&rsquo;a\u00e9roport de Munich&#8230;<\/p>\n<blockquote data-testid=\"EmbedTwitter\" id=\"tweet-1929146236759679324-:R1pgqd6amij9n79m:\" class=\"jsx-aeff1a1c40f54d7a twitter-tweet flex justify-center items-center\"><p>On vous confirme qu&rsquo;elle rentre avec nous \u00e0 la maison, DIRECTION LA CAPIIIITAAAAALE \ud83d\udeeb\ud83c\udfc6  https:\/\/t.co\/p15AC4lgR2 \u2014 Paris Saint-Germain (@PSG_inside)  June 1, 2025<\/p><\/blockquote>\n<p>15:07<br class=\"jsx-494582681\"\/> 1 juin 2025DES PERTURBATIONS SUR LE M\u00c9TRO PARISIEN<\/p>\n<p>Certaines stations de m\u00e9tros sont ferm\u00e9es ce dimanche, en raison des festivit\u00e9s apr\u00e8s le sacre du PSG en Ligue des champions.\u00a0<\/p>\n<blockquote data-testid=\"EmbedTwitter\" id=\"tweet-1929139664285290744-:R1ph2d6amij9n79m:\" class=\"jsx-aeff1a1c40f54d7a twitter-tweet flex justify-center items-center\"><p>\ud83d\udd34 Victoire du  #PSG : Acc\u00e8s aux m\u00e9tros ferm\u00e9s sur les Champs-\u00c9lys\u00e9es. \ud83d\udc49 La parade des joueurs d\u00e9butera \u00e0 17h00. Les acc\u00e8s aux trois boxes ouvriront \u00e0 14h30, avec une jauge fix\u00e9e \u00e0 110.000 personnes. (Officiel)  #LDC2025 pic.twitter.com\/b5oqI4x4Pl \u2014 FLASH INFO Ile-de-France (@info_Paris_IDF)  June 1, 2025<\/p><\/blockquote>\n<p>14:10<br class=\"jsx-494582681\"\/> 1 juin 2025F\u00c9LICITATIONS DES ANCIENS <\/p>\n<p>Le Paris Saint-Germain re\u00e7oit de nombreuses marques de soutien de la part de ses anciens. Voici un petit floril\u00e8ge, notamment <a href=\"https:\/\/www.instagram.com\/p\/DKVbM6duDJK\/?img_index=1\" target=\"_blank\" rel=\"noopener\">avec Ronaldinho (nouvelle fen\u00eatre)<\/a> qui a adress\u00e9 ses f\u00e9licitations \u00e0 son ex-club en citant Nasser, le capitaine Marquinhos et Demb\u00e9l\u00e9. Sur Instagram, Marco Verratti a repartag\u00e9 la publication du PSG avec un c\u0153ur et Blaise Matuidi a post\u00e9 plusieurs stories, dont \u00ab\u00a0Paris je t&rsquo;aime\u00a0\u00bb. <a href=\"https:\/\/x.com\/tsilva3\/status\/1928925984285168031\" target=\"_blank\">Tiago Silva (nouvelle fen\u00eatre)<\/a> et <a href=\"https:\/\/x.com\/PochoLavezzi\/status\/1928923836084351075\" target=\"_blank\">Ezequiel Lavezzi (nouvelle fen\u00eatre)<\/a> ne sont pas en reste puisque les deux anciens de Paris ont transmis leurs \u00ab\u00a0f\u00e9licitations\u00a0\u00bb sur leurs r\u00e9seaux sociaux.<\/p>\n<p>12:51<br class=\"jsx-494582681\"\/> 1 juin 2025&Prime;DEMB\u00c9L\u00c9 M\u00c9RITE LE BALLON D&rsquo;OR\u00a0\u00bb<\/p>\n<p>Pour Luis Enrique, c&rsquo;est clair et net, \u00ab\u00a0Ousmane Demb\u00e9l\u00e9 m\u00e9rite le Ballon d&rsquo;Or\u00a0\u00bb apr\u00e8s la finale contre l&rsquo;Inter Milan. \u00ab\u00a0Juste pour la fa\u00e7on dont il a d\u00e9fendu dans cette finale, je donnerai le Ballon d&rsquo;Or \u00e0 M. Ousmane Demb\u00e9l\u00e9. C&rsquo;est cela diriger une \u00e9quipe avec humilit\u00e9, avec leadership. Et je crois sinc\u00e8rement qu&rsquo;il m\u00e9rite le Ballon d&rsquo;Or\u00a0\u00bb, a affirm\u00e9 l&rsquo;entraineur du PSG, cit\u00e9 par <a href=\"https:\/\/x.com\/beinsports_FR\/status\/1929055770378694839\" target=\"_blank\">Bein Sports (nouvelle fen\u00eatre)<\/a>. \u00ab\u00a0Pas seulement pour les titres gagn\u00e9s, pas seulement pour les buts, mais pour la fa\u00e7on dont il a press\u00e9, il l&rsquo;a fait toute la saison, mais de fa\u00e7on exceptionnelle dans cette finale.\u00a0\u00bb<\/p>\n<p>12:44<br class=\"jsx-494582681\"\/> 1 juin 2025UNE JAUGE DE 110.000 PERSONNES<\/p>\n<p>Le pr\u00e9fet indique que la police de Paris n&rsquo;est seulement qu&rsquo;\u00e0 la moiti\u00e9 de l&rsquo;\u00e9v\u00e9nement, puisqu&rsquo;est attendue la parade des joueurs sur les Champs Elys\u00e9es. \u00ab\u00a0La jauge pour la parade des joueurs est fix\u00e9e \u00e0 110.000 personnes\u00a0\u00bb, au del\u00e0 de laquelle le p\u00e9rim\u00e8tre sera verrouill\u00e9, selon Laurent Nunez. Les spectateurs seront palp\u00e9s et fouill\u00e9s pour des mesures de s\u00e9curit\u00e9. L&rsquo;acc\u00e8s \u00e0 la parade est possible d\u00e8s 14h30.\u00a0<\/p>\n<p>12:25<br class=\"jsx-494582681\"\/> 1 juin 2025UNE PARADE SOUS HAUTE SECURIT\u00c9<\/p>\n<p>Le pr\u00e9fet de police de Paris Laurent Nu\u00f1ez s&rsquo;appr\u00eate \u00e0 s&rsquo;exprimer, quelques heures avant la parade des joueurs qui constitue un nouveau d\u00e9fi en terme s\u00e9curitaire pour la police. Il va d\u00e9tailler \u00e0 l&rsquo;occasion d&rsquo;un point presse le dispositif de s\u00e9curit\u00e9 mis en place (voir carte plus bas) pour la d\u00e9ambulation des joueurs.<\/p>\n<p>11:58<br class=\"jsx-494582681\"\/> 1 juin 2025UN SHOW AU PARC <\/p>\n<p>La c\u00e9l\u00e9bration continue apr\u00e8s la parade sur les Champs Elys\u00e9es et la rencontre du club avec Emmanuel Macron, \u00e0 l&rsquo;Elys\u00e9e. Un \u00ab\u00a0show musical exceptionnel avec des artistes de renom\u00a0\u00bb est pr\u00e9vu au Parc des Princes. Dj Snake est pressenti, puisqu&rsquo;il a sorti un titre in\u00e9dit avec le rappeur Niska au moment du sacre parisien, \u00ab\u00a0PSG Boyz Freestyle\u00a0\u00bb. Le parc doit ouvrir ses portes \u00e0 19h30, alors que les places ont \u00e9t\u00e9 vendues en un temps record, \u00e9coul\u00e9es en priorit\u00e9 \u00e0 l&rsquo;intention des abonn\u00e9s et dans un second temps pour les membres du programme de fid\u00e9lit\u00e9 MyParis.\u00a0<\/p>\n<p>10:44<br class=\"jsx-494582681\"\/> 1 juin 2025PARADE SUR LES CHAMPS <\/p>\n<p>La pr\u00e9fecture de police a d\u00e9taill\u00e9 les acc\u00e8s ouverts pour assister \u00e0 la parade du PSG, ce dimanche sur les Champs Elys\u00e9es. Il est pr\u00e9vu une d\u00e9ambulation des joueurs de 17h \u00e0 18h, dans un p\u00e9rim\u00e8tre tr\u00e8s encadr\u00e9.\u00a0<\/p>\n<blockquote data-testid=\"EmbedTwitter\" id=\"tweet-1929093867262857665-:R1piid6amij9n79m:\" class=\"jsx-aeff1a1c40f54d7a twitter-tweet flex justify-center items-center\"><p>#PSG | \u26a0\ufe0f L&rsquo;acc\u00e8s \u00e0 la parade se fera du c\u00f4t\u00e9 sud de l&rsquo;avenue des  #Champs\u00c9lys\u00e9es . Ouverture des boxes \u00e0 partir de 14h30 : Boxe 1\u20e3 : acc\u00e8s rue Marbeuf Boxe 2\u20e3 : acc\u00e8s rue Lincoln et avenue Georges V Boxe 3\u20e3 : acc\u00e8s avenue Georges V et rue Galil\u00e9e  pic.twitter.com\/1xL5fGvpNJ \u2014 Pr\u00e9fecture de Police (@prefpolice)  June 1, 2025<\/p><\/blockquote>\n<p>10:18<br class=\"jsx-494582681\"\/> 1 juin 2025REVUE DE PRESSE<\/p>\n<p>Le sacre du PSG est salu\u00e9 dans toute l&rsquo;Europe et m\u00eame outre-Atlantique. Il a \u00e9t\u00e9 rendu possible gr\u00e2ce \u00e0 l&rsquo;entra\u00eeneur Luis Enrique et \u00e0 l&rsquo;attaquant D\u00e9sir\u00e9 Dou\u00e9, dont la presse internationale chante les louanges.<\/p>\n<p>Sports<img decoding=\"async\" src=\"https:\/\/www.europesays.com\/fr\/wp-content\/uploads\/2025\/06\/les-joueurs-du-psg-avec-le-trophee-de-la-ligue-des-champions-9d4c67-1@1x.jpeg\" alt=\"Les joueurs du PSG avec le troph\u00e9e de la Ligue des champions\" loading=\"lazy\" importance=\"low\" fetchpriority=\"low\" class=\"\" aria-hidden=\"true\"\/><\/p>\n<p>Publi\u00e9 hier \u00e0 9h02<\/p>\n<p>09:28<br class=\"jsx-494582681\"\/> 1 juin 2025DJOKO POUR PARIS<\/p>\n<p>L&rsquo;heure est \u00e0 la f\u00eate aussi dans le monde du tennis. \u00ab\u00a0Une bonne soir\u00e9e \u00e0 Paris. (pas seulement dans le football)\u00a0\u00bb, s&rsquo;est r\u00e9joui Novak Djokovic sur ses <a href=\"https:\/\/x.com\/DjokerNole\/status\/1928926324506128887\" target=\"_blank\">r\u00e9seaux sociaux (nouvelle fen\u00eatre)<\/a> apr\u00e8s avoir gagn\u00e9 son match \u00e0 Roland-Garros face \u00e0 Filip Misolic. Un clin d&rsquo;\u0153il appuy\u00e9 \u00e0 la victoire du club parisien, qu&rsquo;il avait dit supporter en finale de la Ligue des champions.<\/p>\n<p>08:30<br class=\"jsx-494582681\"\/> 1 juin 2025LA RATP SALUE L&rsquo;EXPLOIT DU PSG<\/p>\n<p>Pour saluer la victoire du PSG, la RATP a d\u00e9cid\u00e9 de renommer la station Europe en&#8230; Champions d&rsquo;Europe !<\/p>\n<blockquote data-testid=\"EmbedTwitter\" id=\"tweet-1929043354831946161-:R1pjad6amij9n79m:\" class=\"jsx-aeff1a1c40f54d7a twitter-tweet flex justify-center items-center\"><p>Ils l&rsquo;ont fait \ud83c\udfc6! Le  @PSG_inside a remport\u00e9 la  #ChampionsLeague \u26bd\ufe0f! Pour cette occasion historique, la station Europe sur la  #ligne3 #RATP devient la station Champions d&rsquo;Europe \ud83c\uddea\ud83c\uddfa !  #icicestParis pic.twitter.com\/CqwSEbqn8H \u2014 Ligne 3 (@Ligne3_RATP)  June 1, 2025<\/p><\/blockquote>\n<p>08:28<br class=\"jsx-494582681\"\/> 1 juin 2025UN SUPPORTER FRAN\u00c7AIS RACONTE SON MATCH<\/p>\n<p>Ce supporter a fait 900 km jusqu&rsquo;\u00e0 Munich pour assister au match hier soir. Il raconte sur LCI ce qu&rsquo;il a v\u00e9cu.<\/p>\n<p>Un supporter fran\u00e7ais raconte le matchSource : TF1 Info<\/p>\n<p><img decoding=\"async\" src=\"https:\/\/www.europesays.com\/fr\/wp-content\/uploads\/2025\/06\/un-supporter-francais-raconte-le-match-84c49d-0@1x.jpeg\" alt=\"Un supporter fran\u00e7ais raconte le match\" loading=\"lazy\" importance=\"low\" fetchpriority=\"low\" class=\"\"\/><img decoding=\"async\" src=\"https:\/\/www.europesays.com\/fr\/wp-content\/uploads\/2025\/04\/player-logo-play.svg.svg+xml\" alt=\"Logo lecture\" class=\"jsx-d0de44c05fe3042c PlayerLazyload__Play\"\/>07:58<br class=\"jsx-494582681\"\/> 1 juin 2025LES MOTS DE MARQUINHOS<\/p>\n<p>Le capitaine br\u00e9silien du PSG Marquinhos a comment\u00e9, tr\u00e8s \u00e9mu, la victoire de son club : \u00ab\u00a0Le d\u00e9roulement du match, l&rsquo;\u00e9quipe qui courait comme \u00e7a, qui jouait bien, qui d\u00e9fendait et attaquait ensemble&#8230; Je pense que tout le monde est fier de cette \u00e9quipe et, moi, j&rsquo;\u00e9tais le plus fier. (&#8230;) C&rsquo;est un moment de gloire, tout le monde m\u00e9rite vraiment de savourer ce titre.\u00a0\u00bb<\/p>\n<p>07:27<br class=\"jsx-494582681\"\/> 1 juin 2025D\u00c9BUT DU D\u00c9FIL\u00c9 \u00c0 17H<\/p>\n<p>110.000 personnes vont pouvoir assister \u00e0 la parade des joueurs du PSG sur les Champs-\u00c9lys\u00e9es. Mais pour tous les autres supporters, le club de la capitale a d\u00e9j\u00e0 tout pr\u00e9vu : un maillot collector est d&rsquo;ores et d\u00e9j\u00e0 en vente.<\/p>\n<p>Le programme du PSG ce 1er juin 2025Source : TF1 Info<\/p>\n<p><img decoding=\"async\" src=\"https:\/\/www.europesays.com\/fr\/wp-content\/uploads\/2025\/06\/le-programme-du-psg-ce-1er-juin-2025-9a3af6-0@1x.jpeg\" alt=\"Le programme du PSG ce 1er juin 2025\" loading=\"lazy\" importance=\"low\" fetchpriority=\"low\" class=\"\"\/><img decoding=\"async\" src=\"https:\/\/www.europesays.com\/fr\/wp-content\/uploads\/2025\/04\/player-logo-play.svg.svg+xml\" alt=\"Logo lecture\" class=\"jsx-d0de44c05fe3042c PlayerLazyload__Play\"\/>07:13<br class=\"jsx-494582681\"\/> 1 juin 2025UNE FINALE DE L\u00c9GENDE<\/p>\n<p>Les supporters parisiens ont v\u00e9cu une soir\u00e9e de r\u00eave samedi. Partout dans la capitale, la joie a envahi les rues \u00e0 chaque but marqu\u00e9 par les joueurs du PSG. Une victoire qui restera longtemps dans les m\u00e9moires, comme le montrent les images ci-dessous.<\/p>\n<p>Paris champion d&rsquo;Europe : une finale de l\u00e9gendeSource : TF1 Info<\/p>\n<p><img decoding=\"async\" src=\"https:\/\/www.europesays.com\/fr\/wp-content\/uploads\/2025\/06\/paris-champion-d-europe-une-finale-de-legende-3a2ffd-0@1x.jpeg\" alt=\"Paris champion d'Europe : une finale de l\u00e9gende\" loading=\"lazy\" importance=\"low\" fetchpriority=\"low\" class=\"\"\/><img decoding=\"async\" src=\"https:\/\/www.europesays.com\/fr\/wp-content\/uploads\/2025\/04\/player-logo-play.svg.svg+xml\" alt=\"Logo lecture\" class=\"jsx-d0de44c05fe3042c PlayerLazyload__Play\"\/>07:11<br class=\"jsx-494582681\"\/> 1 juin 2025PROGRAMME DES FESTIVIT\u00c9S<\/p>\n<p>Parade sur les Champs-\u00c9lys\u00e9es avant une r\u00e9ception par Emmanuel Macron&#8230; Le programme qui attend les joueurs du PSG ce dimanche est charg\u00e9. Les festivit\u00e9s seront \u00e0 suivre \u00e0 partir de 16h sur TF1 et LCI et toute la journ\u00e9e sur TF1info.<\/p>\n<p>Sports<img decoding=\"async\" src=\"https:\/\/www.europesays.com\/fr\/wp-content\/uploads\/2025\/06\/la-joie-des-supporters-parisiens-apres-le-sacre-europeen-du-club-223400-0@1x.jpeg\" alt=\"La joie des supporters parisiens apr\u00e8s le sacre europ\u00e9en du club. \" loading=\"lazy\" importance=\"low\" fetchpriority=\"low\" class=\"\" aria-hidden=\"true\"\/><\/p>\n<p>Publi\u00e9 hier \u00e0 1h17<\/p>\n<p>07:10<br class=\"jsx-494582681\"\/> 1 juin 2025BIENVENUE<\/p>\n<p>Bonjour et bienvenue \u00e0 tous dans ce direct consacr\u00e9 aux festivit\u00e9s du jour apr\u00e8s la victoire du PSG en finale de la Ligue des champions.<\/p>\n<p data-module=\"article-paragraph\" class=\"jsx-362436225 Paragraph\">C&rsquo;est historique, <a href=\"https:\/\/www.tf1info.fr\/sport\/direct-psg-inter-milan-live-football-les-dernieres-infos-avant-la-finale-de-la-ligue-des-champions-ajourd-hui-samedi-31-mai-2025-2374074.html\" target=\"_blank\" rel=\"noopener\">le Paris Saint-Germain a remport\u00e9 sa premi\u00e8re Ligue des champions.<\/a> Les Parisiens se sont impos\u00e9s, samedi 31 mai, en finale face \u00e0 l&rsquo;Inter Milan, lors d&rsquo;une rencontre domin\u00e9e par les joueurs de la capitale. Pour f\u00eater cet \u00e9v\u00e9nement, les r\u00e9dactions de TF1 et de LCI vous proposent une \u00e9mission sp\u00e9ciale, dimanche, \u00e0 partir de 16h. Un dispositif exceptionnel autour d&rsquo;Anne-Claire Coudray et Bruce Toussaint est mis en place pour faire partager aux t\u00e9l\u00e9spectateurs la grande f\u00eate populaire organis\u00e9e en l&rsquo;honneur des champions d&rsquo;Europe.<\/p>\n<p data-module=\"article-paragraph\" class=\"jsx-362436225 Paragraph\">Tous nos envoy\u00e9s sp\u00e9ciaux seront dispos\u00e9s autour de l\u2019Arc de Triomphe et sur les Champs-\u00c9lys\u00e9es pour suivre la grande parade des joueurs. Ils d\u00e9fileront sur des bus \u00e0 imp\u00e9riale sur la plus belle avenue du monde, en pr\u00e9sence d\u2019un public tr\u00e8s nombreux venu c\u00e9l\u00e9brer ses h\u00e9ros.\u00a0<\/p>\n<p data-module=\"article-paragraph\" class=\"jsx-362436225 Paragraph Paragraph__End\">De nombreux invit\u00e9s prestigieux, anciens joueurs et anciennes joueuses, personnalit\u00e9s du monde du football, fans embl\u00e9matiques du club et sp\u00e9cialistes, seront re\u00e7us en plateau pour livrer leur analyse et leur \u00e9motion apr\u00e8s cette victoire historique pour le PSG, 32 ans apr\u00e8s celle de son rival marseillais.\u00a0<\/p>\n<p>Une parade en plusieurs temps<\/p>\n<p data-module=\"article-paragraph\" class=\"jsx-362436225 Paragraph Paragraph__End\">Attendus dans l&rsquo;apr\u00e8s-midi \u00e0 l&rsquo;a\u00e9roport Roissy Charles-de-Gaulles dans l&rsquo;apr\u00e8s-midi, les joueurs du PSG d\u00e9fileront sur les Champs-\u00c9lys\u00e9es avant de rejoindre le Parc des Princes. Ils seront \u00e9galement re\u00e7us par le pr\u00e9sident de la R\u00e9publique, Emmanuel Macron, \u00e0 l&rsquo;\u00c9lys\u00e9e. Cette grande liesse populaire \u00e9tait d\u00e9sir\u00e9e par le club de la capitale, qui en a fait la demande depuis de nombreux jours.\u00a0<\/p>\n<p>Thibault JEANNIN<\/p>\n<p>Sur le<br \/><strong> m\u00eame th\u00e8me<\/strong><\/p>\n<ul data-testid=\"ArticleBounceFolder__Topic_List\" class=\"jsx-1022749407 ArticleBounceFolder__List_Topic flex flex-column\">\n<li class=\"jsx-1022749407 ArticleBounceFolder__List_Topic_Item\"><a href=\"https:\/\/www.tf1info.fr\/actualite\/football-ligue-des-champions-2024-2025-une-nouvelle-ere-s-ouvre-psg-lille-monaco-brest-real-madrid-machester-city-13795\/\" rel=\"noopener\" class=\"jsx-3118104007 Link jsx-1428418400 jsx-2089987738\" target=\"_blank\">\n<p>SportsLe PSG remporte sa premi\u00e8re Ligue des champions<\/p>\n<p><\/a><\/li>\n<\/ul>\n<p>Voir plus<\/p>\n<p>Tout<br \/><strong> TF1 Info<\/strong><\/p>\n<p>Les + lusDerni\u00e8re minuteTendance<\/p>\n<ol class=\"jsx-3116133996 Breadcrumb__Wrapper\">\n<li class=\"jsx-3116133996 Breadcrumb__Element\"><a href=\"https:\/\/www.tf1info.fr\/\" rel=\"noopener\" class=\"jsx-3118104007 Link\" target=\"_blank\">Accueil<\/a><\/li>\n<li class=\"jsx-3116133996 Breadcrumb__Element\">&#8211;<a href=\"https:\/\/www.tf1info.fr\/sport\/\" rel=\"noopener\" class=\"jsx-3118104007 Link\" target=\"_blank\">Sports<\/a><\/li>\n<li class=\"jsx-3116133996 Breadcrumb__Element\">-EN DIRECT &#8211; Le PSG champion d&rsquo;Europe : les Parisiens pr\u00e9sentent le troph\u00e9e au Parc des Princes<\/li>\n<\/ol>\n<p><script async src=\"https:\/\/platform.twitter.com\/widgets.js\" charset=\"utf-8\"><\/script><script async src=\"\/\/www.instagram.com\/embed.js\"><\/script><\/p>\n","protected":false},"excerpt":{"rendered":"Pour la premi\u00e8re fois de son histoire, le PSG a remport\u00e9 la Ligue des champions.Les Parisiens ont battu&hellip;\n","protected":false},"author":2,"featured_media":145374,"comment_status":"","ping_status":"","sticky":false,"template":"","format":"standard","meta":{"footnotes":""},"categories":[1888],"tags":[1111,1928,11,1927,1921,1777,674,63,1011,27,1922,27087,12,1926,626,1925,93,25,199,133,4712],"class_list":{"0":"post-145373","1":"post","2":"type-post","3":"status-publish","4":"format-standard","5":"has-post-thumbnail","7":"category-paris","8":"tag-actu","9":"tag-actu-paris","10":"tag-actualites","11":"tag-actualites-paris","12":"tag-article-video","13":"tag-eu","14":"tag-europe","15":"tag-football","16":"tag-fr","17":"tag-france","18":"tag-info","19":"tag-le-psg-remporte-sa-premiere-ligue-des-champions","20":"tag-news","21":"tag-news-paris","22":"tag-paris","23":"tag-paris-news","24":"tag-psg","25":"tag-republique-francaise","26":"tag-tf1","27":"tag-video","28":"tag-video-sports"},"share_on_mastodon":{"url":"https:\/\/pubeurope.com\/@fr\/114611380147454579","error":""},"_links":{"self":[{"href":"https:\/\/www.europesays.com\/fr\/wp-json\/wp\/v2\/posts\/145373","targetHints":{"allow":["GET"]}}],"collection":[{"href":"https:\/\/www.europesays.com\/fr\/wp-json\/wp\/v2\/posts"}],"about":[{"href":"https:\/\/www.europesays.com\/fr\/wp-json\/wp\/v2\/types\/post"}],"author":[{"embeddable":true,"href":"https:\/\/www.europesays.com\/fr\/wp-json\/wp\/v2\/users\/2"}],"replies":[{"embeddable":true,"href":"https:\/\/www.europesays.com\/fr\/wp-json\/wp\/v2\/comments?post=145373"}],"version-history":[{"count":0,"href":"https:\/\/www.europesays.com\/fr\/wp-json\/wp\/v2\/posts\/145373\/revisions"}],"wp:featuredmedia":[{"embeddable":true,"href":"https:\/\/www.europesays.com\/fr\/wp-json\/wp\/v2\/media\/145374"}],"wp:attachment":[{"href":"https:\/\/www.europesays.com\/fr\/wp-json\/wp\/v2\/media?parent=145373"}],"wp:term":[{"taxonomy":"category","embeddable":true,"href":"https:\/\/www.europesays.com\/fr\/wp-json\/wp\/v2\/categories?post=145373"},{"taxonomy":"post_tag","embeddable":true,"href":"https:\/\/www.europesays.com\/fr\/wp-json\/wp\/v2\/tags?post=145373"}],"curies":[{"name":"wp","href":"https:\/\/api.w.org\/{rel}","templated":true}]}}