{"id":145375,"date":"2025-06-02T02:20:11","date_gmt":"2025-06-02T02:20:11","guid":{"rendered":"https:\/\/www.europesays.com\/fr\/145375\/"},"modified":"2025-06-02T02:20:11","modified_gmt":"2025-06-02T02:20:11","slug":"parade-du-psg-sur-les-champs-elysees-les-joueurs-posent-avec-les-forces-de-lordre","status":"publish","type":"post","link":"https:\/\/www.europesays.com\/fr\/145375\/","title":{"rendered":"Parade du PSG sur les Champs-\u00c9lys\u00e9es : les joueurs posent avec les forces de l&rsquo;ordre"},"content":{"rendered":"<p>Les nouveaux champions d&rsquo;Europe ont d\u00e9fil\u00e9 ce dimanche \u00e0 Paris, savourant leur titre d\u00e9croch\u00e9 la veille devant des dizaines de milliers de personnes.Lors de leur parade, ils ont pris quelques minutes pour prendre la pose avec des forces de l&rsquo;ordre et des pompiers, d\u00e9ploy\u00e9s pour garantir la s\u00e9curit\u00e9 de la parade.Samedi soir, des tensions avaient \u00e9clat\u00e9 en marge du match, entra\u00eenant des centaines d&rsquo;interpellations.<a href=\"https:\/\/www.tf1info.fr\/actualite\/football-ligue-des-champions-2024-2025-une-nouvelle-ere-s-ouvre-psg-lille-monaco-brest-real-madrid-machester-city-13795\/\" rel=\"noopener\" class=\"jsx-3118104007 Link jsx-1428418400 jsx-2089987738\" target=\"_blank\"><\/p>\n<p style=\"font-weight:400\" class=\"jsx-1837267516\">Suivez la couverture compl\u00e8te<\/p>\n<p style=\"font-weight:800\" class=\"jsx-1837267516\">Le PSG remporte sa premi\u00e8re Ligue des champions<\/p>\n<p><\/a><\/p>\n<p data-module=\"article-paragraph\" class=\"jsx-362436225 Paragraph\">Apr\u00e8s une soir\u00e9e festive, mais \u00e9maill\u00e9e <a href=\"https:\/\/www.tf1info.fr\/justice-faits-divers\/ligue-des-champions-sacre-du-psg-la-reponse-securitaire-a-la-hauteur-juge-le-ministre-de-l-interieur-apres-les-debordements-2374323.html\" target=\"_blank\" rel=\"noopener\">de tensions dans les rues (nouvelle fen\u00eatre)<\/a>, en particulier \u00e0 Paris, ils semblent avoir voulu passer un message d&rsquo;apaisement. Les joueurs du PSG, qui paradaient dimanche 1er juin sur les Champs \u00c9lys\u00e9es \u00e0 Paris pour c\u00e9l\u00e9brer <a href=\"https:\/\/www.tf1info.fr\/sport\/qui-a-besoin-de-messi-neymar-et-mbappe-quand-on-a-doue-la-presse-internationale-se-delecte-du-sacre-du-psg-paris-contre-inter-milan-ligue-des-champions-2374260.html\" target=\"_blank\" rel=\"noopener\">leur victoire \u00e9crasante de la veille en Ligue des champions (nouvelle fen\u00eatre)<\/a>, ont pris quelques minutes pour prendre la pose avec les pompiers et les forces de l&rsquo;ordre.\u00a0<\/p>\n<p data-module=\"article-paragraph\" class=\"jsx-362436225 Paragraph\">Arriv\u00e9s autour de 17h30, soit un peu plus d&rsquo;une heure apr\u00e8s avoir atterri en France apr\u00e8s le match disput\u00e9 \u00e0 Munich, en Allemagne, les nouveaux champions d&rsquo;Europe ont <a href=\"https:\/\/www.tf1info.fr\/sport\/en-direct-victoire-du-psg-en-ligue-des-champions-tf1-et-lci-en-edition-speciale-pour-feter-les-parisiens-a-partir-de-16h-2374211.html\" target=\"_blank\" rel=\"noopener\">remont\u00e9 dans deux bus l&rsquo;avenue parisienne (nouvelle fen\u00eatre)<\/a>. Puis lors de leur passage avenue de Friedland, non loin de l\u00e0, ils ont rejoint une rang\u00e9e de services d&rsquo;ordre et de soldats du feu d\u00e9ploy\u00e9s pour s\u00e9curiser les festivit\u00e9s, certains se glissant entre eux, d&rsquo;autres s&rsquo;asseyant \u00e0 leur pied, des images \u00e0 retrouver dans la vid\u00e9o en t\u00eate de cet article.\u00a0<\/p>\n<p data-module=\"article-paragraph\" class=\"jsx-362436225 Paragraph Paragraph__End\">Le capitaine Marquinhos s&rsquo;est rapidement joint \u00e0 ses camarades, brandissant l&rsquo;immense coupe du championnat, sous les acclamations de l&rsquo;\u00e9quipe mais aussi des forces de l&rsquo;ordre, tandis que des sifflets r\u00e9sonnaient aussi.<\/p>\n<ul class=\"jsx-3657663356 ReadMoreArticle__List flex flex-column\">\n<li class=\"jsx-3657663356\"><a href=\"https:\/\/www.tf1info.fr\/sport\/c-est-dommage-c-est-nul-ces-violences-qui-ont-gache-la-fete-apres-le-sacre-europeen-du-psg-2374306.html\" rel=\"noopener\" class=\"jsx-4233824444 Link flex\" target=\"_blank\"><img decoding=\"async\" src=\"https:\/\/www.europesays.com\/fr\/wp-content\/uploads\/2025\/06\/vitrine-detruite-sur-les-champs-elysees-au-lendemain-des-celebrations-d-apres-match-1er-juin-2025-3d.jpeg\" alt=\"Lire aussi\" loading=\"lazy\" importance=\"low\" fetchpriority=\"low\" class=\"\"\/>\n<p class=\"jsx-3657663356 ReadMoreArticle__Title\">Lire aussi<\/p>\n<p class=\"jsx-3657663356\">\u00ab\u00a0C&rsquo;est dommage, c&rsquo;est nul\u00a0\u00bb : ces violences qui ont g\u00e2ch\u00e9 la f\u00eate apr\u00e8s le sacre europ\u00e9en du PSG<\/p>\n<p><\/a><\/li>\n<\/ul>\n<p data-module=\"article-paragraph\" class=\"jsx-362436225 Paragraph\">Apr\u00e8s la victoire du club parisien contre l&rsquo;Inter de Milan, des dizaines de milliers de supporters ont c\u00e9l\u00e9br\u00e9 l&rsquo;\u00e9v\u00e9nement dans les rues, notamment \u00e0 Paris, mais la f\u00eate a par endroits \u00e9t\u00e9 <a href=\"https:\/\/www.tf1info.fr\/justice-faits-divers\/debordements-violences-apres-la-victoire-du-psg-paris-saint-germain-ligue-des-champions-le-prefet-de-police-laurent-nunez-denonce-des-bandes-de-pilleurs-2374283.html\" target=\"_blank\" rel=\"noopener\">perturb\u00e9e par des affrontements (nouvelle fen\u00eatre)<\/a> avec les services de s\u00e9curit\u00e9 et des d\u00e9gradations, en particulier dans la capitale. Plus de 500 interpellations et des destructions mat\u00e9rielles ont \u00e9t\u00e9 signal\u00e9es.\u00a0<\/p>\n<p data-module=\"article-paragraph\" class=\"jsx-362436225 Paragraph Paragraph__End\">Ce dimanche, peu avant la parade parisienne, \u00e0 laquelle environ 100.000 personnes sont venues assister, le PSG a condamn\u00e9 dans un communiqu\u00e9 \u00ab\u00a0les violences survenues en marge des c\u00e9l\u00e9brations\u00a0\u00bb, ajoutant que \u00ab\u00a0ces actes isol\u00e9s sont contraires aux valeurs du club et ne repr\u00e9sentent en rien l&rsquo;immense majorit\u00e9 de nos supporters\u00a0\u00bb.\u00a0\u00a0<\/p>\n<p>M.L.<\/p>\n","protected":false},"excerpt":{"rendered":"Les nouveaux champions d&rsquo;Europe ont d\u00e9fil\u00e9 ce dimanche \u00e0 Paris, savourant leur titre d\u00e9croch\u00e9 la veille devant des&hellip;\n","protected":false},"author":2,"featured_media":145376,"comment_status":"","ping_status":"","sticky":false,"template":"","format":"standard","meta":{"footnotes":""},"categories":[1888],"tags":[1111,1928,11,1927,1921,1777,674,63,5582,1011,27,1922,27087,12,1926,626,1925,4775,93,25,133,4712],"class_list":{"0":"post-145375","1":"post","2":"type-post","3":"status-publish","4":"format-standard","5":"has-post-thumbnail","7":"category-paris","8":"tag-actu","9":"tag-actu-paris","10":"tag-actualites","11":"tag-actualites-paris","12":"tag-article-video","13":"tag-eu","14":"tag-europe","15":"tag-football","16":"tag-forces-de-lordre-armee-pompiers","17":"tag-fr","18":"tag-france","19":"tag-info","20":"tag-le-psg-remporte-sa-premiere-ligue-des-champions","21":"tag-news","22":"tag-news-paris","23":"tag-paris","24":"tag-paris-news","25":"tag-pompier","26":"tag-psg","27":"tag-republique-francaise","28":"tag-video","29":"tag-video-sports"},"share_on_mastodon":{"url":"https:\/\/pubeurope.com\/@fr\/114611383371906318","error":""},"_links":{"self":[{"href":"https:\/\/www.europesays.com\/fr\/wp-json\/wp\/v2\/posts\/145375","targetHints":{"allow":["GET"]}}],"collection":[{"href":"https:\/\/www.europesays.com\/fr\/wp-json\/wp\/v2\/posts"}],"about":[{"href":"https:\/\/www.europesays.com\/fr\/wp-json\/wp\/v2\/types\/post"}],"author":[{"embeddable":true,"href":"https:\/\/www.europesays.com\/fr\/wp-json\/wp\/v2\/users\/2"}],"replies":[{"embeddable":true,"href":"https:\/\/www.europesays.com\/fr\/wp-json\/wp\/v2\/comments?post=145375"}],"version-history":[{"count":0,"href":"https:\/\/www.europesays.com\/fr\/wp-json\/wp\/v2\/posts\/145375\/revisions"}],"wp:featuredmedia":[{"embeddable":true,"href":"https:\/\/www.europesays.com\/fr\/wp-json\/wp\/v2\/media\/145376"}],"wp:attachment":[{"href":"https:\/\/www.europesays.com\/fr\/wp-json\/wp\/v2\/media?parent=145375"}],"wp:term":[{"taxonomy":"category","embeddable":true,"href":"https:\/\/www.europesays.com\/fr\/wp-json\/wp\/v2\/categories?post=145375"},{"taxonomy":"post_tag","embeddable":true,"href":"https:\/\/www.europesays.com\/fr\/wp-json\/wp\/v2\/tags?post=145375"}],"curies":[{"name":"wp","href":"https:\/\/api.w.org\/{rel}","templated":true}]}}