{"id":145379,"date":"2025-06-02T02:22:20","date_gmt":"2025-06-02T02:22:20","guid":{"rendered":"https:\/\/www.europesays.com\/fr\/145379\/"},"modified":"2025-06-02T02:22:20","modified_gmt":"2025-06-02T02:22:20","slug":"football-les-joueurs-du-psg-accueillis-en-heros-a-paris-01-06-2025-a-1840","status":"publish","type":"post","link":"https:\/\/www.europesays.com\/fr\/145379\/","title":{"rendered":"Football-Les joueurs du PSG accueillis en h\u00e9ros \u00e0 Paris &#8211; 01\/06\/2025 \u00e0 18:40"},"content":{"rendered":"<p>        <img fetchpriority=\"high\" decoding=\"async\" src=\"https:\/\/www.europesays.com\/fr\/wp-content\/uploads\/2025\/06\/35b1718f5b66662ff0dba2f6823b4347-760x532.jpg\" alt=\"Champions League - Final - Paris St Germain fans gather in Paris\" loading=\"eager\" width=\"760\" height=\"532\" style=\"max-width: 100%!important; height: auto;\"\/><\/p>\n<p class=\"c-image-news__legend\">Champions League &#8211; Final &#8211; Paris St Germain fans gather in Paris<\/p>\n<p>\n par Vincent Daheron\n<\/p>\n<p>\n PARIS (Reuters) -Les joueurs du Paris Saint-Germain ont \u00e9t\u00e9 accueillis en h\u00e9ros dimanche apr\u00e8s-midi sur les Champs-Elys\u00e9es apr\u00e8s leur sacre en Ligue des champions, au lendemain d&rsquo;une nuit de f\u00eate dans la capitale, \u00e9maill\u00e9e de d\u00e9bordements.\n<\/p>\n<p>\n Le PSG, premier club fran\u00e7ais vainqueur de la C1 apr\u00e8s l&rsquo;Olympique de Marseille en 1993, a remont\u00e9 la populaire avenue parisienne devant des dizaines de milliers de supporters en liesse.\n<\/p>\n<p>\n \u00ab\u00a0C\u2019est incroyable (&#8230;) \u00c7a fait longtemps, tr\u00e8s longtemps qu\u2019on attend. Je n\u2019ai pas les mots, j\u2019ai du mal \u00e0 r\u00e9aliser encore\u00a0\u00bb, a d\u00e9clar\u00e9 \u00e0 Reuters L\u00e9o Rogue, 22 ans.\n<\/p>\n<p>\n \u00ab\u00a0On attendu une heure, une heure et demie [que les joueurs]arrivent. Il fallait \u00eatre l\u00e0. L\u2019ambiance \u00e9tait bon enfant, \u00e7a s\u2019est bien d\u00e9roul\u00e9, c\u2019\u00e9tait une belle f\u00eate\u00a0\u00bb, s&rsquo;est-il r\u00e9jouit.\n<\/p>\n<p>\n La jauge pour la parade sur les Champs-Elys\u00e9es a \u00e9t\u00e9 fix\u00e9e \u00e0 un peu plus de 100.000 personnes par le pr\u00e9fet de police de Paris, Laurent Nunez.\n<\/p>\n<p>\n De nombreux supporters n&rsquo;ont par cons\u00e9quent pas pu acc\u00e9der \u00e0 l&rsquo;avenue pour apercevoir les joueurs, perch\u00e9s sur deux bus \u00e0 imp\u00e9riale d\u00e9cor\u00e9s aux logos de la Ligue de champion.\n<\/p>\n<p>\n \u00ab\u00a0En 1998, pour la Coupe du monde, j\u2019\u00e9tais entr\u00e9 (sur les Champs-Elys\u00e9es), il y avait moins de monde, a d\u00e9plor\u00e9 Jamel, 55 ans. S&rsquo;il s&rsquo;est dit d\u00e9\u00e7u de ne pas avoir pu acc\u00e9der \u00e0 la parade, il se r\u00e9jouit de continuer la f\u00eate d\u00e9but\u00e9e la veille.\n<\/p>\n<p>\n F\u00e9lix Schaal, 28 ans, ne regrette pas d&rsquo;avoir fait le d\u00e9placement. \u00ab\u00a0J\u2019ai cru voir sur les r\u00e9seaux sociaux que la jauge est d\u00e9j\u00e0 pleine et que ce sera pas possible. Mais on est quand m\u00eame contents d\u2019\u00eatre venus, c\u2019est pas tr\u00e8s grave.\u00a0\u00bb\n<\/p>\n<p>\n Apr\u00e8s le d\u00e9fil\u00e9 sur les Champs-Elys\u00e9es, les joueurs du PSG vont \u00eatre re\u00e7us par le pr\u00e9sident Emmanuel Macron avant une nouvelle communion pr\u00e9vue dans la soir\u00e9e avec leurs supporters dans l&rsquo;enceinte du Parc des Princes.\n<\/p>\n<p>\n \u00ab\u00a0NE PAS STIGMATISER LES SUPPORTERS\u00a0\u00bb\n<\/p>\n<p>\n Samedi soir \u00e0 Paris, o\u00f9 des milliers de supporters ont c\u00e9l\u00e9br\u00e9 la premi\u00e8re Ligue des champions remport\u00e9e haut la main 5-0 contre l&rsquo;Inter Milan par le club de la capitale, les points de tension se sont concentr\u00e9s sur les Champs-Elys\u00e9es et autour du Parc des Princes, o\u00f9 48.000 personnes assistaient au match retransmis sur des \u00e9crans g\u00e9ants, a d\u00e9clar\u00e9 plus t\u00f4t \u00e0 la presse Laurent Nunez.\n<\/p>\n<p>\n Le pr\u00e9fet de police de Paris, qui a fait \u00e9tat du pillage de quatre commerces sur les Champs-Elys\u00e9es ou alentour, s&rsquo;est toutefois f\u00e9licit\u00e9 d&rsquo;un \u00ab\u00a0bilan moins \u00e9lev\u00e9 que ce qu&rsquo;on a pu conna\u00eetre par le pass\u00e9\u00a0\u00bb.\n<\/p>\n<p>\n \u00ab\u00a0Il ne s&rsquo;agit pas de minimiser les incidents qui ont eu lieu, ils sont tr\u00e8s graves mais attention \u00e0 ne pas stigmatiser les supporters du PSG. Ce \u00e0 quoi nous avons eu affaire hier, c&rsquo;est le public habituel que l&rsquo;on rencontre \u00e0 chaque c\u00e9l\u00e9bration, c&rsquo;est toujours pareil\u00a0\u00bb, a-t-il dit.\n<\/p>\n<p>\n Sur le r\u00e9seau social X, le PSG a condamn\u00e9 \u00ab\u00a0avec la plus grande fermet\u00e9 les violences survenues en marge des c\u00e9l\u00e9brations\u00a0\u00bb.\n<\/p>\n<p>\n \u00ab\u00a0Le Paris Saint-Germain appelle chacun \u00e0 faire preuve de responsabilit\u00e9 et de respect pour que cette victoire historique reste un moment de fiert\u00e9 partag\u00e9 par toutes et tous\u00a0\u00bb, a ajout\u00e9 le club.\n<\/p>\n<p>\n D&rsquo;apr\u00e8s le dernier bilan communiqu\u00e9 par le ministre de l&rsquo;Int\u00e9rieur, Bruno Retailleau, lors d&rsquo;une conf\u00e9rence de presse, les forces de l&rsquo;ordre, qui d\u00e9nombrent 22 bless\u00e9s dans leurs rangs dont 18 \u00e0 Paris, ont proc\u00e9d\u00e9 \u00e0 563 interpellations. Il a fait \u00e9tat de 307 personnes plac\u00e9es en garde \u00e0 vue.\n<\/p>\n<p>\n Le minist\u00e8re de l&rsquo;Int\u00e9rieur a \u00e9galement fait \u00e9tat de deux d\u00e9c\u00e8s en marge des c\u00e9l\u00e9brations dont les enqu\u00eates judiciaires en cours d\u00e9termineront s&rsquo;ils \u00e9taient bien li\u00e9s aux \u00e9v\u00e9nements.\n<\/p>\n<p>\n Selon le parquet local cit\u00e9 par BFM TV, l&rsquo;un de ces d\u00e9c\u00e8s, un jeune homme mortellement poignard\u00e9 \u00e0 Dax dans les Landes, est toutefois le r\u00e9sultat d&rsquo;une action individuelle sans lien avec le match.\n<\/p>\n<p>\n Un jeune homme d&rsquo;une vingtaine d&rsquo;ann\u00e9es est \u00e9galement mort \u00e0 Paris apr\u00e8s avoir \u00e9t\u00e9 percut\u00e9 par un v\u00e9hicule. \u00ab\u00a0On peut penser \u00e0 ce stade que le d\u00e9c\u00e8s est li\u00e9 aux festivit\u00e9s\u00a0\u00bb, a d\u00e9clar\u00e9 Laurent Nunez.\n<\/p>\n<p>\n Sept sapeurs-pompiers ont \u00e9galement \u00e9t\u00e9 bless\u00e9s et 692 incendies, dont 264 incendies de v\u00e9hicules, ont \u00e9t\u00e9 recens\u00e9s au total, a indiqu\u00e9 le minist\u00e8re de l&rsquo;Int\u00e9rieur.\n<\/p>\n<p>\n A Grenoble, trois ou quatre personnes d&rsquo;une m\u00eame famille ont \u00e9t\u00e9 bless\u00e9es par un v\u00e9hicule dont le conducteur aurait perdu le contr\u00f4le selon la pr\u00e9fecture.\n<\/p>\n<p>\n (Reportage Vincent Daheron, r\u00e9dig\u00e9 par Jean-St\u00e9phane Brosse et Kate Entringer, avec Juliette Jabkhiro)<\/p>\n","protected":false},"excerpt":{"rendered":"Champions League &#8211; Final &#8211; Paris St Germain fans gather in Paris par Vincent Daheron PARIS (Reuters) -Les&hellip;\n","protected":false},"author":2,"featured_media":145380,"comment_status":"","ping_status":"","sticky":false,"template":"","format":"standard","meta":{"footnotes":""},"categories":[1888],"tags":[400,11,398,408,405,1777,674,1011,27,403,402,399,404,12,626,25,401,406,407],"class_list":{"0":"post-145379","1":"post","2":"type-post","3":"status-publish","4":"format-standard","5":"has-post-thumbnail","7":"category-paris","8":"tag-action-cac-40","9":"tag-actualites","10":"tag-bourse-de-paris","11":"tag-boursorama","12":"tag-cotations","13":"tag-eu","14":"tag-europe","15":"tag-fr","16":"tag-france","17":"tag-indices-devises","18":"tag-investir","19":"tag-investissement","20":"tag-marche-boursier","21":"tag-news","22":"tag-paris","23":"tag-republique-francaise","24":"tag-sicav","25":"tag-trackers","26":"tag-warrants"},"share_on_mastodon":{"url":"https:\/\/pubeurope.com\/@fr\/114611391280446484","error":""},"_links":{"self":[{"href":"https:\/\/www.europesays.com\/fr\/wp-json\/wp\/v2\/posts\/145379","targetHints":{"allow":["GET"]}}],"collection":[{"href":"https:\/\/www.europesays.com\/fr\/wp-json\/wp\/v2\/posts"}],"about":[{"href":"https:\/\/www.europesays.com\/fr\/wp-json\/wp\/v2\/types\/post"}],"author":[{"embeddable":true,"href":"https:\/\/www.europesays.com\/fr\/wp-json\/wp\/v2\/users\/2"}],"replies":[{"embeddable":true,"href":"https:\/\/www.europesays.com\/fr\/wp-json\/wp\/v2\/comments?post=145379"}],"version-history":[{"count":0,"href":"https:\/\/www.europesays.com\/fr\/wp-json\/wp\/v2\/posts\/145379\/revisions"}],"wp:featuredmedia":[{"embeddable":true,"href":"https:\/\/www.europesays.com\/fr\/wp-json\/wp\/v2\/media\/145380"}],"wp:attachment":[{"href":"https:\/\/www.europesays.com\/fr\/wp-json\/wp\/v2\/media?parent=145379"}],"wp:term":[{"taxonomy":"category","embeddable":true,"href":"https:\/\/www.europesays.com\/fr\/wp-json\/wp\/v2\/categories?post=145379"},{"taxonomy":"post_tag","embeddable":true,"href":"https:\/\/www.europesays.com\/fr\/wp-json\/wp\/v2\/tags?post=145379"}],"curies":[{"name":"wp","href":"https:\/\/api.w.org\/{rel}","templated":true}]}}