{"id":145392,"date":"2025-06-02T02:29:13","date_gmt":"2025-06-02T02:29:13","guid":{"rendered":"https:\/\/www.europesays.com\/fr\/145392\/"},"modified":"2025-06-02T02:29:13","modified_gmt":"2025-06-02T02:29:13","slug":"algerie-france-benzema-a-eu-une-influence-sur-le-choix-de","status":"publish","type":"post","link":"https:\/\/www.europesays.com\/fr\/145392\/","title":{"rendered":"Alg\u00e9rie, France &#8211; \u00a0\u00bb Benzema a eu une influence sur le choix de &#8230;\u00a0\u00bb"},"content":{"rendered":"<p><strong><a href=\"https:\/\/news.google.com\/publications\/CAAiEBGmL1gPzGuco3CieMEuvOIqFAgKIhARpi9YD8xrnKNwonjBLrzi?hl=fr&amp;gl=FR&amp;ceid=FR%3Afr\" target=\"_blank\" rel=\"noopener\"><br \/>\nAlg\u00e9rie Foot<\/a> \u2013 Karim Benzema, star franco-alg\u00e9rienne, a jou\u00e9 un<br \/>\nr\u00f4le cl\u00e9 dans le projet d\u2019Al-Ittihad impliquant la France et<br \/>\nl\u2019Alg\u00e9rie.<\/strong><\/p>\n<p data-start=\"0\" data-end=\"440\">Laurent Blanc, l\u2019ex s\u00e9lectionneur<br \/>\nde l\u2019\u00e9quipe de France et actuel entra\u00eeneur d\u2019Al-Ittihad, a<br \/>\nr\u00e9cemment d\u00e9voil\u00e9 le r\u00f4le d\u00e9terminant qu\u2019a jou\u00e9 Karim Benzema dans<br \/>\nsa d\u00e9cision de rejoindre le club saoudien, ainsi que celle de<br \/>\nHoussem Aouar, milieu de terrain de l\u2019\u00e9quipe d\u2019Alg\u00e9rie. Lors d\u2019une<br \/>\ninterview accord\u00e9e aux m\u00e9dias, le technicien fran\u00e7ais a soulign\u00e9<br \/>\nque la pr\u00e9sence de Benzema a \u00e9t\u00e9 un facteur cl\u00e9 dans son<br \/>\nrecrutement, renfor\u00e7ant ainsi l\u2019attractivit\u00e9 du projet sportif \u00e0 Al<br \/>\nIttihad.<\/p>\n<p data-start=\"442\" data-end=\"1034\">Blanc a expliqu\u00e9 : \u00ab Karim<br \/>\nBenzema a eu une influence majeure dans ma venue ici, ainsi que<br \/>\ncelle de Houssem Aouar. \u00bb Cette d\u00e9claration met en lumi\u00e8re l\u2019impact<br \/>\ndu capitaine du club, qui, par son prestige et son charisme, a su<br \/>\nconvaincre le staff technique et la direction de la pertinence de<br \/>\nl\u2019initiative. Blanc a ajout\u00e9 que d\u00e8s leurs premiers \u00e9changes,<br \/>\nBenzema avait per\u00e7u son int\u00e9r\u00eat pour un d\u00e9fi en Arabie Saoudite et<br \/>\na \u0153uvr\u00e9 pour faciliter les contacts avec les d\u00e9cideurs du club. \u00ab<br \/>\nJe pense qu\u2019il a fait tout ce qu\u2019il fallait pour que les bonnes<br \/>\npersonnes me contactent \u00bb, a-t-il affirm\u00e9.<\/p>\n<p data-start=\"1036\" data-end=\"1517\">Cette collaboration entre<br \/>\nBlanc, Benzema et Aouar illustre la mont\u00e9e en puissance du football<br \/>\nsaoudien, qui attire d\u00e9sormais des talents internationaux majeurs.<br \/>\nPour Laurent Blanc, ancien s\u00e9lectionneur de la France et entra\u00eeneur<br \/>\nconfirm\u00e9, ce projet constitue une nouvelle \u00e9tape dans sa carri\u00e8re,<br \/>\navec l\u2019ambition de porter Al-Ittihad vers des sommets. La pr\u00e9sence<br \/>\nde joueurs comme Benzema et Aouar, tous deux figures de l\u2019\u00e9quipe<br \/>\nd\u2019Alg\u00e9rie, conf\u00e8re au club une dynamique prometteuse.<\/p>\n<p data-start=\"1519\" data-end=\"1875\">Par ailleurs, Houssem Aouar<br \/>\nb\u00e9n\u00e9ficie d\u2019un environnement propice \u00e0 son \u00e9panouissement sous la<br \/>\ndirection d\u2019un entra\u00eeneur exp\u00e9riment\u00e9, soutenu par une star<br \/>\nmondiale comme Benzema. Ce contexte peut lui permettre d\u2019exprimer<br \/>\npleinement son talent et d\u2019enrichir son exp\u00e9rience, ce qui aura<br \/>\n\u00e9galement un impact positif sur ses performances en s\u00e9lection<br \/>\nnationale.<\/p>\n<p data-start=\"1877\" data-end=\"2227\" data-is-last-node=\"\" data-is-only-node=\"\">En somme, le r\u00f4le de Karim Benzema ne se<br \/>\nlimite pas \u00e0 celui de joueur embl\u00e9matique, mais s\u2019\u00e9tend \u00e0 celui<br \/>\nd\u2019un catalyseur d\u2019opportunit\u00e9s. Sa capacit\u00e9 \u00e0 influencer les<br \/>\nd\u00e9cisions importantes montre combien son apport va bien au-del\u00e0 du<br \/>\nterrain, renfor\u00e7ant ainsi la coh\u00e9sion et les ambitions<br \/>\nd\u2019Al-Ittihad, tout en valorisant le parcours de Houssem Aouar.<\/p>\n<p><strong>Lire \u00e9galement :\u00a0<\/strong><\/p>\n<p><strong><a href=\"https:\/\/fennecfootball.com\/la-tunisie-vole-au-secours-dun-joueur-de-lequipe-dalgerie\/\" target=\"_blank\" rel=\"noopener\"><br \/>\nLa Tunisie vole au secours d\u2019un joueur de l\u2019\u00e9quipe<br \/>\nd\u2019Alg\u00e9rie<\/a><\/strong><\/p>\n<p><\/p>\n","protected":false},"excerpt":{"rendered":"Alg\u00e9rie Foot \u2013 Karim Benzema, star franco-alg\u00e9rienne, a jou\u00e9 un r\u00f4le cl\u00e9 dans le projet d\u2019Al-Ittihad impliquant la&hellip;\n","protected":false},"author":2,"featured_media":145393,"comment_status":"","ping_status":"","sticky":false,"template":"","format":"standard","meta":{"footnotes":""},"categories":[1586],"tags":[11,27433,27434,1777,674,1779,1011,27,24748,12,25,1778,364],"class_list":{"0":"post-145392","1":"post","2":"type-post","3":"status-publish","4":"format-standard","5":"has-post-thumbnail","7":"category-europe","8":"tag-actualites","9":"tag-al-ittihad-blanc-benzema-aouar-algu00e9rie-france","10":"tag-al-ittihad","11":"tag-eu","12":"tag-europe","13":"tag-european-union","14":"tag-fr","15":"tag-france","16":"tag-karim-benzema","17":"tag-news","18":"tag-republique-francaise","19":"tag-ue","20":"tag-union-europeenne"},"share_on_mastodon":{"url":"https:\/\/pubeurope.com\/@fr\/114611418824770138","error":""},"_links":{"self":[{"href":"https:\/\/www.europesays.com\/fr\/wp-json\/wp\/v2\/posts\/145392","targetHints":{"allow":["GET"]}}],"collection":[{"href":"https:\/\/www.europesays.com\/fr\/wp-json\/wp\/v2\/posts"}],"about":[{"href":"https:\/\/www.europesays.com\/fr\/wp-json\/wp\/v2\/types\/post"}],"author":[{"embeddable":true,"href":"https:\/\/www.europesays.com\/fr\/wp-json\/wp\/v2\/users\/2"}],"replies":[{"embeddable":true,"href":"https:\/\/www.europesays.com\/fr\/wp-json\/wp\/v2\/comments?post=145392"}],"version-history":[{"count":0,"href":"https:\/\/www.europesays.com\/fr\/wp-json\/wp\/v2\/posts\/145392\/revisions"}],"wp:featuredmedia":[{"embeddable":true,"href":"https:\/\/www.europesays.com\/fr\/wp-json\/wp\/v2\/media\/145393"}],"wp:attachment":[{"href":"https:\/\/www.europesays.com\/fr\/wp-json\/wp\/v2\/media?parent=145392"}],"wp:term":[{"taxonomy":"category","embeddable":true,"href":"https:\/\/www.europesays.com\/fr\/wp-json\/wp\/v2\/categories?post=145392"},{"taxonomy":"post_tag","embeddable":true,"href":"https:\/\/www.europesays.com\/fr\/wp-json\/wp\/v2\/tags?post=145392"}],"curies":[{"name":"wp","href":"https:\/\/api.w.org\/{rel}","templated":true}]}}