{"id":145410,"date":"2025-06-02T02:43:09","date_gmt":"2025-06-02T02:43:09","guid":{"rendered":"https:\/\/www.europesays.com\/fr\/145410\/"},"modified":"2025-06-02T02:43:09","modified_gmt":"2025-06-02T02:43:09","slug":"elsa-esnoult-enceinte-elle-devoile-son-baby-bump-dans-une-nuisette-en-dentelle-blanche","status":"publish","type":"post","link":"https:\/\/www.europesays.com\/fr\/145410\/","title":{"rendered":"Elsa Esnoult enceinte : elle d\u00e9voile son baby bump dans une nuisette en dentelle blanche"},"content":{"rendered":"<p class=\"p1\">C\u2019est une nouvelle \u00e9tape pour <strong>Elsa<br \/>\nEsnoult<\/strong>. \u00c0 36 ans, l\u2019actrice vue dans Les Myst\u00e8res de<br \/>\nl\u2019Amour s\u2019appr\u00eate \u00e0 <strong>devenir maman<\/strong> pour la<br \/>\npremi\u00e8re fois. En effet, le 25 mai dernier, elle a <a href=\"https:\/\/www.closermag.fr\/people\/elsa-esnoult-enceinte-de-son-premier-enfant-en-culotte-et-maxi-decollete-elle-devoile-son-baby-bump-aux-cotes-du-papa-3548520\" rel=\"nofollow noopener\" target=\"_blank\"><br \/>\nannonc\u00e9 sa grossesse<\/a> avec une photo montrant son ventre d\u00e9j\u00e0<br \/>\nbien rond.<\/p>\n<p class=\"p1\">En l\u00e9gende du clich\u00e9, o\u00f9 son compagnon Alexis<br \/>\nappara\u00eet \u00e9galement, Elsa Esnoult a r\u00e9v\u00e9l\u00e9 : \u201cIl y a des secrets<br \/>\nsi beaux qu\u2019on veut les garder pendant un moment rien que pour<br \/>\nnous\u2026 Aujourd\u2019hui, c\u2019est avec une si grande \u00e9motion et des r\u00eaves<br \/>\npleins le c\u0153ur que nous vous partageons le n\u00f4tre\u201d. Un<br \/>\n<strong>b\u00e9b\u00e9<\/strong> ensuite qualifi\u00e9 de \u201cpetit miracle\u201d<br \/>\npar la chanteuse.<\/p>\n<p>Elsa Esnoult montre son baby bump sur un sublime<br \/>\nclich\u00e9<\/p>\n<p class=\"p1\">Une semaine apr\u00e8s l\u2019annonce de sa grossesse, <a href=\"https:\/\/www.closermag.fr\/people\/elsa-esnoult-l-actrice-se-confie-sur-ses-envies-de-maternite-1217917#item=1\" rel=\"nofollow noopener\" target=\"_blank\"><br \/>\nElsa Esnoult<\/a> est apparue sur un nouveau clich\u00e9. Publi\u00e9e depuis<br \/>\n<a href=\"https:\/\/www.instagram.com\/p\/DKT4dWSo6tA\/?hl=fr\" target=\"_blank\" rel=\"nofollow noopener\">le compte Instagram d\u2019Alexis<\/a>,<br \/>\nla photo montre le couple, front contre front, en train de<br \/>\ncontempler <strong>le baby bump de l\u2019actrice<\/strong>. Alors que le<br \/>\ncoach sportif est torse nu, sa compagne est v\u00eatue d\u2019une<br \/>\n<strong>nuisette en dentelle blanche<\/strong>.<\/p>\n<p class=\"p1\">Le futur papa a ensuite partag\u00e9 <strong>ses premi\u00e8res<br \/>\nimpressions<\/strong>. \u201cIl y a des instants dans une vie qui<br \/>\nfigent le temps. Et \u00e0 mes yeux, cette photo en fait partie. On ne<br \/>\nr\u00e9alise pas toujours ce qu\u2019on traverse sur le moment. Mais<br \/>\naujourd\u2019hui, en regardant cette image, je ressens tout\u201d,<br \/>\na-t-il \u00e9crit. Il a ensuite poursuivi en remerciant \u201cla<br \/>\nvie\u201d mais aussi \u201cce petit \u00eatre\u201d qui les comble d\u00e9j\u00e0<br \/>\nde bonheur.<\/p>\n<p>L\u2019actrice a r\u00e9cemment officialis\u00e9 sa<br \/>\nrelation avec Alexis<\/p>\n<p class=\"p1\">Depuis le d\u00e9but de sa carri\u00e8re, Elsa Esnoult a<br \/>\ntoujours mis un point d\u2019honneur \u00e0 <strong>pr\u00e9server sa vie<br \/>\npriv\u00e9e<\/strong>. Ces derniers mois, <a href=\"https:\/\/www.telestar.fr\/serie_tv\/les-mysteres-de-lamour-un-nouvel-acteur-au-casting-il-va-faire-decouvrir-beaucoup-de-choses-a-fanny-1684900\" target=\"_blank\" rel=\"noopener nofollow\">l\u2019interpr\u00e8te de Fanny Greyson<\/a> a<br \/>\ncependant fait quelques exceptions. Avant de d\u00e9voiler sa grossesse,<br \/>\nelle a ainsi <strong>officialis\u00e9 sa relation<\/strong> avec<br \/>\nAlexis.<\/p>\n<p class=\"p1\">Au d\u00e9but du mois d\u2019avril, Elsa Esnoult a<br \/>\n<strong>d\u00e9voil\u00e9 une photo<\/strong> avec son compagnon. \u201cParce<br \/>\nque c\u2019est toi\u2026 Parce que j\u2019ai toujours dit que j\u2019attendais de<br \/>\ntrouver celui avec lequel je construirais ma vie pour vous le<br \/>\npr\u00e9senter. Alors voil\u00e0, je l\u2019ai enfin trouv\u00e9 : je vous pr\u00e9sente<br \/>\nAlexis\u201d, avait-elle \u00e9crit. Une officialisation suivie<br \/>\nseulement un mois plus tard de l\u00a0\u00bbannonce de sa grossesse.<\/p>\n<p><script async src=\"\/\/www.instagram.com\/embed.js\"><\/script><\/p>\n","protected":false},"excerpt":{"rendered":"C\u2019est une nouvelle \u00e9tape pour Elsa Esnoult. \u00c0 36 ans, l\u2019actrice vue dans Les Myst\u00e8res de l\u2019Amour s\u2019appr\u00eate&hellip;\n","protected":false},"author":2,"featured_media":145411,"comment_status":"","ping_status":"","sticky":false,"template":"","format":"standard","meta":{"footnotes":""},"categories":[1359],"tags":[548,58,7158,59,1011,27,973],"class_list":{"0":"post-145410","1":"post","2":"type-post","3":"status-publish","4":"format-standard","5":"has-post-thumbnail","7":"category-people","8":"tag-article-simple","9":"tag-divertissement","10":"tag-elsa-esnoult","11":"tag-entertainment","12":"tag-fr","13":"tag-france","14":"tag-people"},"share_on_mastodon":{"url":"https:\/\/pubeurope.com\/@fr\/114611473815720876","error":""},"_links":{"self":[{"href":"https:\/\/www.europesays.com\/fr\/wp-json\/wp\/v2\/posts\/145410","targetHints":{"allow":["GET"]}}],"collection":[{"href":"https:\/\/www.europesays.com\/fr\/wp-json\/wp\/v2\/posts"}],"about":[{"href":"https:\/\/www.europesays.com\/fr\/wp-json\/wp\/v2\/types\/post"}],"author":[{"embeddable":true,"href":"https:\/\/www.europesays.com\/fr\/wp-json\/wp\/v2\/users\/2"}],"replies":[{"embeddable":true,"href":"https:\/\/www.europesays.com\/fr\/wp-json\/wp\/v2\/comments?post=145410"}],"version-history":[{"count":0,"href":"https:\/\/www.europesays.com\/fr\/wp-json\/wp\/v2\/posts\/145410\/revisions"}],"wp:featuredmedia":[{"embeddable":true,"href":"https:\/\/www.europesays.com\/fr\/wp-json\/wp\/v2\/media\/145411"}],"wp:attachment":[{"href":"https:\/\/www.europesays.com\/fr\/wp-json\/wp\/v2\/media?parent=145410"}],"wp:term":[{"taxonomy":"category","embeddable":true,"href":"https:\/\/www.europesays.com\/fr\/wp-json\/wp\/v2\/categories?post=145410"},{"taxonomy":"post_tag","embeddable":true,"href":"https:\/\/www.europesays.com\/fr\/wp-json\/wp\/v2\/tags?post=145410"}],"curies":[{"name":"wp","href":"https:\/\/api.w.org\/{rel}","templated":true}]}}